{"id":7080,"date":"2024-05-09T16:14:03","date_gmt":"2024-05-09T19:14:03","guid":{"rendered":"https:\/\/digitalsantotome.com.ar\/?p=7080"},"modified":"2024-05-10T20:47:07","modified_gmt":"2024-05-10T23:47:07","slug":"advierten-que-con-la-reforma-de-la-carta-organica-municipal-el-ejecutivo-municipal-busca-otorgarse-amplias-facultades","status":"publish","type":"post","link":"https:\/\/digitalsantotome.com.ar\/?p=7080","title":{"rendered":"Advierten que con la reforma de la Carta Org\u00e1nica Municipal, el Ejecutivo Municipal busca otorgarse amplias facultades"},"content":{"rendered":"<p>SANTO TOME. La convencional constituyente Dra. Mar\u00eda Ordenav\u00eda del sector justicialista Uni\u00f3n por la Patria, dio a conocer algunos pormenores del tratamiento que se le viene dando a la reforma de la Carta Org\u00e1nica Municipal, y expuso detalles que \u201cda mucho hablar\u201d en relaci\u00f3n al sueldo del intendente que qued\u00f3 establecido en 12 sueldos de un agente municipal de la m\u00e1xima categor\u00eda (m\u00e1s de 2 millones y medios de pesos aproximadamente) con m\u00e1s los emolumentos, plus, y el 100 por ciento de gastos de representaci\u00f3n, y de los concejales que, al ser el 80% del sueldo del intendente seguir\u00e1n ganando lo mismo que cobran actualmente (unos dos millones de pesos) a la vez que cuestion\u00f3 duramente la quita de facultades al Concejo Deliberante. De esta manera, Ordenav\u00eda dejaba entrever que con esta reforma, el Ejecutivo busca otorgarse amplias facultades y advirti\u00f3 sobre la importancia de respetar la divisi\u00f3n de poderes en un sistema democr\u00e1tico.<\/p>\n<p>SUELDO DEL INTENDENTE Y DIETAS DE LOS CONCEJALES<\/p>\n<p>En relaci\u00f3n al tema en cuesti\u00f3n, la ex concejal, ahora convencional constituyente de Uni\u00f3n por la Patria inform\u00f3 que \u201cel bloque del partido justicialista elabor\u00f3 un dictamen en disidencia en relaci\u00f3n a los \u00faltimos temas tratados, o sea, no apoyamos el dictamen en general que hizo el oficialismo; pero antes, quiero aclarar que estamos trabajando sobre un proyecto de Carta Org\u00e1nica llevado por el intendente Jos\u00e9 Augusto Suaid y sobre ese proyecto se van haciendo las distintas modificaciones como un organigrama de trabajo, es decir, sobre ese \u201cborrador\u201d se van haciendo las modificaciones. Nuestro dictamen generalmente no est\u00e1 de acuerdo con un mont\u00f3n de lineamientos del proyecto oficialista, fundamentalmente remuneraciones, la remuneraci\u00f3n del intendente, la quita de facultades al Concejo Deliberante en la administraci\u00f3n de recursos, entendemos, por ejemplo, que para la creaci\u00f3n de tributos se necesita una mayor\u00eda agravada, un tratamiento especial, lo mismo para autorizar el endeudamiento del municipio, entre otros tantos puntos donde tenemos posiciones encontradas\u201d, ventil\u00f3 la ex concejal.<\/p>\n<p>LO QUE SE APROB\u00d3<\/p>\n<p>Dicho esto, sostuvo, por ejemplo, que el sueldo del intendente se querr\u00eda establecer de una forma un tanto arbitraria.<\/p>\n<p>En ese sentido manifest\u00f3 que \u201cel sueldo del intendente en el proyecto original ten\u00eda como indicador o referencia el importe de tres sueldos de un director de escuela con m\u00e1s todos los emolumentos, todos los plus, y adem\u00e1s, 100 por ciento de gastos de representaci\u00f3n. Lo que finalmente aprob\u00f3 el oficialismo qued\u00f3 establecido en 12 sueldos de un agente municipal de la m\u00e1xima categor\u00eda con todos los emolumentos y plus m\u00e1s el 100 por ciento de gastos de representaci\u00f3n; eso es lo que qued\u00f3 definido a pesar de que desde el justicialismo nos opusimos. Nuestro proyecto propon\u00eda que el sueldo del intendente no supere el total de cinco sueldos de un agente municipal sin gastos de representaci\u00f3n\u201d asever\u00f3.<\/p>\n<p>Cabe destacar que, realizando una estimaci\u00f3n de lo que va a ganar el intendente por mes de acuerdo a lo que gana un agente municipal, va a superar los dos millones y medio de pesos, m\u00e1s emolumentos, los plus, y el 100 por ciento de los gastos de representaci\u00f3n.<\/p>\n<p>OPOSICION AL PROYECTO APROBADO<\/p>\n<p>La Dra. Mar\u00eda Ordenav\u00eda dej\u00f3 entrever que el justicialismo se opuso f\u00e9rreamente a esta medida, que inclusive presentaron un dictamen en disidencia donde advert\u00edan de la gravedad de lo que se estaba haciendo, pero el oficialismo impuso su mayor\u00eda de igual manera al momento de la votaci\u00f3n.<\/p>\n<p>En tal sentido opin\u00f3: \u201cNosotros entendemos que el contexto social no esta dado para que se fije semejante remuneraci\u00f3n para un funcionario; nosotros tenemos conciencia del trabajo y la dedicaci\u00f3n que implica ser intendente municipal pero el contexto social en este momento es adverso, hay mucha pobreza, hay familias que hoy mismo no tienen para poner un plato de comida en su mesa, no podemos de ninguna manera aprobar que un intendente cobre una cifra millonaria. Yo creo que el oficialismo debi\u00f3 tener en cuenta esa pulsaci\u00f3n social, ser m\u00e1s emp\u00e1tico con la sociedad, manejar con mejor criterio el tema\u201d, subray\u00f3.<\/p>\n<p>DIETAS DE CONCEJALES, \u00bfMAS DE LO MISMO?<\/p>\n<p>En relaci\u00f3n al tambi\u00e9n pol\u00e9mico tema de las dietas de los concejales, Ordenavia mencion\u00f3: \u201cLa oposici\u00f3n (el justicialismo) pretend\u00eda delegar esa funci\u00f3n a los concejales porque entendemos que el buen funcionario debe tener el pulso suficiente para medir el contexto social y en base a eso estipular su remuneraci\u00f3n, pero el oficialismo dispuso que quede fijo en un 80 por ciento del sueldo del intendente, y que el sueldo del vice intendente sea del 90 por ciento del sueldo del intendente\u201d, detall\u00f3.<\/p>\n<p>Consultada acerca de cuanto percibe actualmente los ediles, la Dra. Ordenav\u00eda sostuvo\u00a0 que <strong>\u201cno tengo conocimiento real de lo que est\u00e1n cobrando los concejales ni de lo que est\u00e1n percibiendo hoy de gastos de representaci\u00f3n\u201d,<\/strong> indic\u00f3.<\/p>\n<p><strong>ATRIBUCIONES<\/strong><\/p>\n<p>En esa misma l\u00ednea a\u00f1adi\u00f3: \u201cAdem\u00e1s, la Carta Org\u00e1nica vigente hasta el d\u00eda de la fecha considera que los recursos, las licitaciones p\u00fablicas tienen, de alguna manera, que sean aprobadas o anuladas por el Concejo Deliberante, pero el oficialismo con el proyecto de Carta Org\u00e1nica actual considera que no, que solo el Ejecutivo debe intervenir. En nuestro proyecto en disidencia consideramos que todas estas cuestiones deber\u00edan ser aprobadas por el Concejo Deliberante con un dictamen jur\u00eddico vinculante. Tambi\u00e9n entendemos que debe existir una comisi\u00f3n paritaria para tratar el sueldo de los empleados municipales, y ya aprovechando este contexto que tiene como par\u00e1metro el intendente de los sueldos de los empleados municipales entendimos que deber\u00eda ser simult\u00e1neo con esa mesa paritaria integrada por los gremios, el deliberante, y el ejecutivo; una mesa de di\u00e1logo para concertar el sueldo del intendente y vice\u201d, explic\u00f3.<\/p>\n<p>TRIBUNAL DE CUENTAS Y DEFENSOR DEL PUEBLO<\/p>\n<p>En cuanto al Tribunal de Cuentas y el Defensor del Pueblo, dijo: \u201cSon temas que entrar\u00edan en los nuevos art\u00edculos, lo estamos considerando, desde el justicialismo ya tenemos una posici\u00f3n tomada y es que el Defensor del Pueblo debe ser electo por la voluntad popular y que represente a las minor\u00edas. De la misma manera, entendemos que debe ser una persona calificada e id\u00f3nea, con un t\u00edtulo habilitante como puede ser abogac\u00eda, y dicha iniciativa tiene que ser con aprobaci\u00f3n del Concejo Deliberante por dos tercios y previo concurso\u201d.<\/p>\n<p>\u201cEl Defensor del Pueblo cumple una funci\u00f3n trascendente en la sociedad, es el contrapeso, la voz del pueblo ante los reclamos, y sabemos que si pertenece al mismo sector pol\u00edtico del gobierno indudablemente no va a cumplir la funci\u00f3n aludida; la divisi\u00f3n de poderes para nosotros es fundamental y el poder del pueblo a trav\u00e9s de estos organismos e instituciones es una necesidad\u201d, enfatiz\u00f3.<\/p>\n<p>\u201cEl Tribunal de cuenta, de la misma manera, si bien se lo plantea como un organismo externo, aut\u00f3nomo, luego dice que el intendente designa y remueve al contador que preside el Tribunal de Cuentas; es unipersonal tambi\u00e9n lo que nosotros creemos que es imposible, porque de esta manera pierde la naturaleza la entidad porque debe ser un organismo externo que tiene que controlar c\u00f3mo se gasta los recursos del municipio, con capacidad para hacer auditor\u00eda, para pronunciarse en relaci\u00f3n al manejo de los fondos del erario p\u00fablico, por lo que de ninguna manera puede ser removido por el intendente porque de ser as\u00ed estar\u00eda condicionado, es decir, ser\u00eda una figura en vano\u201d, advirti\u00f3.<\/p>\n<p>De esta manera, Ordenav\u00eda dejaba entrever que con esta reforma, el Ejecutivo busca otorgarse amplias facultades muy similares a las que busca tener el presidente Milei, sobre todo porque se le esta quintando muchas facultades al Concejo Deliberante.<\/p>\n<p>\u201cEs una pena, porque la divisi\u00f3n de poderes en un sistema democr\u00e1tico debe necesariamente existir, sobre todo en lo que tiene que ver con licitaciones p\u00fablicas, creaci\u00f3n de nuevos tributos, en fin, para que haya transparencia en el manejo de los fondos p\u00fablicos\u201d, remarc\u00f3.<\/p>\n","protected":false},"excerpt":{"rendered":"<p>SANTO TOME. La convencional constituyente Dra. Mar\u00eda Ordenav\u00eda del sector justicialista Uni\u00f3n por la Patria, dio a conocer algunos pormenores del tratamiento que se le viene dando a la reforma de la Carta Org\u00e1nica Municipal, y expuso detalles que \u201cda mucho hablar\u201d en relaci\u00f3n al sueldo del intendente que qued\u00f3 establecido en 12 sueldos de&#8230;<\/p>\n","protected":false},"author":2,"featured_media":7081,"comment_status":"closed","ping_status":"closed","sticky":false,"template":"","format":"standard","meta":{"_kad_post_transparent":"default","_kad_post_title":"default","_kad_post_layout":"default","_kad_post_sidebar_id":"","_kad_post_content_style":"default","_kad_post_vertical_padding":"default","_kad_post_feature":"","_kad_post_feature_position":"","_kad_post_header":false,"_kad_post_footer":false,"_kad_post_classname":"","footnotes":""},"categories":[1],"tags":[],"class_list":["post-7080","post","type-post","status-publish","format-standard","has-post-thumbnail","hentry","category-locales"],"a3_pvc":{"activated":false,"total_views":0,"today_views":0},"yoast_head":"<!-- This site is optimized with the Yoast SEO plugin v27.5 - https:\/\/yoast.com\/product\/yoast-seo-wordpress\/ -->\n<title>Advierten que con la reforma de la Carta Org\u00e1nica Municipal, el Ejecutivo Municipal busca otorgarse amplias facultades - Digital Santo Tom\u00e9<\/title>\n<meta name=\"robots\" content=\"index, follow, max-snippet:-1, max-image-preview:large, max-video-preview:-1\" \/>\n<link rel=\"canonical\" href=\"https:\/\/digitalsantotome.com.ar\/?p=7080\" \/>\n<meta property=\"og:locale\" content=\"es_ES\" \/>\n<meta property=\"og:type\" content=\"article\" \/>\n<meta property=\"og:title\" content=\"Advierten que con la reforma de la Carta Org\u00e1nica Municipal, el Ejecutivo Municipal busca otorgarse amplias facultades - Digital Santo Tom\u00e9\" \/>\n<meta property=\"og:description\" content=\"SANTO TOME. La convencional constituyente Dra. Mar\u00eda Ordenav\u00eda del sector justicialista Uni\u00f3n por la Patria, dio a conocer algunos pormenores del tratamiento que se le viene dando a la reforma de la Carta Org\u00e1nica Municipal, y expuso detalles que \u201cda mucho hablar\u201d en relaci\u00f3n al sueldo del intendente que qued\u00f3 establecido en 12 sueldos de...\" \/>\n<meta property=\"og:url\" content=\"https:\/\/digitalsantotome.com.ar\/?p=7080\" \/>\n<meta property=\"og:site_name\" content=\"Digital Santo Tom\u00e9\" \/>\n<meta property=\"article:published_time\" content=\"2024-05-09T19:14:03+00:00\" \/>\n<meta property=\"article:modified_time\" content=\"2024-05-10T23:47:07+00:00\" \/>\n<meta property=\"og:image\" content=\"https:\/\/digitalsantotome.com.ar\/wp-content\/uploads\/2024\/05\/20240506_182655.jpg\" \/>\n\t<meta property=\"og:image:width\" content=\"800\" \/>\n\t<meta property=\"og:image:height\" content=\"525\" \/>\n\t<meta property=\"og:image:type\" content=\"image\/jpeg\" \/>\n<meta name=\"author\" content=\"Jose Carlos Machado\" \/>\n<meta name=\"twitter:card\" content=\"summary_large_image\" \/>\n<meta name=\"twitter:label1\" content=\"Escrito por\" \/>\n\t<meta name=\"twitter:data1\" content=\"Jose Carlos Machado\" \/>\n\t<meta name=\"twitter:label2\" content=\"Tiempo de lectura\" \/>\n\t<meta name=\"twitter:data2\" content=\"7 minutos\" \/>\n<script type=\"application\/ld+json\" class=\"yoast-schema-graph\">{\"@context\":\"https:\\\/\\\/schema.org\",\"@graph\":[{\"@type\":\"Article\",\"@id\":\"https:\\\/\\\/digitalsantotome.com.ar\\\/?p=7080#article\",\"isPartOf\":{\"@id\":\"https:\\\/\\\/digitalsantotome.com.ar\\\/?p=7080\"},\"author\":{\"name\":\"Jose Carlos Machado\",\"@id\":\"https:\\\/\\\/digitalsantotome.com.ar\\\/#\\\/schema\\\/person\\\/8991d8822886fedd92ce7f03817e1bdf\"},\"headline\":\"Advierten que con la reforma de la Carta Org\u00e1nica Municipal, el Ejecutivo Municipal busca otorgarse amplias facultades\",\"datePublished\":\"2024-05-09T19:14:03+00:00\",\"dateModified\":\"2024-05-10T23:47:07+00:00\",\"mainEntityOfPage\":{\"@id\":\"https:\\\/\\\/digitalsantotome.com.ar\\\/?p=7080\"},\"wordCount\":1400,\"publisher\":{\"@id\":\"https:\\\/\\\/digitalsantotome.com.ar\\\/#organization\"},\"image\":{\"@id\":\"https:\\\/\\\/digitalsantotome.com.ar\\\/?p=7080#primaryimage\"},\"thumbnailUrl\":\"https:\\\/\\\/digitalsantotome.com.ar\\\/wp-content\\\/uploads\\\/2024\\\/05\\\/20240506_182655.jpg\",\"articleSection\":[\"Locales\"],\"inLanguage\":\"es\"},{\"@type\":\"WebPage\",\"@id\":\"https:\\\/\\\/digitalsantotome.com.ar\\\/?p=7080\",\"url\":\"https:\\\/\\\/digitalsantotome.com.ar\\\/?p=7080\",\"name\":\"Advierten que con la reforma de la Carta Org\u00e1nica Municipal, el Ejecutivo Municipal busca otorgarse amplias facultades - Digital Santo Tom\u00e9\",\"isPartOf\":{\"@id\":\"https:\\\/\\\/digitalsantotome.com.ar\\\/#website\"},\"primaryImageOfPage\":{\"@id\":\"https:\\\/\\\/digitalsantotome.com.ar\\\/?p=7080#primaryimage\"},\"image\":{\"@id\":\"https:\\\/\\\/digitalsantotome.com.ar\\\/?p=7080#primaryimage\"},\"thumbnailUrl\":\"https:\\\/\\\/digitalsantotome.com.ar\\\/wp-content\\\/uploads\\\/2024\\\/05\\\/20240506_182655.jpg\",\"datePublished\":\"2024-05-09T19:14:03+00:00\",\"dateModified\":\"2024-05-10T23:47:07+00:00\",\"breadcrumb\":{\"@id\":\"https:\\\/\\\/digitalsantotome.com.ar\\\/?p=7080#breadcrumb\"},\"inLanguage\":\"es\",\"potentialAction\":[{\"@type\":\"ReadAction\",\"target\":[\"https:\\\/\\\/digitalsantotome.com.ar\\\/?p=7080\"]}]},{\"@type\":\"ImageObject\",\"inLanguage\":\"es\",\"@id\":\"https:\\\/\\\/digitalsantotome.com.ar\\\/?p=7080#primaryimage\",\"url\":\"https:\\\/\\\/digitalsantotome.com.ar\\\/wp-content\\\/uploads\\\/2024\\\/05\\\/20240506_182655.jpg\",\"contentUrl\":\"https:\\\/\\\/digitalsantotome.com.ar\\\/wp-content\\\/uploads\\\/2024\\\/05\\\/20240506_182655.jpg\",\"width\":800,\"height\":525},{\"@type\":\"BreadcrumbList\",\"@id\":\"https:\\\/\\\/digitalsantotome.com.ar\\\/?p=7080#breadcrumb\",\"itemListElement\":[{\"@type\":\"ListItem\",\"position\":1,\"name\":\"Portada\",\"item\":\"https:\\\/\\\/digitalsantotome.com.ar\\\/\"},{\"@type\":\"ListItem\",\"position\":2,\"name\":\"Advierten que con la reforma de la Carta Org\u00e1nica Municipal, el Ejecutivo Municipal busca otorgarse amplias facultades\"}]},{\"@type\":\"WebSite\",\"@id\":\"https:\\\/\\\/digitalsantotome.com.ar\\\/#website\",\"url\":\"https:\\\/\\\/digitalsantotome.com.ar\\\/\",\"name\":\"Digital Santo Tom\u00e9\",\"description\":\"Noticias desde Santo Tom\u00e9 al Mundo \u2013 La informacion que decide\",\"publisher\":{\"@id\":\"https:\\\/\\\/digitalsantotome.com.ar\\\/#organization\"},\"potentialAction\":[{\"@type\":\"SearchAction\",\"target\":{\"@type\":\"EntryPoint\",\"urlTemplate\":\"https:\\\/\\\/digitalsantotome.com.ar\\\/?s={search_term_string}\"},\"query-input\":{\"@type\":\"PropertyValueSpecification\",\"valueRequired\":true,\"valueName\":\"search_term_string\"}}],\"inLanguage\":\"es\"},{\"@type\":\"Organization\",\"@id\":\"https:\\\/\\\/digitalsantotome.com.ar\\\/#organization\",\"name\":\"Digital Santo Tom\u00e9\",\"url\":\"https:\\\/\\\/digitalsantotome.com.ar\\\/\",\"logo\":{\"@type\":\"ImageObject\",\"inLanguage\":\"es\",\"@id\":\"https:\\\/\\\/digitalsantotome.com.ar\\\/#\\\/schema\\\/logo\\\/image\\\/\",\"url\":\"https:\\\/\\\/digitalsantotome.com.ar\\\/wp-content\\\/uploads\\\/2023\\\/01\\\/facebook.jpg\",\"contentUrl\":\"https:\\\/\\\/digitalsantotome.com.ar\\\/wp-content\\\/uploads\\\/2023\\\/01\\\/facebook.jpg\",\"width\":512,\"height\":376,\"caption\":\"Digital Santo Tom\u00e9\"},\"image\":{\"@id\":\"https:\\\/\\\/digitalsantotome.com.ar\\\/#\\\/schema\\\/logo\\\/image\\\/\"}},{\"@type\":\"Person\",\"@id\":\"https:\\\/\\\/digitalsantotome.com.ar\\\/#\\\/schema\\\/person\\\/8991d8822886fedd92ce7f03817e1bdf\",\"name\":\"Jose Carlos Machado\",\"url\":\"https:\\\/\\\/digitalsantotome.com.ar\\\/?author=2\"}]}<\/script>\n<!-- \/ Yoast SEO plugin. -->","yoast_head_json":{"title":"Advierten que con la reforma de la Carta Org\u00e1nica Municipal, el Ejecutivo Municipal busca otorgarse amplias facultades - Digital Santo Tom\u00e9","robots":{"index":"index","follow":"follow","max-snippet":"max-snippet:-1","max-image-preview":"max-image-preview:large","max-video-preview":"max-video-preview:-1"},"canonical":"https:\/\/digitalsantotome.com.ar\/?p=7080","og_locale":"es_ES","og_type":"article","og_title":"Advierten que con la reforma de la Carta Org\u00e1nica Municipal, el Ejecutivo Municipal busca otorgarse amplias facultades - Digital Santo Tom\u00e9","og_description":"SANTO TOME. La convencional constituyente Dra. Mar\u00eda Ordenav\u00eda del sector justicialista Uni\u00f3n por la Patria, dio a conocer algunos pormenores del tratamiento que se le viene dando a la reforma de la Carta Org\u00e1nica Municipal, y expuso detalles que \u201cda mucho hablar\u201d en relaci\u00f3n al sueldo del intendente que qued\u00f3 establecido en 12 sueldos de...","og_url":"https:\/\/digitalsantotome.com.ar\/?p=7080","og_site_name":"Digital Santo Tom\u00e9","article_published_time":"2024-05-09T19:14:03+00:00","article_modified_time":"2024-05-10T23:47:07+00:00","og_image":[{"width":800,"height":525,"url":"https:\/\/digitalsantotome.com.ar\/wp-content\/uploads\/2024\/05\/20240506_182655.jpg","type":"image\/jpeg"}],"author":"Jose Carlos Machado","twitter_card":"summary_large_image","twitter_misc":{"Escrito por":"Jose Carlos Machado","Tiempo de lectura":"7 minutos"},"schema":{"@context":"https:\/\/schema.org","@graph":[{"@type":"Article","@id":"https:\/\/digitalsantotome.com.ar\/?p=7080#article","isPartOf":{"@id":"https:\/\/digitalsantotome.com.ar\/?p=7080"},"author":{"name":"Jose Carlos Machado","@id":"https:\/\/digitalsantotome.com.ar\/#\/schema\/person\/8991d8822886fedd92ce7f03817e1bdf"},"headline":"Advierten que con la reforma de la Carta Org\u00e1nica Municipal, el Ejecutivo Municipal busca otorgarse amplias facultades","datePublished":"2024-05-09T19:14:03+00:00","dateModified":"2024-05-10T23:47:07+00:00","mainEntityOfPage":{"@id":"https:\/\/digitalsantotome.com.ar\/?p=7080"},"wordCount":1400,"publisher":{"@id":"https:\/\/digitalsantotome.com.ar\/#organization"},"image":{"@id":"https:\/\/digitalsantotome.com.ar\/?p=7080#primaryimage"},"thumbnailUrl":"https:\/\/digitalsantotome.com.ar\/wp-content\/uploads\/2024\/05\/20240506_182655.jpg","articleSection":["Locales"],"inLanguage":"es"},{"@type":"WebPage","@id":"https:\/\/digitalsantotome.com.ar\/?p=7080","url":"https:\/\/digitalsantotome.com.ar\/?p=7080","name":"Advierten que con la reforma de la Carta Org\u00e1nica Municipal, el Ejecutivo Municipal busca otorgarse amplias facultades - Digital Santo Tom\u00e9","isPartOf":{"@id":"https:\/\/digitalsantotome.com.ar\/#website"},"primaryImageOfPage":{"@id":"https:\/\/digitalsantotome.com.ar\/?p=7080#primaryimage"},"image":{"@id":"https:\/\/digitalsantotome.com.ar\/?p=7080#primaryimage"},"thumbnailUrl":"https:\/\/digitalsantotome.com.ar\/wp-content\/uploads\/2024\/05\/20240506_182655.jpg","datePublished":"2024-05-09T19:14:03+00:00","dateModified":"2024-05-10T23:47:07+00:00","breadcrumb":{"@id":"https:\/\/digitalsantotome.com.ar\/?p=7080#breadcrumb"},"inLanguage":"es","potentialAction":[{"@type":"ReadAction","target":["https:\/\/digitalsantotome.com.ar\/?p=7080"]}]},{"@type":"ImageObject","inLanguage":"es","@id":"https:\/\/digitalsantotome.com.ar\/?p=7080#primaryimage","url":"https:\/\/digitalsantotome.com.ar\/wp-content\/uploads\/2024\/05\/20240506_182655.jpg","contentUrl":"https:\/\/digitalsantotome.com.ar\/wp-content\/uploads\/2024\/05\/20240506_182655.jpg","width":800,"height":525},{"@type":"BreadcrumbList","@id":"https:\/\/digitalsantotome.com.ar\/?p=7080#breadcrumb","itemListElement":[{"@type":"ListItem","position":1,"name":"Portada","item":"https:\/\/digitalsantotome.com.ar\/"},{"@type":"ListItem","position":2,"name":"Advierten que con la reforma de la Carta Org\u00e1nica Municipal, el Ejecutivo Municipal busca otorgarse amplias facultades"}]},{"@type":"WebSite","@id":"https:\/\/digitalsantotome.com.ar\/#website","url":"https:\/\/digitalsantotome.com.ar\/","name":"Digital Santo Tom\u00e9","description":"Noticias desde Santo Tom\u00e9 al Mundo \u2013 La informacion que decide","publisher":{"@id":"https:\/\/digitalsantotome.com.ar\/#organization"},"potentialAction":[{"@type":"SearchAction","target":{"@type":"EntryPoint","urlTemplate":"https:\/\/digitalsantotome.com.ar\/?s={search_term_string}"},"query-input":{"@type":"PropertyValueSpecification","valueRequired":true,"valueName":"search_term_string"}}],"inLanguage":"es"},{"@type":"Organization","@id":"https:\/\/digitalsantotome.com.ar\/#organization","name":"Digital Santo Tom\u00e9","url":"https:\/\/digitalsantotome.com.ar\/","logo":{"@type":"ImageObject","inLanguage":"es","@id":"https:\/\/digitalsantotome.com.ar\/#\/schema\/logo\/image\/","url":"https:\/\/digitalsantotome.com.ar\/wp-content\/uploads\/2023\/01\/facebook.jpg","contentUrl":"https:\/\/digitalsantotome.com.ar\/wp-content\/uploads\/2023\/01\/facebook.jpg","width":512,"height":376,"caption":"Digital Santo Tom\u00e9"},"image":{"@id":"https:\/\/digitalsantotome.com.ar\/#\/schema\/logo\/image\/"}},{"@type":"Person","@id":"https:\/\/digitalsantotome.com.ar\/#\/schema\/person\/8991d8822886fedd92ce7f03817e1bdf","name":"Jose Carlos Machado","url":"https:\/\/digitalsantotome.com.ar\/?author=2"}]}},"_links":{"self":[{"href":"https:\/\/digitalsantotome.com.ar\/index.php?rest_route=\/wp\/v2\/posts\/7080","targetHints":{"allow":["GET"]}}],"collection":[{"href":"https:\/\/digitalsantotome.com.ar\/index.php?rest_route=\/wp\/v2\/posts"}],"about":[{"href":"https:\/\/digitalsantotome.com.ar\/index.php?rest_route=\/wp\/v2\/types\/post"}],"author":[{"embeddable":true,"href":"https:\/\/digitalsantotome.com.ar\/index.php?rest_route=\/wp\/v2\/users\/2"}],"replies":[{"embeddable":true,"href":"https:\/\/digitalsantotome.com.ar\/index.php?rest_route=%2Fwp%2Fv2%2Fcomments&post=7080"}],"version-history":[{"count":4,"href":"https:\/\/digitalsantotome.com.ar\/index.php?rest_route=\/wp\/v2\/posts\/7080\/revisions"}],"predecessor-version":[{"id":7113,"href":"https:\/\/digitalsantotome.com.ar\/index.php?rest_route=\/wp\/v2\/posts\/7080\/revisions\/7113"}],"wp:featuredmedia":[{"embeddable":true,"href":"https:\/\/digitalsantotome.com.ar\/index.php?rest_route=\/wp\/v2\/media\/7081"}],"wp:attachment":[{"href":"https:\/\/digitalsantotome.com.ar\/index.php?rest_route=%2Fwp%2Fv2%2Fmedia&parent=7080"}],"wp:term":[{"taxonomy":"category","embeddable":true,"href":"https:\/\/digitalsantotome.com.ar\/index.php?rest_route=%2Fwp%2Fv2%2Fcategories&post=7080"},{"taxonomy":"post_tag","embeddable":true,"href":"https:\/\/digitalsantotome.com.ar\/index.php?rest_route=%2Fwp%2Fv2%2Ftags&post=7080"}],"curies":[{"name":"wp","href":"https:\/\/api.w.org\/{rel}","templated":true}]}}