{"id":7151,"date":"2024-05-14T06:46:38","date_gmt":"2024-05-14T09:46:38","guid":{"rendered":"https:\/\/digitalsantotome.com.ar\/?p=7151"},"modified":"2024-05-15T06:41:32","modified_gmt":"2024-05-15T09:41:32","slug":"valdes-visita-santo-tome-en-medio-de-la-tension-interna-de-la-ucr-con-ricardo-colombi","status":"publish","type":"post","link":"https:\/\/digitalsantotome.com.ar\/?p=7151","title":{"rendered":"Vald\u00e9s visita Santo Tom\u00e9 en medio de la tensi\u00f3n interna con Ricardo Colombi por el manejo de la UCR"},"content":{"rendered":"<p>SANTO TOME. Para este martes est\u00e1 previsto una nueva visita oficial a esta ciudad del gobernador Gustavo Vald\u00e9s, durante la cual inaugurar\u00e1 obras de pavimentaci\u00f3n y mantendr\u00e1 contactos seguramente con dirigentes de instituciones y del \u00e1mbito pol\u00edtico local. El primer mandatario tiene previsto estar en Santo Tom\u00e9 a las 17 hs. Por la ma\u00f1ana estar\u00e1 en Colonia Garav\u00ed donde inaugurar\u00e1 un nuevo edificio escolar del nivel secundario y entregar\u00e1 notebooks.<\/p>\n<p>En las primeras horas de la tarde se trasladar\u00e1 a Garruchos donde inaugurar\u00e1 el nuevo establecimiento educacional de la Escuela N\u00ba 417. Luego se trasladar\u00e1 a Santo Tom\u00e9 donde a las 17 hs comenzar\u00e1 con las actividades programadas. Para ma\u00f1ana mi\u00e9rcoles por la ma\u00f1ana, el gobernador recorrer\u00e1 algunas obras en ejecuci\u00f3n antes de trasladarse a la localidad de Estaci\u00f3n Torrent.<\/p>\n<p>Fuentes calificadas se\u00f1alaron a este portal que dirigentes de distintas instituciones y entidades del medio, pedir\u00edan entrevistarse con el gobernador Vald\u00e9s. En lo pol\u00edtico, el intendente Suaid en declaraciones period\u00edsticas dej\u00f3 entrever que apoyar\u00e1 el esquema pol\u00edtico de Gustavo Vald\u00e9s de cara a las elecciones del a\u00f1o que viene. Hasta ahora, Suaid le ven\u00eda \u201cesquivando al bulto\u201d respecto del tema partidario y la compulsa interna entre el gobernador actual y el ex Ricardo Colombi.<\/p>\n","protected":false},"excerpt":{"rendered":"<p>SANTO TOME. Para este martes est\u00e1 previsto una nueva visita oficial a esta ciudad del gobernador Gustavo Vald\u00e9s, durante la cual inaugurar\u00e1 obras de pavimentaci\u00f3n y mantendr\u00e1 contactos seguramente con dirigentes de instituciones y del \u00e1mbito pol\u00edtico local. El primer mandatario tiene previsto estar en Santo Tom\u00e9 a las 17 hs. Por la ma\u00f1ana estar\u00e1&#8230;<\/p>\n","protected":false},"author":2,"featured_media":0,"comment_status":"closed","ping_status":"closed","sticky":false,"template":"","format":"standard","meta":{"_kad_post_transparent":"default","_kad_post_title":"default","_kad_post_layout":"default","_kad_post_sidebar_id":"","_kad_post_content_style":"default","_kad_post_vertical_padding":"default","_kad_post_feature":"","_kad_post_feature_position":"","_kad_post_header":false,"_kad_post_footer":false,"_kad_post_classname":"","footnotes":""},"categories":[10],"tags":[],"class_list":["post-7151","post","type-post","status-publish","format-standard","hentry","category-placa-roja"],"a3_pvc":{"activated":false,"total_views":0,"today_views":0},"yoast_head":"<!-- This site is optimized with the Yoast SEO plugin v27.5 - https:\/\/yoast.com\/product\/yoast-seo-wordpress\/ -->\n<title>Vald\u00e9s visita Santo Tom\u00e9 en medio de la tensi\u00f3n interna con Ricardo Colombi por el manejo de la UCR - Digital Santo Tom\u00e9<\/title>\n<meta name=\"robots\" content=\"index, follow, max-snippet:-1, max-image-preview:large, max-video-preview:-1\" \/>\n<link rel=\"canonical\" href=\"https:\/\/digitalsantotome.com.ar\/?p=7151\" \/>\n<meta property=\"og:locale\" content=\"es_ES\" \/>\n<meta property=\"og:type\" content=\"article\" \/>\n<meta property=\"og:title\" content=\"Vald\u00e9s visita Santo Tom\u00e9 en medio de la tensi\u00f3n interna con Ricardo Colombi por el manejo de la UCR - Digital Santo Tom\u00e9\" \/>\n<meta property=\"og:description\" content=\"SANTO TOME. Para este martes est\u00e1 previsto una nueva visita oficial a esta ciudad del gobernador Gustavo Vald\u00e9s, durante la cual inaugurar\u00e1 obras de pavimentaci\u00f3n y mantendr\u00e1 contactos seguramente con dirigentes de instituciones y del \u00e1mbito pol\u00edtico local. El primer mandatario tiene previsto estar en Santo Tom\u00e9 a las 17 hs. Por la ma\u00f1ana estar\u00e1...\" \/>\n<meta property=\"og:url\" content=\"https:\/\/digitalsantotome.com.ar\/?p=7151\" \/>\n<meta property=\"og:site_name\" content=\"Digital Santo Tom\u00e9\" \/>\n<meta property=\"article:published_time\" content=\"2024-05-14T09:46:38+00:00\" \/>\n<meta property=\"article:modified_time\" content=\"2024-05-15T09:41:32+00:00\" \/>\n<meta name=\"author\" content=\"Jose Carlos Machado\" \/>\n<meta name=\"twitter:card\" content=\"summary_large_image\" \/>\n<meta name=\"twitter:label1\" content=\"Escrito por\" \/>\n\t<meta name=\"twitter:data1\" content=\"Jose Carlos Machado\" \/>\n\t<meta name=\"twitter:label2\" content=\"Tiempo de lectura\" \/>\n\t<meta name=\"twitter:data2\" content=\"1 minuto\" \/>\n<script type=\"application\/ld+json\" class=\"yoast-schema-graph\">{\"@context\":\"https:\\\/\\\/schema.org\",\"@graph\":[{\"@type\":\"Article\",\"@id\":\"https:\\\/\\\/digitalsantotome.com.ar\\\/?p=7151#article\",\"isPartOf\":{\"@id\":\"https:\\\/\\\/digitalsantotome.com.ar\\\/?p=7151\"},\"author\":{\"name\":\"Jose Carlos Machado\",\"@id\":\"https:\\\/\\\/digitalsantotome.com.ar\\\/#\\\/schema\\\/person\\\/8991d8822886fedd92ce7f03817e1bdf\"},\"headline\":\"Vald\u00e9s visita Santo Tom\u00e9 en medio de la tensi\u00f3n interna con Ricardo Colombi por el manejo de la UCR\",\"datePublished\":\"2024-05-14T09:46:38+00:00\",\"dateModified\":\"2024-05-15T09:41:32+00:00\",\"mainEntityOfPage\":{\"@id\":\"https:\\\/\\\/digitalsantotome.com.ar\\\/?p=7151\"},\"wordCount\":240,\"publisher\":{\"@id\":\"https:\\\/\\\/digitalsantotome.com.ar\\\/#organization\"},\"articleSection\":[\"Placa Roja\"],\"inLanguage\":\"es\"},{\"@type\":\"WebPage\",\"@id\":\"https:\\\/\\\/digitalsantotome.com.ar\\\/?p=7151\",\"url\":\"https:\\\/\\\/digitalsantotome.com.ar\\\/?p=7151\",\"name\":\"Vald\u00e9s visita Santo Tom\u00e9 en medio de la tensi\u00f3n interna con Ricardo Colombi por el manejo de la UCR - Digital Santo Tom\u00e9\",\"isPartOf\":{\"@id\":\"https:\\\/\\\/digitalsantotome.com.ar\\\/#website\"},\"datePublished\":\"2024-05-14T09:46:38+00:00\",\"dateModified\":\"2024-05-15T09:41:32+00:00\",\"breadcrumb\":{\"@id\":\"https:\\\/\\\/digitalsantotome.com.ar\\\/?p=7151#breadcrumb\"},\"inLanguage\":\"es\",\"potentialAction\":[{\"@type\":\"ReadAction\",\"target\":[\"https:\\\/\\\/digitalsantotome.com.ar\\\/?p=7151\"]}]},{\"@type\":\"BreadcrumbList\",\"@id\":\"https:\\\/\\\/digitalsantotome.com.ar\\\/?p=7151#breadcrumb\",\"itemListElement\":[{\"@type\":\"ListItem\",\"position\":1,\"name\":\"Portada\",\"item\":\"https:\\\/\\\/digitalsantotome.com.ar\\\/\"},{\"@type\":\"ListItem\",\"position\":2,\"name\":\"Vald\u00e9s visita Santo Tom\u00e9 en medio de la tensi\u00f3n interna con Ricardo Colombi por el manejo de la UCR\"}]},{\"@type\":\"WebSite\",\"@id\":\"https:\\\/\\\/digitalsantotome.com.ar\\\/#website\",\"url\":\"https:\\\/\\\/digitalsantotome.com.ar\\\/\",\"name\":\"Digital Santo Tom\u00e9\",\"description\":\"Noticias desde Santo Tom\u00e9 al Mundo \u2013 La informacion que decide\",\"publisher\":{\"@id\":\"https:\\\/\\\/digitalsantotome.com.ar\\\/#organization\"},\"potentialAction\":[{\"@type\":\"SearchAction\",\"target\":{\"@type\":\"EntryPoint\",\"urlTemplate\":\"https:\\\/\\\/digitalsantotome.com.ar\\\/?s={search_term_string}\"},\"query-input\":{\"@type\":\"PropertyValueSpecification\",\"valueRequired\":true,\"valueName\":\"search_term_string\"}}],\"inLanguage\":\"es\"},{\"@type\":\"Organization\",\"@id\":\"https:\\\/\\\/digitalsantotome.com.ar\\\/#organization\",\"name\":\"Digital Santo Tom\u00e9\",\"url\":\"https:\\\/\\\/digitalsantotome.com.ar\\\/\",\"logo\":{\"@type\":\"ImageObject\",\"inLanguage\":\"es\",\"@id\":\"https:\\\/\\\/digitalsantotome.com.ar\\\/#\\\/schema\\\/logo\\\/image\\\/\",\"url\":\"https:\\\/\\\/digitalsantotome.com.ar\\\/wp-content\\\/uploads\\\/2023\\\/01\\\/facebook.jpg\",\"contentUrl\":\"https:\\\/\\\/digitalsantotome.com.ar\\\/wp-content\\\/uploads\\\/2023\\\/01\\\/facebook.jpg\",\"width\":512,\"height\":376,\"caption\":\"Digital Santo Tom\u00e9\"},\"image\":{\"@id\":\"https:\\\/\\\/digitalsantotome.com.ar\\\/#\\\/schema\\\/logo\\\/image\\\/\"}},{\"@type\":\"Person\",\"@id\":\"https:\\\/\\\/digitalsantotome.com.ar\\\/#\\\/schema\\\/person\\\/8991d8822886fedd92ce7f03817e1bdf\",\"name\":\"Jose Carlos Machado\",\"url\":\"https:\\\/\\\/digitalsantotome.com.ar\\\/?author=2\"}]}<\/script>\n<!-- \/ Yoast SEO plugin. -->","yoast_head_json":{"title":"Vald\u00e9s visita Santo Tom\u00e9 en medio de la tensi\u00f3n interna con Ricardo Colombi por el manejo de la UCR - Digital Santo Tom\u00e9","robots":{"index":"index","follow":"follow","max-snippet":"max-snippet:-1","max-image-preview":"max-image-preview:large","max-video-preview":"max-video-preview:-1"},"canonical":"https:\/\/digitalsantotome.com.ar\/?p=7151","og_locale":"es_ES","og_type":"article","og_title":"Vald\u00e9s visita Santo Tom\u00e9 en medio de la tensi\u00f3n interna con Ricardo Colombi por el manejo de la UCR - Digital Santo Tom\u00e9","og_description":"SANTO TOME. Para este martes est\u00e1 previsto una nueva visita oficial a esta ciudad del gobernador Gustavo Vald\u00e9s, durante la cual inaugurar\u00e1 obras de pavimentaci\u00f3n y mantendr\u00e1 contactos seguramente con dirigentes de instituciones y del \u00e1mbito pol\u00edtico local. El primer mandatario tiene previsto estar en Santo Tom\u00e9 a las 17 hs. Por la ma\u00f1ana estar\u00e1...","og_url":"https:\/\/digitalsantotome.com.ar\/?p=7151","og_site_name":"Digital Santo Tom\u00e9","article_published_time":"2024-05-14T09:46:38+00:00","article_modified_time":"2024-05-15T09:41:32+00:00","author":"Jose Carlos Machado","twitter_card":"summary_large_image","twitter_misc":{"Escrito por":"Jose Carlos Machado","Tiempo de lectura":"1 minuto"},"schema":{"@context":"https:\/\/schema.org","@graph":[{"@type":"Article","@id":"https:\/\/digitalsantotome.com.ar\/?p=7151#article","isPartOf":{"@id":"https:\/\/digitalsantotome.com.ar\/?p=7151"},"author":{"name":"Jose Carlos Machado","@id":"https:\/\/digitalsantotome.com.ar\/#\/schema\/person\/8991d8822886fedd92ce7f03817e1bdf"},"headline":"Vald\u00e9s visita Santo Tom\u00e9 en medio de la tensi\u00f3n interna con Ricardo Colombi por el manejo de la UCR","datePublished":"2024-05-14T09:46:38+00:00","dateModified":"2024-05-15T09:41:32+00:00","mainEntityOfPage":{"@id":"https:\/\/digitalsantotome.com.ar\/?p=7151"},"wordCount":240,"publisher":{"@id":"https:\/\/digitalsantotome.com.ar\/#organization"},"articleSection":["Placa Roja"],"inLanguage":"es"},{"@type":"WebPage","@id":"https:\/\/digitalsantotome.com.ar\/?p=7151","url":"https:\/\/digitalsantotome.com.ar\/?p=7151","name":"Vald\u00e9s visita Santo Tom\u00e9 en medio de la tensi\u00f3n interna con Ricardo Colombi por el manejo de la UCR - Digital Santo Tom\u00e9","isPartOf":{"@id":"https:\/\/digitalsantotome.com.ar\/#website"},"datePublished":"2024-05-14T09:46:38+00:00","dateModified":"2024-05-15T09:41:32+00:00","breadcrumb":{"@id":"https:\/\/digitalsantotome.com.ar\/?p=7151#breadcrumb"},"inLanguage":"es","potentialAction":[{"@type":"ReadAction","target":["https:\/\/digitalsantotome.com.ar\/?p=7151"]}]},{"@type":"BreadcrumbList","@id":"https:\/\/digitalsantotome.com.ar\/?p=7151#breadcrumb","itemListElement":[{"@type":"ListItem","position":1,"name":"Portada","item":"https:\/\/digitalsantotome.com.ar\/"},{"@type":"ListItem","position":2,"name":"Vald\u00e9s visita Santo Tom\u00e9 en medio de la tensi\u00f3n interna con Ricardo Colombi por el manejo de la UCR"}]},{"@type":"WebSite","@id":"https:\/\/digitalsantotome.com.ar\/#website","url":"https:\/\/digitalsantotome.com.ar\/","name":"Digital Santo Tom\u00e9","description":"Noticias desde Santo Tom\u00e9 al Mundo \u2013 La informacion que decide","publisher":{"@id":"https:\/\/digitalsantotome.com.ar\/#organization"},"potentialAction":[{"@type":"SearchAction","target":{"@type":"EntryPoint","urlTemplate":"https:\/\/digitalsantotome.com.ar\/?s={search_term_string}"},"query-input":{"@type":"PropertyValueSpecification","valueRequired":true,"valueName":"search_term_string"}}],"inLanguage":"es"},{"@type":"Organization","@id":"https:\/\/digitalsantotome.com.ar\/#organization","name":"Digital Santo Tom\u00e9","url":"https:\/\/digitalsantotome.com.ar\/","logo":{"@type":"ImageObject","inLanguage":"es","@id":"https:\/\/digitalsantotome.com.ar\/#\/schema\/logo\/image\/","url":"https:\/\/digitalsantotome.com.ar\/wp-content\/uploads\/2023\/01\/facebook.jpg","contentUrl":"https:\/\/digitalsantotome.com.ar\/wp-content\/uploads\/2023\/01\/facebook.jpg","width":512,"height":376,"caption":"Digital Santo Tom\u00e9"},"image":{"@id":"https:\/\/digitalsantotome.com.ar\/#\/schema\/logo\/image\/"}},{"@type":"Person","@id":"https:\/\/digitalsantotome.com.ar\/#\/schema\/person\/8991d8822886fedd92ce7f03817e1bdf","name":"Jose Carlos Machado","url":"https:\/\/digitalsantotome.com.ar\/?author=2"}]}},"_links":{"self":[{"href":"https:\/\/digitalsantotome.com.ar\/index.php?rest_route=\/wp\/v2\/posts\/7151","targetHints":{"allow":["GET"]}}],"collection":[{"href":"https:\/\/digitalsantotome.com.ar\/index.php?rest_route=\/wp\/v2\/posts"}],"about":[{"href":"https:\/\/digitalsantotome.com.ar\/index.php?rest_route=\/wp\/v2\/types\/post"}],"author":[{"embeddable":true,"href":"https:\/\/digitalsantotome.com.ar\/index.php?rest_route=\/wp\/v2\/users\/2"}],"replies":[{"embeddable":true,"href":"https:\/\/digitalsantotome.com.ar\/index.php?rest_route=%2Fwp%2Fv2%2Fcomments&post=7151"}],"version-history":[{"count":4,"href":"https:\/\/digitalsantotome.com.ar\/index.php?rest_route=\/wp\/v2\/posts\/7151\/revisions"}],"predecessor-version":[{"id":7155,"href":"https:\/\/digitalsantotome.com.ar\/index.php?rest_route=\/wp\/v2\/posts\/7151\/revisions\/7155"}],"wp:attachment":[{"href":"https:\/\/digitalsantotome.com.ar\/index.php?rest_route=%2Fwp%2Fv2%2Fmedia&parent=7151"}],"wp:term":[{"taxonomy":"category","embeddable":true,"href":"https:\/\/digitalsantotome.com.ar\/index.php?rest_route=%2Fwp%2Fv2%2Fcategories&post=7151"},{"taxonomy":"post_tag","embeddable":true,"href":"https:\/\/digitalsantotome.com.ar\/index.php?rest_route=%2Fwp%2Fv2%2Ftags&post=7151"}],"curies":[{"name":"wp","href":"https:\/\/api.w.org\/{rel}","templated":true}]}}