{"id":7224,"date":"2024-05-20T06:44:14","date_gmt":"2024-05-20T09:44:14","guid":{"rendered":"https:\/\/digitalsantotome.com.ar\/?p=7224"},"modified":"2024-05-20T06:44:18","modified_gmt":"2024-05-20T09:44:18","slug":"rechazo-judicial-a-cautelar-de-ricardo-colombi-contra-la-convencion-de-la-ucr","status":"publish","type":"post","link":"https:\/\/digitalsantotome.com.ar\/?p=7224","title":{"rendered":"Rechazo judicial a cautelar de Ricardo Colombi contra la Convenci\u00f3n de la UCR"},"content":{"rendered":"<div class=\"row\">\n<div id=\"conte\" class=\"span6 base\">\n<p>CORRIENTES. La justicia federal con competencia electoral rechaz\u00f3 un planteo del senador Ricardo Colombi sobre la Convenci\u00f3n fe la UCR que defini\u00f3 el calendario electoral y prorrog\u00f3 mandatos<\/p>\n<p>Con el patrocinio del doctor Aquino Britos reclam\u00f3 que se suspendan, provisoriamente esas resoluciones<\/p>\n<p>Al mismo tiempo solicita la continuidad del funcionamiento del Comit\u00e9 Central que preside de conformidad a lo dispuesto por la Carta Org\u00e1nica de la UCR-Corrientes,<\/p>\n<p>Sin embargo la resoluci\u00f3n judicial no tiene en cuenta el planteo y rechaza la medida cautelar presentada.<\/p>\n<\/div>\n<div><\/div>\n<\/div>\n<div>Fuente; Momarandu.com<\/div>\n","protected":false},"excerpt":{"rendered":"<p>CORRIENTES. La justicia federal con competencia electoral rechaz\u00f3 un planteo del senador Ricardo Colombi sobre la Convenci\u00f3n fe la UCR que defini\u00f3 el calendario electoral y prorrog\u00f3 mandatos Con el patrocinio del doctor Aquino Britos reclam\u00f3 que se suspendan, provisoriamente esas resoluciones Al mismo tiempo solicita la continuidad del funcionamiento del Comit\u00e9 Central que preside&#8230;<\/p>\n","protected":false},"author":2,"featured_media":7225,"comment_status":"closed","ping_status":"closed","sticky":false,"template":"","format":"standard","meta":{"_kad_post_transparent":"default","_kad_post_title":"default","_kad_post_layout":"default","_kad_post_sidebar_id":"","_kad_post_content_style":"default","_kad_post_vertical_padding":"default","_kad_post_feature":"","_kad_post_feature_position":"","_kad_post_header":false,"_kad_post_footer":false,"_kad_post_classname":"","footnotes":""},"categories":[3],"tags":[],"class_list":["post-7224","post","type-post","status-publish","format-standard","has-post-thumbnail","hentry","category-noticias-breves"],"a3_pvc":{"activated":false,"total_views":0,"today_views":0},"yoast_head":"<!-- This site is optimized with the Yoast SEO plugin v27.5 - https:\/\/yoast.com\/product\/yoast-seo-wordpress\/ -->\n<title>Rechazo judicial a cautelar de Ricardo Colombi contra la Convenci\u00f3n de la UCR - Digital Santo Tom\u00e9<\/title>\n<meta name=\"robots\" content=\"index, follow, max-snippet:-1, max-image-preview:large, max-video-preview:-1\" \/>\n<link rel=\"canonical\" href=\"https:\/\/digitalsantotome.com.ar\/?p=7224\" \/>\n<meta property=\"og:locale\" content=\"es_ES\" \/>\n<meta property=\"og:type\" content=\"article\" \/>\n<meta property=\"og:title\" content=\"Rechazo judicial a cautelar de Ricardo Colombi contra la Convenci\u00f3n de la UCR - Digital Santo Tom\u00e9\" \/>\n<meta property=\"og:description\" content=\"CORRIENTES. La justicia federal con competencia electoral rechaz\u00f3 un planteo del senador Ricardo Colombi sobre la Convenci\u00f3n fe la UCR que defini\u00f3 el calendario electoral y prorrog\u00f3 mandatos Con el patrocinio del doctor Aquino Britos reclam\u00f3 que se suspendan, provisoriamente esas resoluciones Al mismo tiempo solicita la continuidad del funcionamiento del Comit\u00e9 Central que preside...\" \/>\n<meta property=\"og:url\" content=\"https:\/\/digitalsantotome.com.ar\/?p=7224\" \/>\n<meta property=\"og:site_name\" content=\"Digital Santo Tom\u00e9\" \/>\n<meta property=\"article:published_time\" content=\"2024-05-20T09:44:14+00:00\" \/>\n<meta property=\"article:modified_time\" content=\"2024-05-20T09:44:18+00:00\" \/>\n<meta property=\"og:image\" content=\"https:\/\/digitalsantotome.com.ar\/wp-content\/uploads\/2024\/05\/473342.1716060302.jpeg_grande-1.jpg\" \/>\n\t<meta property=\"og:image:width\" content=\"900\" \/>\n\t<meta property=\"og:image:height\" content=\"541\" \/>\n\t<meta property=\"og:image:type\" content=\"image\/jpeg\" \/>\n<meta name=\"author\" content=\"Jose Carlos Machado\" \/>\n<meta name=\"twitter:card\" content=\"summary_large_image\" \/>\n<meta name=\"twitter:label1\" content=\"Escrito por\" \/>\n\t<meta name=\"twitter:data1\" content=\"Jose Carlos Machado\" \/>\n\t<meta name=\"twitter:label2\" content=\"Tiempo de lectura\" \/>\n\t<meta name=\"twitter:data2\" content=\"1 minuto\" \/>\n<script type=\"application\/ld+json\" class=\"yoast-schema-graph\">{\"@context\":\"https:\\\/\\\/schema.org\",\"@graph\":[{\"@type\":\"Article\",\"@id\":\"https:\\\/\\\/digitalsantotome.com.ar\\\/?p=7224#article\",\"isPartOf\":{\"@id\":\"https:\\\/\\\/digitalsantotome.com.ar\\\/?p=7224\"},\"author\":{\"name\":\"Jose Carlos Machado\",\"@id\":\"https:\\\/\\\/digitalsantotome.com.ar\\\/#\\\/schema\\\/person\\\/8991d8822886fedd92ce7f03817e1bdf\"},\"headline\":\"Rechazo judicial a cautelar de Ricardo Colombi contra la Convenci\u00f3n de la UCR\",\"datePublished\":\"2024-05-20T09:44:14+00:00\",\"dateModified\":\"2024-05-20T09:44:18+00:00\",\"mainEntityOfPage\":{\"@id\":\"https:\\\/\\\/digitalsantotome.com.ar\\\/?p=7224\"},\"wordCount\":104,\"publisher\":{\"@id\":\"https:\\\/\\\/digitalsantotome.com.ar\\\/#organization\"},\"image\":{\"@id\":\"https:\\\/\\\/digitalsantotome.com.ar\\\/?p=7224#primaryimage\"},\"thumbnailUrl\":\"https:\\\/\\\/digitalsantotome.com.ar\\\/wp-content\\\/uploads\\\/2024\\\/05\\\/473342.1716060302.jpeg_grande-1.jpg\",\"articleSection\":[\"Noticias breves\"],\"inLanguage\":\"es\"},{\"@type\":\"WebPage\",\"@id\":\"https:\\\/\\\/digitalsantotome.com.ar\\\/?p=7224\",\"url\":\"https:\\\/\\\/digitalsantotome.com.ar\\\/?p=7224\",\"name\":\"Rechazo judicial a cautelar de Ricardo Colombi contra la Convenci\u00f3n de la UCR - Digital Santo Tom\u00e9\",\"isPartOf\":{\"@id\":\"https:\\\/\\\/digitalsantotome.com.ar\\\/#website\"},\"primaryImageOfPage\":{\"@id\":\"https:\\\/\\\/digitalsantotome.com.ar\\\/?p=7224#primaryimage\"},\"image\":{\"@id\":\"https:\\\/\\\/digitalsantotome.com.ar\\\/?p=7224#primaryimage\"},\"thumbnailUrl\":\"https:\\\/\\\/digitalsantotome.com.ar\\\/wp-content\\\/uploads\\\/2024\\\/05\\\/473342.1716060302.jpeg_grande-1.jpg\",\"datePublished\":\"2024-05-20T09:44:14+00:00\",\"dateModified\":\"2024-05-20T09:44:18+00:00\",\"breadcrumb\":{\"@id\":\"https:\\\/\\\/digitalsantotome.com.ar\\\/?p=7224#breadcrumb\"},\"inLanguage\":\"es\",\"potentialAction\":[{\"@type\":\"ReadAction\",\"target\":[\"https:\\\/\\\/digitalsantotome.com.ar\\\/?p=7224\"]}]},{\"@type\":\"ImageObject\",\"inLanguage\":\"es\",\"@id\":\"https:\\\/\\\/digitalsantotome.com.ar\\\/?p=7224#primaryimage\",\"url\":\"https:\\\/\\\/digitalsantotome.com.ar\\\/wp-content\\\/uploads\\\/2024\\\/05\\\/473342.1716060302.jpeg_grande-1.jpg\",\"contentUrl\":\"https:\\\/\\\/digitalsantotome.com.ar\\\/wp-content\\\/uploads\\\/2024\\\/05\\\/473342.1716060302.jpeg_grande-1.jpg\",\"width\":900,\"height\":541},{\"@type\":\"BreadcrumbList\",\"@id\":\"https:\\\/\\\/digitalsantotome.com.ar\\\/?p=7224#breadcrumb\",\"itemListElement\":[{\"@type\":\"ListItem\",\"position\":1,\"name\":\"Portada\",\"item\":\"https:\\\/\\\/digitalsantotome.com.ar\\\/\"},{\"@type\":\"ListItem\",\"position\":2,\"name\":\"Rechazo judicial a cautelar de Ricardo Colombi contra la Convenci\u00f3n de la UCR\"}]},{\"@type\":\"WebSite\",\"@id\":\"https:\\\/\\\/digitalsantotome.com.ar\\\/#website\",\"url\":\"https:\\\/\\\/digitalsantotome.com.ar\\\/\",\"name\":\"Digital Santo Tom\u00e9\",\"description\":\"Noticias desde Santo Tom\u00e9 al Mundo \u2013 La informacion que decide\",\"publisher\":{\"@id\":\"https:\\\/\\\/digitalsantotome.com.ar\\\/#organization\"},\"potentialAction\":[{\"@type\":\"SearchAction\",\"target\":{\"@type\":\"EntryPoint\",\"urlTemplate\":\"https:\\\/\\\/digitalsantotome.com.ar\\\/?s={search_term_string}\"},\"query-input\":{\"@type\":\"PropertyValueSpecification\",\"valueRequired\":true,\"valueName\":\"search_term_string\"}}],\"inLanguage\":\"es\"},{\"@type\":\"Organization\",\"@id\":\"https:\\\/\\\/digitalsantotome.com.ar\\\/#organization\",\"name\":\"Digital Santo Tom\u00e9\",\"url\":\"https:\\\/\\\/digitalsantotome.com.ar\\\/\",\"logo\":{\"@type\":\"ImageObject\",\"inLanguage\":\"es\",\"@id\":\"https:\\\/\\\/digitalsantotome.com.ar\\\/#\\\/schema\\\/logo\\\/image\\\/\",\"url\":\"https:\\\/\\\/digitalsantotome.com.ar\\\/wp-content\\\/uploads\\\/2023\\\/01\\\/facebook.jpg\",\"contentUrl\":\"https:\\\/\\\/digitalsantotome.com.ar\\\/wp-content\\\/uploads\\\/2023\\\/01\\\/facebook.jpg\",\"width\":512,\"height\":376,\"caption\":\"Digital Santo Tom\u00e9\"},\"image\":{\"@id\":\"https:\\\/\\\/digitalsantotome.com.ar\\\/#\\\/schema\\\/logo\\\/image\\\/\"}},{\"@type\":\"Person\",\"@id\":\"https:\\\/\\\/digitalsantotome.com.ar\\\/#\\\/schema\\\/person\\\/8991d8822886fedd92ce7f03817e1bdf\",\"name\":\"Jose Carlos Machado\",\"url\":\"https:\\\/\\\/digitalsantotome.com.ar\\\/?author=2\"}]}<\/script>\n<!-- \/ Yoast SEO plugin. -->","yoast_head_json":{"title":"Rechazo judicial a cautelar de Ricardo Colombi contra la Convenci\u00f3n de la UCR - Digital Santo Tom\u00e9","robots":{"index":"index","follow":"follow","max-snippet":"max-snippet:-1","max-image-preview":"max-image-preview:large","max-video-preview":"max-video-preview:-1"},"canonical":"https:\/\/digitalsantotome.com.ar\/?p=7224","og_locale":"es_ES","og_type":"article","og_title":"Rechazo judicial a cautelar de Ricardo Colombi contra la Convenci\u00f3n de la UCR - Digital Santo Tom\u00e9","og_description":"CORRIENTES. La justicia federal con competencia electoral rechaz\u00f3 un planteo del senador Ricardo Colombi sobre la Convenci\u00f3n fe la UCR que defini\u00f3 el calendario electoral y prorrog\u00f3 mandatos Con el patrocinio del doctor Aquino Britos reclam\u00f3 que se suspendan, provisoriamente esas resoluciones Al mismo tiempo solicita la continuidad del funcionamiento del Comit\u00e9 Central que preside...","og_url":"https:\/\/digitalsantotome.com.ar\/?p=7224","og_site_name":"Digital Santo Tom\u00e9","article_published_time":"2024-05-20T09:44:14+00:00","article_modified_time":"2024-05-20T09:44:18+00:00","og_image":[{"width":900,"height":541,"url":"https:\/\/digitalsantotome.com.ar\/wp-content\/uploads\/2024\/05\/473342.1716060302.jpeg_grande-1.jpg","type":"image\/jpeg"}],"author":"Jose Carlos Machado","twitter_card":"summary_large_image","twitter_misc":{"Escrito por":"Jose Carlos Machado","Tiempo de lectura":"1 minuto"},"schema":{"@context":"https:\/\/schema.org","@graph":[{"@type":"Article","@id":"https:\/\/digitalsantotome.com.ar\/?p=7224#article","isPartOf":{"@id":"https:\/\/digitalsantotome.com.ar\/?p=7224"},"author":{"name":"Jose Carlos Machado","@id":"https:\/\/digitalsantotome.com.ar\/#\/schema\/person\/8991d8822886fedd92ce7f03817e1bdf"},"headline":"Rechazo judicial a cautelar de Ricardo Colombi contra la Convenci\u00f3n de la UCR","datePublished":"2024-05-20T09:44:14+00:00","dateModified":"2024-05-20T09:44:18+00:00","mainEntityOfPage":{"@id":"https:\/\/digitalsantotome.com.ar\/?p=7224"},"wordCount":104,"publisher":{"@id":"https:\/\/digitalsantotome.com.ar\/#organization"},"image":{"@id":"https:\/\/digitalsantotome.com.ar\/?p=7224#primaryimage"},"thumbnailUrl":"https:\/\/digitalsantotome.com.ar\/wp-content\/uploads\/2024\/05\/473342.1716060302.jpeg_grande-1.jpg","articleSection":["Noticias breves"],"inLanguage":"es"},{"@type":"WebPage","@id":"https:\/\/digitalsantotome.com.ar\/?p=7224","url":"https:\/\/digitalsantotome.com.ar\/?p=7224","name":"Rechazo judicial a cautelar de Ricardo Colombi contra la Convenci\u00f3n de la UCR - Digital Santo Tom\u00e9","isPartOf":{"@id":"https:\/\/digitalsantotome.com.ar\/#website"},"primaryImageOfPage":{"@id":"https:\/\/digitalsantotome.com.ar\/?p=7224#primaryimage"},"image":{"@id":"https:\/\/digitalsantotome.com.ar\/?p=7224#primaryimage"},"thumbnailUrl":"https:\/\/digitalsantotome.com.ar\/wp-content\/uploads\/2024\/05\/473342.1716060302.jpeg_grande-1.jpg","datePublished":"2024-05-20T09:44:14+00:00","dateModified":"2024-05-20T09:44:18+00:00","breadcrumb":{"@id":"https:\/\/digitalsantotome.com.ar\/?p=7224#breadcrumb"},"inLanguage":"es","potentialAction":[{"@type":"ReadAction","target":["https:\/\/digitalsantotome.com.ar\/?p=7224"]}]},{"@type":"ImageObject","inLanguage":"es","@id":"https:\/\/digitalsantotome.com.ar\/?p=7224#primaryimage","url":"https:\/\/digitalsantotome.com.ar\/wp-content\/uploads\/2024\/05\/473342.1716060302.jpeg_grande-1.jpg","contentUrl":"https:\/\/digitalsantotome.com.ar\/wp-content\/uploads\/2024\/05\/473342.1716060302.jpeg_grande-1.jpg","width":900,"height":541},{"@type":"BreadcrumbList","@id":"https:\/\/digitalsantotome.com.ar\/?p=7224#breadcrumb","itemListElement":[{"@type":"ListItem","position":1,"name":"Portada","item":"https:\/\/digitalsantotome.com.ar\/"},{"@type":"ListItem","position":2,"name":"Rechazo judicial a cautelar de Ricardo Colombi contra la Convenci\u00f3n de la UCR"}]},{"@type":"WebSite","@id":"https:\/\/digitalsantotome.com.ar\/#website","url":"https:\/\/digitalsantotome.com.ar\/","name":"Digital Santo Tom\u00e9","description":"Noticias desde Santo Tom\u00e9 al Mundo \u2013 La informacion que decide","publisher":{"@id":"https:\/\/digitalsantotome.com.ar\/#organization"},"potentialAction":[{"@type":"SearchAction","target":{"@type":"EntryPoint","urlTemplate":"https:\/\/digitalsantotome.com.ar\/?s={search_term_string}"},"query-input":{"@type":"PropertyValueSpecification","valueRequired":true,"valueName":"search_term_string"}}],"inLanguage":"es"},{"@type":"Organization","@id":"https:\/\/digitalsantotome.com.ar\/#organization","name":"Digital Santo Tom\u00e9","url":"https:\/\/digitalsantotome.com.ar\/","logo":{"@type":"ImageObject","inLanguage":"es","@id":"https:\/\/digitalsantotome.com.ar\/#\/schema\/logo\/image\/","url":"https:\/\/digitalsantotome.com.ar\/wp-content\/uploads\/2023\/01\/facebook.jpg","contentUrl":"https:\/\/digitalsantotome.com.ar\/wp-content\/uploads\/2023\/01\/facebook.jpg","width":512,"height":376,"caption":"Digital Santo Tom\u00e9"},"image":{"@id":"https:\/\/digitalsantotome.com.ar\/#\/schema\/logo\/image\/"}},{"@type":"Person","@id":"https:\/\/digitalsantotome.com.ar\/#\/schema\/person\/8991d8822886fedd92ce7f03817e1bdf","name":"Jose Carlos Machado","url":"https:\/\/digitalsantotome.com.ar\/?author=2"}]}},"_links":{"self":[{"href":"https:\/\/digitalsantotome.com.ar\/index.php?rest_route=\/wp\/v2\/posts\/7224","targetHints":{"allow":["GET"]}}],"collection":[{"href":"https:\/\/digitalsantotome.com.ar\/index.php?rest_route=\/wp\/v2\/posts"}],"about":[{"href":"https:\/\/digitalsantotome.com.ar\/index.php?rest_route=\/wp\/v2\/types\/post"}],"author":[{"embeddable":true,"href":"https:\/\/digitalsantotome.com.ar\/index.php?rest_route=\/wp\/v2\/users\/2"}],"replies":[{"embeddable":true,"href":"https:\/\/digitalsantotome.com.ar\/index.php?rest_route=%2Fwp%2Fv2%2Fcomments&post=7224"}],"version-history":[{"count":2,"href":"https:\/\/digitalsantotome.com.ar\/index.php?rest_route=\/wp\/v2\/posts\/7224\/revisions"}],"predecessor-version":[{"id":7227,"href":"https:\/\/digitalsantotome.com.ar\/index.php?rest_route=\/wp\/v2\/posts\/7224\/revisions\/7227"}],"wp:featuredmedia":[{"embeddable":true,"href":"https:\/\/digitalsantotome.com.ar\/index.php?rest_route=\/wp\/v2\/media\/7225"}],"wp:attachment":[{"href":"https:\/\/digitalsantotome.com.ar\/index.php?rest_route=%2Fwp%2Fv2%2Fmedia&parent=7224"}],"wp:term":[{"taxonomy":"category","embeddable":true,"href":"https:\/\/digitalsantotome.com.ar\/index.php?rest_route=%2Fwp%2Fv2%2Fcategories&post=7224"},{"taxonomy":"post_tag","embeddable":true,"href":"https:\/\/digitalsantotome.com.ar\/index.php?rest_route=%2Fwp%2Fv2%2Ftags&post=7224"}],"curies":[{"name":"wp","href":"https:\/\/api.w.org\/{rel}","templated":true}]}}