{"id":7411,"date":"2024-06-05T07:14:36","date_gmt":"2024-06-05T10:14:36","guid":{"rendered":"https:\/\/digitalsantotome.com.ar\/?p=7411"},"modified":"2024-06-05T16:09:25","modified_gmt":"2024-06-05T19:09:25","slug":"el-director-del-hospital-san-juan-bautista-hablo-del-accionar-del-centro-asistencial-publico","status":"publish","type":"post","link":"https:\/\/digitalsantotome.com.ar\/?p=7411","title":{"rendered":"El director del Hospital \u201cSan Juan Bautista\u201d habl\u00f3 del accionar del centro asistencial p\u00fablico"},"content":{"rendered":"<p>SANTO TOME. El director ejecutivo del Hospital \u201cSan Juan Bautista\u201d, doctor Ram\u00f3n Victoria; se explay\u00f3 acerca de algunos temas de relevancia del centro asistencial p\u00fablico de esta ciudad, tal como lo hace peri\u00f3dicamente. Campa\u00f1a de vacunaci\u00f3n, cantidad de derivaciones a otros centros de mayor complejidad como ser de Corrientes Capital; obras paralizadas y la incorporaci\u00f3n de una profesional traumat\u00f3loga que est\u00e1 haciendo su residencia en Santo Tom\u00e9.<\/p>\n<p>En declaraciones a la prensa, Victoria indic\u00f3 que \u201cestamos como siempre, trabajando ac\u00e1 en el nosocomio. Justamente estamos ahora en una campa\u00f1a de vacunaci\u00f3n que se est\u00e1 realizando, que pr\u00e1cticamente ha finalizado. Justamente estamos, se ha convocado a las fuerzas de seguridad, se ha convocado a prefectura, a gendarmer\u00eda, a polic\u00eda, y se han colocado las dosis correspondientes al personal de dichas fuerzas. Tambi\u00e9n se est\u00e1, en este momento, convocando a todas aquellas mam\u00e1s que est\u00e1n gestantes, que est\u00e1n dentro de las 32 y 36 semanas de gestaci\u00f3n, a que se acerquen al vacunatorio para aplicarse la vacuna contra el virus incisivo respiratorio. Eso le da una protecci\u00f3n al beb\u00e9 tambi\u00e9n para que despu\u00e9s que nazca, a unos seis meses, y con eso nosotros muchas veces evitamos los colapsos de los servicios, que justamente con estos cambios clim\u00e1ticos que estamos teniendo en este momento, empiezan a llenarse las salas de APS con requerimiento de problemas respiratorios. Entonces con esto nosotros podemos ayudar, pero bueno, tambi\u00e9n necesitamos que cumplan sus calendarios de vacunaci\u00f3n todas aquellas mam\u00e1s que est\u00e1n embarazadas para que esto no vuelva a suceder. Tambi\u00e9n se est\u00e1 colocando las vacunas contra la neumon\u00eda, contra influenza, y las vacunas que ven\u00edamos colocando de dengue. Eso lo venimos, se viene realizando constantemente en nuestro vacunatorio, que est\u00e1 trabajando de lunes a viernes en horario matutino, as\u00ed que le convocamos a la poblaci\u00f3n que se acerque y que todas las consultas est\u00e1n abiertas\u201d indic\u00f3 Victoria.<\/p>\n<p>DERIVACIONES Y SUS COSTOS ELEVADOS<\/p>\n<p>Otros de los temas abordados fue el relacionado a la cantidad de derivaciones que se realizan mensualmente y que genera un \u201chueco financiero\u201d en las arcas del Hospital local. \u201cLas derivaciones es algo muy din\u00e1mico. Por ejemplo, este mes que hemos pasado, hoy ya estamos en junio, en el mes de mayo, hemos tenido un total de 19 a 20 derivaciones. Es decir, hay meses que tenemos todos los d\u00edas una derivaci\u00f3n o dos derivaciones por d\u00eda, pero por eso digo que es muy din\u00e1mico. Este mes hemos tenido 19 a 20 derivaciones. \u00bfQu\u00e9 es lo que sale una derivaci\u00f3n? Y una derivaci\u00f3n, y hoy por hoy andar\u00e1 alrededor de los 200 mil pesos, ya que el combustible es lo que m\u00e1s nos afecta a nosotros. Bueno, nosotros estamos bastante alejados de nuestro centro de derivaci\u00f3n, de la corriente capital. Una ambulancia hoy por hoy debe rondar casi en los 100 mil pesos un tanque completo de una ambulancia. Hay que volver a cargarlo para regresar. Y bueno, m\u00e1s vi\u00e1tico que se le otorga a los choferes, a los enfermeros, es m\u00e1s o menos andar\u00eda en eso. Despu\u00e9s est\u00e1 el tema de las obras sociales. Un poco que ayuda al sistema. Nosotros con las obras sociales trabajamos, con todas las obras sociales, eso lo maneja la Unidad Ejecutora Provincial. Nosotros trabajamos a trav\u00e9s de ellos. Ellos son los que se encargan del cobro y a su vez despu\u00e9s nos transfieren el dinero a nosotros ac\u00e1\u201d asever\u00f3 el director hospitalario de esta ciudad.<\/p>\n<p>OBRAS<\/p>\n<p>Otro de los temas abordados fue el relacionado a las obras que se encuentran paralizadas, aparentemente por falta de fondos para solventar los gastos que demanda el avance de los trabajos. \u201cY la obra principal hoy por hoy est\u00e1 detenida, est\u00e1 parada por unas cuestiones log\u00edsticas aparentemente\u201d se\u00f1al\u00f3.<\/p>\n<p>En esa l\u00ednea manifest\u00f3: \u201cNosotros tenemos una perforaci\u00f3n dentro de lo que van a ser los nuevos quir\u00f3fanos y la maternidad, que siempre venimos charlando. Entonces se est\u00e1 viendo si se va a hacer otra perforaci\u00f3n en otro lugar para anular eso, para que eso no influya despu\u00e9s en el funcionamiento normal de los quir\u00f3fanos nuevos que nos van a hacer. Se est\u00e1 viendo, s\u00ed, refacciones estamos haciendo porque, como siempre, vuelvo a reiterar, nosotros tenemos un nosocomio que tiene su ba\u00f1o, que tiene su d\u00e9ficit edilicio y bueno, tenemos que estar interviniendo con la humedad, con las p\u00e9rdidas, tenemos que estar pintando, tenemos que estar refaccionando constantemente, m\u00e1s con estos cambios clim\u00e1ticos que tenemos\u201d.<\/p>\n<p>OBRA PARALIZADA<\/p>\n<p>\u00bfHab\u00eda algunas versiones, doctor, que dec\u00edan que era por una cuesti\u00f3n de fondos, de falta de recursos financieros para \u00a0esta obra, que la ten\u00eda que enviar el Ministerio de Hacienda? fue consultado Victoria. \u201cNo podr\u00eda confirmarte porque no manejo yo esa informaci\u00f3n, no la tengo, eso ya est\u00e1 a otro nivel. Bueno, pues no es algo que nosotros queremos que eso sea as\u00ed\u201d puntualiz\u00f3.<\/p>\n<p>OTRO PROFESIONAL<\/p>\n<p>Finalmente, Victoria se refiri\u00f3 a los m\u00e9dicos y a la necesidad de contar con m\u00e1s profesionales. \u201cS\u00ed, nosotros, eso es algo important\u00edsimo, quiz\u00e1 me estaba olvidando, hoy por hoy, tenemos anexado una residente nueva de traumatolog\u00eda donde nosotros vamos a cubrir las 30 guardias que nos corresponden mensuales, as\u00ed que eso es lo importante hoy por hoy, y tambi\u00e9n rescatar o recalcar que dan todos los servicios cumpliendo con sus guardias. As\u00ed que tenemos que eso para nuestro hospital es un logro y un esfuerzo de los profesionales y agradezco ese esfuerzo profesional ya que todas las guardias est\u00e1n cubiertas de todos los servicios\u201d se\u00f1al\u00f3.<\/p>\n<table>\n<tbody>\n<tr>\n<td width=\"44\"><\/td>\n<td width=\"845\"><\/td>\n<\/tr>\n<\/tbody>\n<\/table>\n<p>&nbsp;<\/p>\n","protected":false},"excerpt":{"rendered":"<p>SANTO TOME. El director ejecutivo del Hospital \u201cSan Juan Bautista\u201d, doctor Ram\u00f3n Victoria; se explay\u00f3 acerca de algunos temas de relevancia del centro asistencial p\u00fablico de esta ciudad, tal como lo hace peri\u00f3dicamente. Campa\u00f1a de vacunaci\u00f3n, cantidad de derivaciones a otros centros de mayor complejidad como ser de Corrientes Capital; obras paralizadas y la incorporaci\u00f3n&#8230;<\/p>\n","protected":false},"author":2,"featured_media":7412,"comment_status":"closed","ping_status":"closed","sticky":false,"template":"","format":"standard","meta":{"_kad_post_transparent":"default","_kad_post_title":"default","_kad_post_layout":"default","_kad_post_sidebar_id":"","_kad_post_content_style":"default","_kad_post_vertical_padding":"default","_kad_post_feature":"","_kad_post_feature_position":"","_kad_post_header":false,"_kad_post_footer":false,"_kad_post_classname":"","footnotes":""},"categories":[1],"tags":[],"class_list":["post-7411","post","type-post","status-publish","format-standard","has-post-thumbnail","hentry","category-locales"],"a3_pvc":{"activated":false,"total_views":0,"today_views":0},"yoast_head":"<!-- This site is optimized with the Yoast SEO plugin v27.5 - https:\/\/yoast.com\/product\/yoast-seo-wordpress\/ -->\n<title>El director del Hospital \u201cSan Juan Bautista\u201d habl\u00f3 del accionar del centro asistencial p\u00fablico - Digital Santo Tom\u00e9<\/title>\n<meta name=\"robots\" content=\"index, follow, max-snippet:-1, max-image-preview:large, max-video-preview:-1\" \/>\n<link rel=\"canonical\" href=\"https:\/\/digitalsantotome.com.ar\/?p=7411\" \/>\n<meta property=\"og:locale\" content=\"es_ES\" \/>\n<meta property=\"og:type\" content=\"article\" \/>\n<meta property=\"og:title\" content=\"El director del Hospital \u201cSan Juan Bautista\u201d habl\u00f3 del accionar del centro asistencial p\u00fablico - Digital Santo Tom\u00e9\" \/>\n<meta property=\"og:description\" content=\"SANTO TOME. El director ejecutivo del Hospital \u201cSan Juan Bautista\u201d, doctor Ram\u00f3n Victoria; se explay\u00f3 acerca de algunos temas de relevancia del centro asistencial p\u00fablico de esta ciudad, tal como lo hace peri\u00f3dicamente. Campa\u00f1a de vacunaci\u00f3n, cantidad de derivaciones a otros centros de mayor complejidad como ser de Corrientes Capital; obras paralizadas y la incorporaci\u00f3n...\" \/>\n<meta property=\"og:url\" content=\"https:\/\/digitalsantotome.com.ar\/?p=7411\" \/>\n<meta property=\"og:site_name\" content=\"Digital Santo Tom\u00e9\" \/>\n<meta property=\"article:published_time\" content=\"2024-06-05T10:14:36+00:00\" \/>\n<meta property=\"article:modified_time\" content=\"2024-06-05T19:09:25+00:00\" \/>\n<meta property=\"og:image\" content=\"https:\/\/digitalsantotome.com.ar\/wp-content\/uploads\/2024\/06\/victoria.jpg\" \/>\n\t<meta property=\"og:image:width\" content=\"800\" \/>\n\t<meta property=\"og:image:height\" content=\"600\" \/>\n\t<meta property=\"og:image:type\" content=\"image\/jpeg\" \/>\n<meta name=\"author\" content=\"Jose Carlos Machado\" \/>\n<meta name=\"twitter:card\" content=\"summary_large_image\" \/>\n<meta name=\"twitter:label1\" content=\"Escrito por\" \/>\n\t<meta name=\"twitter:data1\" content=\"Jose Carlos Machado\" \/>\n\t<meta name=\"twitter:label2\" content=\"Tiempo de lectura\" \/>\n\t<meta name=\"twitter:data2\" content=\"5 minutos\" \/>\n<script type=\"application\/ld+json\" class=\"yoast-schema-graph\">{\"@context\":\"https:\\\/\\\/schema.org\",\"@graph\":[{\"@type\":\"Article\",\"@id\":\"https:\\\/\\\/digitalsantotome.com.ar\\\/?p=7411#article\",\"isPartOf\":{\"@id\":\"https:\\\/\\\/digitalsantotome.com.ar\\\/?p=7411\"},\"author\":{\"name\":\"Jose Carlos Machado\",\"@id\":\"https:\\\/\\\/digitalsantotome.com.ar\\\/#\\\/schema\\\/person\\\/8991d8822886fedd92ce7f03817e1bdf\"},\"headline\":\"El director del Hospital \u201cSan Juan Bautista\u201d habl\u00f3 del accionar del centro asistencial p\u00fablico\",\"datePublished\":\"2024-06-05T10:14:36+00:00\",\"dateModified\":\"2024-06-05T19:09:25+00:00\",\"mainEntityOfPage\":{\"@id\":\"https:\\\/\\\/digitalsantotome.com.ar\\\/?p=7411\"},\"wordCount\":983,\"publisher\":{\"@id\":\"https:\\\/\\\/digitalsantotome.com.ar\\\/#organization\"},\"image\":{\"@id\":\"https:\\\/\\\/digitalsantotome.com.ar\\\/?p=7411#primaryimage\"},\"thumbnailUrl\":\"https:\\\/\\\/digitalsantotome.com.ar\\\/wp-content\\\/uploads\\\/2024\\\/06\\\/victoria.jpg\",\"articleSection\":[\"Locales\"],\"inLanguage\":\"es\"},{\"@type\":\"WebPage\",\"@id\":\"https:\\\/\\\/digitalsantotome.com.ar\\\/?p=7411\",\"url\":\"https:\\\/\\\/digitalsantotome.com.ar\\\/?p=7411\",\"name\":\"El director del Hospital \u201cSan Juan Bautista\u201d habl\u00f3 del accionar del centro asistencial p\u00fablico - Digital Santo Tom\u00e9\",\"isPartOf\":{\"@id\":\"https:\\\/\\\/digitalsantotome.com.ar\\\/#website\"},\"primaryImageOfPage\":{\"@id\":\"https:\\\/\\\/digitalsantotome.com.ar\\\/?p=7411#primaryimage\"},\"image\":{\"@id\":\"https:\\\/\\\/digitalsantotome.com.ar\\\/?p=7411#primaryimage\"},\"thumbnailUrl\":\"https:\\\/\\\/digitalsantotome.com.ar\\\/wp-content\\\/uploads\\\/2024\\\/06\\\/victoria.jpg\",\"datePublished\":\"2024-06-05T10:14:36+00:00\",\"dateModified\":\"2024-06-05T19:09:25+00:00\",\"breadcrumb\":{\"@id\":\"https:\\\/\\\/digitalsantotome.com.ar\\\/?p=7411#breadcrumb\"},\"inLanguage\":\"es\",\"potentialAction\":[{\"@type\":\"ReadAction\",\"target\":[\"https:\\\/\\\/digitalsantotome.com.ar\\\/?p=7411\"]}]},{\"@type\":\"ImageObject\",\"inLanguage\":\"es\",\"@id\":\"https:\\\/\\\/digitalsantotome.com.ar\\\/?p=7411#primaryimage\",\"url\":\"https:\\\/\\\/digitalsantotome.com.ar\\\/wp-content\\\/uploads\\\/2024\\\/06\\\/victoria.jpg\",\"contentUrl\":\"https:\\\/\\\/digitalsantotome.com.ar\\\/wp-content\\\/uploads\\\/2024\\\/06\\\/victoria.jpg\",\"width\":800,\"height\":600},{\"@type\":\"BreadcrumbList\",\"@id\":\"https:\\\/\\\/digitalsantotome.com.ar\\\/?p=7411#breadcrumb\",\"itemListElement\":[{\"@type\":\"ListItem\",\"position\":1,\"name\":\"Portada\",\"item\":\"https:\\\/\\\/digitalsantotome.com.ar\\\/\"},{\"@type\":\"ListItem\",\"position\":2,\"name\":\"El director del Hospital \u201cSan Juan Bautista\u201d habl\u00f3 del accionar del centro asistencial p\u00fablico\"}]},{\"@type\":\"WebSite\",\"@id\":\"https:\\\/\\\/digitalsantotome.com.ar\\\/#website\",\"url\":\"https:\\\/\\\/digitalsantotome.com.ar\\\/\",\"name\":\"Digital Santo Tom\u00e9\",\"description\":\"Noticias desde Santo Tom\u00e9 al Mundo \u2013 La informacion que decide\",\"publisher\":{\"@id\":\"https:\\\/\\\/digitalsantotome.com.ar\\\/#organization\"},\"potentialAction\":[{\"@type\":\"SearchAction\",\"target\":{\"@type\":\"EntryPoint\",\"urlTemplate\":\"https:\\\/\\\/digitalsantotome.com.ar\\\/?s={search_term_string}\"},\"query-input\":{\"@type\":\"PropertyValueSpecification\",\"valueRequired\":true,\"valueName\":\"search_term_string\"}}],\"inLanguage\":\"es\"},{\"@type\":\"Organization\",\"@id\":\"https:\\\/\\\/digitalsantotome.com.ar\\\/#organization\",\"name\":\"Digital Santo Tom\u00e9\",\"url\":\"https:\\\/\\\/digitalsantotome.com.ar\\\/\",\"logo\":{\"@type\":\"ImageObject\",\"inLanguage\":\"es\",\"@id\":\"https:\\\/\\\/digitalsantotome.com.ar\\\/#\\\/schema\\\/logo\\\/image\\\/\",\"url\":\"https:\\\/\\\/digitalsantotome.com.ar\\\/wp-content\\\/uploads\\\/2023\\\/01\\\/facebook.jpg\",\"contentUrl\":\"https:\\\/\\\/digitalsantotome.com.ar\\\/wp-content\\\/uploads\\\/2023\\\/01\\\/facebook.jpg\",\"width\":512,\"height\":376,\"caption\":\"Digital Santo Tom\u00e9\"},\"image\":{\"@id\":\"https:\\\/\\\/digitalsantotome.com.ar\\\/#\\\/schema\\\/logo\\\/image\\\/\"}},{\"@type\":\"Person\",\"@id\":\"https:\\\/\\\/digitalsantotome.com.ar\\\/#\\\/schema\\\/person\\\/8991d8822886fedd92ce7f03817e1bdf\",\"name\":\"Jose Carlos Machado\",\"url\":\"https:\\\/\\\/digitalsantotome.com.ar\\\/?author=2\"}]}<\/script>\n<!-- \/ Yoast SEO plugin. -->","yoast_head_json":{"title":"El director del Hospital \u201cSan Juan Bautista\u201d habl\u00f3 del accionar del centro asistencial p\u00fablico - Digital Santo Tom\u00e9","robots":{"index":"index","follow":"follow","max-snippet":"max-snippet:-1","max-image-preview":"max-image-preview:large","max-video-preview":"max-video-preview:-1"},"canonical":"https:\/\/digitalsantotome.com.ar\/?p=7411","og_locale":"es_ES","og_type":"article","og_title":"El director del Hospital \u201cSan Juan Bautista\u201d habl\u00f3 del accionar del centro asistencial p\u00fablico - Digital Santo Tom\u00e9","og_description":"SANTO TOME. El director ejecutivo del Hospital \u201cSan Juan Bautista\u201d, doctor Ram\u00f3n Victoria; se explay\u00f3 acerca de algunos temas de relevancia del centro asistencial p\u00fablico de esta ciudad, tal como lo hace peri\u00f3dicamente. Campa\u00f1a de vacunaci\u00f3n, cantidad de derivaciones a otros centros de mayor complejidad como ser de Corrientes Capital; obras paralizadas y la incorporaci\u00f3n...","og_url":"https:\/\/digitalsantotome.com.ar\/?p=7411","og_site_name":"Digital Santo Tom\u00e9","article_published_time":"2024-06-05T10:14:36+00:00","article_modified_time":"2024-06-05T19:09:25+00:00","og_image":[{"width":800,"height":600,"url":"https:\/\/digitalsantotome.com.ar\/wp-content\/uploads\/2024\/06\/victoria.jpg","type":"image\/jpeg"}],"author":"Jose Carlos Machado","twitter_card":"summary_large_image","twitter_misc":{"Escrito por":"Jose Carlos Machado","Tiempo de lectura":"5 minutos"},"schema":{"@context":"https:\/\/schema.org","@graph":[{"@type":"Article","@id":"https:\/\/digitalsantotome.com.ar\/?p=7411#article","isPartOf":{"@id":"https:\/\/digitalsantotome.com.ar\/?p=7411"},"author":{"name":"Jose Carlos Machado","@id":"https:\/\/digitalsantotome.com.ar\/#\/schema\/person\/8991d8822886fedd92ce7f03817e1bdf"},"headline":"El director del Hospital \u201cSan Juan Bautista\u201d habl\u00f3 del accionar del centro asistencial p\u00fablico","datePublished":"2024-06-05T10:14:36+00:00","dateModified":"2024-06-05T19:09:25+00:00","mainEntityOfPage":{"@id":"https:\/\/digitalsantotome.com.ar\/?p=7411"},"wordCount":983,"publisher":{"@id":"https:\/\/digitalsantotome.com.ar\/#organization"},"image":{"@id":"https:\/\/digitalsantotome.com.ar\/?p=7411#primaryimage"},"thumbnailUrl":"https:\/\/digitalsantotome.com.ar\/wp-content\/uploads\/2024\/06\/victoria.jpg","articleSection":["Locales"],"inLanguage":"es"},{"@type":"WebPage","@id":"https:\/\/digitalsantotome.com.ar\/?p=7411","url":"https:\/\/digitalsantotome.com.ar\/?p=7411","name":"El director del Hospital \u201cSan Juan Bautista\u201d habl\u00f3 del accionar del centro asistencial p\u00fablico - Digital Santo Tom\u00e9","isPartOf":{"@id":"https:\/\/digitalsantotome.com.ar\/#website"},"primaryImageOfPage":{"@id":"https:\/\/digitalsantotome.com.ar\/?p=7411#primaryimage"},"image":{"@id":"https:\/\/digitalsantotome.com.ar\/?p=7411#primaryimage"},"thumbnailUrl":"https:\/\/digitalsantotome.com.ar\/wp-content\/uploads\/2024\/06\/victoria.jpg","datePublished":"2024-06-05T10:14:36+00:00","dateModified":"2024-06-05T19:09:25+00:00","breadcrumb":{"@id":"https:\/\/digitalsantotome.com.ar\/?p=7411#breadcrumb"},"inLanguage":"es","potentialAction":[{"@type":"ReadAction","target":["https:\/\/digitalsantotome.com.ar\/?p=7411"]}]},{"@type":"ImageObject","inLanguage":"es","@id":"https:\/\/digitalsantotome.com.ar\/?p=7411#primaryimage","url":"https:\/\/digitalsantotome.com.ar\/wp-content\/uploads\/2024\/06\/victoria.jpg","contentUrl":"https:\/\/digitalsantotome.com.ar\/wp-content\/uploads\/2024\/06\/victoria.jpg","width":800,"height":600},{"@type":"BreadcrumbList","@id":"https:\/\/digitalsantotome.com.ar\/?p=7411#breadcrumb","itemListElement":[{"@type":"ListItem","position":1,"name":"Portada","item":"https:\/\/digitalsantotome.com.ar\/"},{"@type":"ListItem","position":2,"name":"El director del Hospital \u201cSan Juan Bautista\u201d habl\u00f3 del accionar del centro asistencial p\u00fablico"}]},{"@type":"WebSite","@id":"https:\/\/digitalsantotome.com.ar\/#website","url":"https:\/\/digitalsantotome.com.ar\/","name":"Digital Santo Tom\u00e9","description":"Noticias desde Santo Tom\u00e9 al Mundo \u2013 La informacion que decide","publisher":{"@id":"https:\/\/digitalsantotome.com.ar\/#organization"},"potentialAction":[{"@type":"SearchAction","target":{"@type":"EntryPoint","urlTemplate":"https:\/\/digitalsantotome.com.ar\/?s={search_term_string}"},"query-input":{"@type":"PropertyValueSpecification","valueRequired":true,"valueName":"search_term_string"}}],"inLanguage":"es"},{"@type":"Organization","@id":"https:\/\/digitalsantotome.com.ar\/#organization","name":"Digital Santo Tom\u00e9","url":"https:\/\/digitalsantotome.com.ar\/","logo":{"@type":"ImageObject","inLanguage":"es","@id":"https:\/\/digitalsantotome.com.ar\/#\/schema\/logo\/image\/","url":"https:\/\/digitalsantotome.com.ar\/wp-content\/uploads\/2023\/01\/facebook.jpg","contentUrl":"https:\/\/digitalsantotome.com.ar\/wp-content\/uploads\/2023\/01\/facebook.jpg","width":512,"height":376,"caption":"Digital Santo Tom\u00e9"},"image":{"@id":"https:\/\/digitalsantotome.com.ar\/#\/schema\/logo\/image\/"}},{"@type":"Person","@id":"https:\/\/digitalsantotome.com.ar\/#\/schema\/person\/8991d8822886fedd92ce7f03817e1bdf","name":"Jose Carlos Machado","url":"https:\/\/digitalsantotome.com.ar\/?author=2"}]}},"_links":{"self":[{"href":"https:\/\/digitalsantotome.com.ar\/index.php?rest_route=\/wp\/v2\/posts\/7411","targetHints":{"allow":["GET"]}}],"collection":[{"href":"https:\/\/digitalsantotome.com.ar\/index.php?rest_route=\/wp\/v2\/posts"}],"about":[{"href":"https:\/\/digitalsantotome.com.ar\/index.php?rest_route=\/wp\/v2\/types\/post"}],"author":[{"embeddable":true,"href":"https:\/\/digitalsantotome.com.ar\/index.php?rest_route=\/wp\/v2\/users\/2"}],"replies":[{"embeddable":true,"href":"https:\/\/digitalsantotome.com.ar\/index.php?rest_route=%2Fwp%2Fv2%2Fcomments&post=7411"}],"version-history":[{"count":2,"href":"https:\/\/digitalsantotome.com.ar\/index.php?rest_route=\/wp\/v2\/posts\/7411\/revisions"}],"predecessor-version":[{"id":7414,"href":"https:\/\/digitalsantotome.com.ar\/index.php?rest_route=\/wp\/v2\/posts\/7411\/revisions\/7414"}],"wp:featuredmedia":[{"embeddable":true,"href":"https:\/\/digitalsantotome.com.ar\/index.php?rest_route=\/wp\/v2\/media\/7412"}],"wp:attachment":[{"href":"https:\/\/digitalsantotome.com.ar\/index.php?rest_route=%2Fwp%2Fv2%2Fmedia&parent=7411"}],"wp:term":[{"taxonomy":"category","embeddable":true,"href":"https:\/\/digitalsantotome.com.ar\/index.php?rest_route=%2Fwp%2Fv2%2Fcategories&post=7411"},{"taxonomy":"post_tag","embeddable":true,"href":"https:\/\/digitalsantotome.com.ar\/index.php?rest_route=%2Fwp%2Fv2%2Ftags&post=7411"}],"curies":[{"name":"wp","href":"https:\/\/api.w.org\/{rel}","templated":true}]}}