{"id":7544,"date":"2024-06-27T17:16:05","date_gmt":"2024-06-27T20:16:05","guid":{"rendered":"https:\/\/digitalsantotome.com.ar\/?p=7544"},"modified":"2024-06-27T17:16:09","modified_gmt":"2024-06-27T20:16:09","slug":"%f0%9d%97%a8%f0%9d%97%bb-%f0%9d%97%bd%f0%9d%97%bc%f0%9d%97%b9%f0%9d%97%b6%f0%9d%97%b0%f0%9d%97%b6%f0%9d%97%ae-%f0%9d%97%b1%f0%9d%97%b2%f0%9d%97%bb%f0%9d%98%82%f0%9d%97%bb%f0%9d%97%b0","status":"publish","type":"post","link":"https:\/\/digitalsantotome.com.ar\/?p=7544","title":{"rendered":"\u201c?? ??????\u0301? ?????????? ?????\u0301 ? ???? ?? ?? ????????\u0301? ? ???????\u0301 ?? ????????????\u0301? ??? ???? ????\u201d, ?????????\u0301 ???????????"},"content":{"rendered":"<p style=\"font-weight: 400;\"><u>CORRIENTES. \u201cConvocamos a los ministros porque hay cuestiones que corregir. Un polic\u00eda denunciado era el jefe de la Comisar\u00eda en 9 de Julio y estuvo al frente de la investigaci\u00f3n de la desaparici\u00f3n de Loan Pe\u00f1a por varios d\u00edas, cuestion\u00f3 el senador justicialista, Mart\u00edn Barrionuevo sobre el oficial detenido Walter Maciel, tras la reuni\u00f3n los legisladores con los ministros de Seguridad, Buenaventura Duarte y de Justicia y Derechos Humanos, Jos\u00e9 L\u00f3pez Desimoni y del jefe de Polic\u00eda, Alberto Molina.<\/u><\/p>\n<p style=\"font-weight: 400;\">En este sentido, junto a sus pares del Bloque PJ, Jos\u00e9 \u201cPit\u00edn\u201d Arag\u00f3n y Celeste Asc\u00faa, Barrionuevo consider\u00f3 que la prioridad es \u201cla aparici\u00f3n con vida de Loan\u201d y tambi\u00e9n resulta fundamental evaluar cu\u00e1l es el sistema disciplinario en la Polic\u00eda, \u201cque hace que un funcionario pueda ocupar un cargo como jefe de una Comisar\u00eda, a\u00fan teniendo antecedentes\u201d.<\/p>\n<p style=\"font-weight: 400;\">\u201cLo que nos interesa en primera instancia que se encuentre a Loan y adem\u00e1s corregir aquello en lo que no se actu\u00f3 bien: la falta de controles es un hecho ineludible, como lo es tambi\u00e9n que un miembro de la polic\u00eda de Corrientes, un Comisario, est\u00e1 detenido\u201d , sostuvo el senador Mart\u00edn Barrionuevo.<\/p>\n<p style=\"font-weight: 400;\">Al respecto afirm\u00f3 que \u201chay un sistema disciplinario para los subalternos y un sistema de protecci\u00f3n para muchos jefes\u201d y se\u00f1al\u00f3 que la cuesti\u00f3n \u201cfue tambi\u00e9n planteada en la reuni\u00f3n\u201d.<\/p>\n<p style=\"font-weight: 400;\">Seguidamente sostuvo sobre la misma cuesti\u00f3n que, \u201cen muchas actuaciones disciplinarias policiales los traslados y los retiros son para las v\u00edctimas y no para los acusados\u201d.<\/p>\n<p style=\"font-weight: 400;\">Y agreg\u00f3 que \u201cal parecer, luego de una denuncia a un superior de la Polic\u00eda, el futuro inmediato es el retiro o el traslado \u201c.<\/p>\n<p style=\"font-weight: 400;\">\u201cEsto no puede ocurrir. Debemos corregirlo, si hay que cambiar alguna norma para que esto no pase, cambi\u00e9mosla, para eso convocamos a los ministros, para encontrar entre todos las cuestiones que debemos corregir hacia adelante\u201d, concluy\u00f3 Barrionuevo.<\/p>\n<p style=\"font-weight: 400;\">En similar sentido se expres\u00f3 sobre el caso Loan Pe\u00f1a el senador Arag\u00f3n al afirmar que \u201chay responsabilidad Poder Ejecutivo provincial\u201d y mencion\u00f3 que \u201clos fiscales alegaban que no ten\u00edan las herramientas para trabajar\u201d.<\/p>\n<p style=\"font-weight: 400;\">\u201cCu\u00e1ntos Loan m\u00e1s necesitamos para que el Gobierno provincial tome medidas para revertir todas estas cuestiones que est\u00e1n funcionando mal\u201d, se pregunt\u00f3 el senador peronista.<\/p>\n<p style=\"font-weight: 400;\">Por su parte, la senadora Celeste Asc\u00faa ,afirm\u00f3 que \u201chay cosas que cambiar, no puede ser que un comisario denunciado por abuso sexual y por sus subalternos, haya llevado adelante la investigaci\u00f3n por la desaparici\u00f3n de Loan durante nueve d\u00edas\u201d.<\/p>\n<p style=\"font-weight: 400;\">\u201cQueremos ser parte y colaborar para que esto no vuelva a suceder, para que no no exista un Loan nuevamente\u201d, cerr\u00f3 la legisladora sobre la desaparici\u00f3n del ni\u00f1o de cinco a\u00f1os el pasado 13 de junio en la localidad de 9 de Julio.<\/p>\n","protected":false},"excerpt":{"rendered":"<p>CORRIENTES. \u201cConvocamos a los ministros porque hay cuestiones que corregir. Un polic\u00eda denunciado era el jefe de la Comisar\u00eda en 9 de Julio y estuvo al frente de la investigaci\u00f3n de la desaparici\u00f3n de Loan Pe\u00f1a por varios d\u00edas, cuestion\u00f3 el senador justicialista, Mart\u00edn Barrionuevo sobre el oficial detenido Walter Maciel, tras la reuni\u00f3n los&#8230;<\/p>\n","protected":false},"author":2,"featured_media":7545,"comment_status":"closed","ping_status":"closed","sticky":false,"template":"","format":"standard","meta":{"_kad_post_transparent":"default","_kad_post_title":"default","_kad_post_layout":"default","_kad_post_sidebar_id":"","_kad_post_content_style":"default","_kad_post_vertical_padding":"default","_kad_post_feature":"","_kad_post_feature_position":"","_kad_post_header":false,"_kad_post_footer":false,"_kad_post_classname":"","footnotes":""},"categories":[2],"tags":[],"class_list":["post-7544","post","type-post","status-publish","format-standard","has-post-thumbnail","hentry","category-provinciales"],"a3_pvc":{"activated":false,"total_views":0,"today_views":0},"yoast_head":"<!-- This site is optimized with the Yoast SEO plugin v27.5 - https:\/\/yoast.com\/product\/yoast-seo-wordpress\/ -->\n<title>\u201c?? ??????\u0301? ?????????? ?????\u0301 ? ???? ?? ?? ????????\u0301? ? ???????\u0301 ?? ????????????\u0301? ??? ???? ????\u201d, ?????????\u0301 ??????????? - Digital Santo Tom\u00e9<\/title>\n<meta name=\"robots\" content=\"index, follow, max-snippet:-1, max-image-preview:large, max-video-preview:-1\" \/>\n<link rel=\"canonical\" href=\"https:\/\/digitalsantotome.com.ar\/?p=7544\" \/>\n<meta property=\"og:locale\" content=\"es_ES\" \/>\n<meta property=\"og:type\" content=\"article\" \/>\n<meta property=\"og:title\" content=\"\u201c?? ??????\u0301? ?????????? ?????\u0301 ? ???? ?? ?? ????????\u0301? ? ???????\u0301 ?? ????????????\u0301? ??? ???? ????\u201d, ?????????\u0301 ??????????? - Digital Santo Tom\u00e9\" \/>\n<meta property=\"og:description\" content=\"CORRIENTES. \u201cConvocamos a los ministros porque hay cuestiones que corregir. Un polic\u00eda denunciado era el jefe de la Comisar\u00eda en 9 de Julio y estuvo al frente de la investigaci\u00f3n de la desaparici\u00f3n de Loan Pe\u00f1a por varios d\u00edas, cuestion\u00f3 el senador justicialista, Mart\u00edn Barrionuevo sobre el oficial detenido Walter Maciel, tras la reuni\u00f3n los...\" \/>\n<meta property=\"og:url\" content=\"https:\/\/digitalsantotome.com.ar\/?p=7544\" \/>\n<meta property=\"og:site_name\" content=\"Digital Santo Tom\u00e9\" \/>\n<meta property=\"article:published_time\" content=\"2024-06-27T20:16:05+00:00\" \/>\n<meta property=\"article:modified_time\" content=\"2024-06-27T20:16:09+00:00\" \/>\n<meta property=\"og:image\" content=\"https:\/\/digitalsantotome.com.ar\/wp-content\/uploads\/2024\/06\/WhatsApp-Image-2024-06-27-at-10.10.55-AM.jpeg\" \/>\n\t<meta property=\"og:image:width\" content=\"1280\" \/>\n\t<meta property=\"og:image:height\" content=\"589\" \/>\n\t<meta property=\"og:image:type\" content=\"image\/jpeg\" \/>\n<meta name=\"author\" content=\"Jose Carlos Machado\" \/>\n<meta name=\"twitter:card\" content=\"summary_large_image\" \/>\n<meta name=\"twitter:label1\" content=\"Escrito por\" \/>\n\t<meta name=\"twitter:data1\" content=\"Jose Carlos Machado\" \/>\n\t<meta name=\"twitter:label2\" content=\"Tiempo de lectura\" \/>\n\t<meta name=\"twitter:data2\" content=\"3 minutos\" \/>\n<script type=\"application\/ld+json\" class=\"yoast-schema-graph\">{\"@context\":\"https:\\\/\\\/schema.org\",\"@graph\":[{\"@type\":\"Article\",\"@id\":\"https:\\\/\\\/digitalsantotome.com.ar\\\/?p=7544#article\",\"isPartOf\":{\"@id\":\"https:\\\/\\\/digitalsantotome.com.ar\\\/?p=7544\"},\"author\":{\"name\":\"Jose Carlos Machado\",\"@id\":\"https:\\\/\\\/digitalsantotome.com.ar\\\/#\\\/schema\\\/person\\\/8991d8822886fedd92ce7f03817e1bdf\"},\"headline\":\"\u201c?? ??????\u0301? ?????????? ?????\u0301 ? ???? ?? ?? ????????\u0301? ? ???????\u0301 ?? ????????????\u0301? ??? ???? ????\u201d, ?????????\u0301 ???????????\",\"datePublished\":\"2024-06-27T20:16:05+00:00\",\"dateModified\":\"2024-06-27T20:16:09+00:00\",\"mainEntityOfPage\":{\"@id\":\"https:\\\/\\\/digitalsantotome.com.ar\\\/?p=7544\"},\"wordCount\":490,\"publisher\":{\"@id\":\"https:\\\/\\\/digitalsantotome.com.ar\\\/#organization\"},\"image\":{\"@id\":\"https:\\\/\\\/digitalsantotome.com.ar\\\/?p=7544#primaryimage\"},\"thumbnailUrl\":\"https:\\\/\\\/digitalsantotome.com.ar\\\/wp-content\\\/uploads\\\/2024\\\/06\\\/WhatsApp-Image-2024-06-27-at-10.10.55-AM.jpeg\",\"articleSection\":[\"Provinciales\"],\"inLanguage\":\"es\"},{\"@type\":\"WebPage\",\"@id\":\"https:\\\/\\\/digitalsantotome.com.ar\\\/?p=7544\",\"url\":\"https:\\\/\\\/digitalsantotome.com.ar\\\/?p=7544\",\"name\":\"\u201c?? ??????\u0301? ?????????? ?????\u0301 ? ???? ?? ?? ????????\u0301? ? ???????\u0301 ?? ????????????\u0301? ??? ???? ????\u201d, ?????????\u0301 ??????????? - Digital Santo Tom\u00e9\",\"isPartOf\":{\"@id\":\"https:\\\/\\\/digitalsantotome.com.ar\\\/#website\"},\"primaryImageOfPage\":{\"@id\":\"https:\\\/\\\/digitalsantotome.com.ar\\\/?p=7544#primaryimage\"},\"image\":{\"@id\":\"https:\\\/\\\/digitalsantotome.com.ar\\\/?p=7544#primaryimage\"},\"thumbnailUrl\":\"https:\\\/\\\/digitalsantotome.com.ar\\\/wp-content\\\/uploads\\\/2024\\\/06\\\/WhatsApp-Image-2024-06-27-at-10.10.55-AM.jpeg\",\"datePublished\":\"2024-06-27T20:16:05+00:00\",\"dateModified\":\"2024-06-27T20:16:09+00:00\",\"breadcrumb\":{\"@id\":\"https:\\\/\\\/digitalsantotome.com.ar\\\/?p=7544#breadcrumb\"},\"inLanguage\":\"es\",\"potentialAction\":[{\"@type\":\"ReadAction\",\"target\":[\"https:\\\/\\\/digitalsantotome.com.ar\\\/?p=7544\"]}]},{\"@type\":\"ImageObject\",\"inLanguage\":\"es\",\"@id\":\"https:\\\/\\\/digitalsantotome.com.ar\\\/?p=7544#primaryimage\",\"url\":\"https:\\\/\\\/digitalsantotome.com.ar\\\/wp-content\\\/uploads\\\/2024\\\/06\\\/WhatsApp-Image-2024-06-27-at-10.10.55-AM.jpeg\",\"contentUrl\":\"https:\\\/\\\/digitalsantotome.com.ar\\\/wp-content\\\/uploads\\\/2024\\\/06\\\/WhatsApp-Image-2024-06-27-at-10.10.55-AM.jpeg\",\"width\":1280,\"height\":589},{\"@type\":\"BreadcrumbList\",\"@id\":\"https:\\\/\\\/digitalsantotome.com.ar\\\/?p=7544#breadcrumb\",\"itemListElement\":[{\"@type\":\"ListItem\",\"position\":1,\"name\":\"Portada\",\"item\":\"https:\\\/\\\/digitalsantotome.com.ar\\\/\"},{\"@type\":\"ListItem\",\"position\":2,\"name\":\"\u201c?? ??????\u0301? ?????????? ?????\u0301 ? ???? ?? ?? ????????\u0301? ? ???????\u0301 ?? ????????????\u0301? ??? ???? ????\u201d, ?????????\u0301 ???????????\"}]},{\"@type\":\"WebSite\",\"@id\":\"https:\\\/\\\/digitalsantotome.com.ar\\\/#website\",\"url\":\"https:\\\/\\\/digitalsantotome.com.ar\\\/\",\"name\":\"Digital Santo Tom\u00e9\",\"description\":\"Noticias desde Santo Tom\u00e9 al Mundo \u2013 La informacion que decide\",\"publisher\":{\"@id\":\"https:\\\/\\\/digitalsantotome.com.ar\\\/#organization\"},\"potentialAction\":[{\"@type\":\"SearchAction\",\"target\":{\"@type\":\"EntryPoint\",\"urlTemplate\":\"https:\\\/\\\/digitalsantotome.com.ar\\\/?s={search_term_string}\"},\"query-input\":{\"@type\":\"PropertyValueSpecification\",\"valueRequired\":true,\"valueName\":\"search_term_string\"}}],\"inLanguage\":\"es\"},{\"@type\":\"Organization\",\"@id\":\"https:\\\/\\\/digitalsantotome.com.ar\\\/#organization\",\"name\":\"Digital Santo Tom\u00e9\",\"url\":\"https:\\\/\\\/digitalsantotome.com.ar\\\/\",\"logo\":{\"@type\":\"ImageObject\",\"inLanguage\":\"es\",\"@id\":\"https:\\\/\\\/digitalsantotome.com.ar\\\/#\\\/schema\\\/logo\\\/image\\\/\",\"url\":\"https:\\\/\\\/digitalsantotome.com.ar\\\/wp-content\\\/uploads\\\/2023\\\/01\\\/facebook.jpg\",\"contentUrl\":\"https:\\\/\\\/digitalsantotome.com.ar\\\/wp-content\\\/uploads\\\/2023\\\/01\\\/facebook.jpg\",\"width\":512,\"height\":376,\"caption\":\"Digital Santo Tom\u00e9\"},\"image\":{\"@id\":\"https:\\\/\\\/digitalsantotome.com.ar\\\/#\\\/schema\\\/logo\\\/image\\\/\"}},{\"@type\":\"Person\",\"@id\":\"https:\\\/\\\/digitalsantotome.com.ar\\\/#\\\/schema\\\/person\\\/8991d8822886fedd92ce7f03817e1bdf\",\"name\":\"Jose Carlos Machado\",\"url\":\"https:\\\/\\\/digitalsantotome.com.ar\\\/?author=2\"}]}<\/script>\n<!-- \/ Yoast SEO plugin. -->","yoast_head_json":{"title":"\u201c?? ??????\u0301? ?????????? ?????\u0301 ? ???? ?? ?? ????????\u0301? ? ???????\u0301 ?? ????????????\u0301? ??? ???? ????\u201d, ?????????\u0301 ??????????? - Digital Santo Tom\u00e9","robots":{"index":"index","follow":"follow","max-snippet":"max-snippet:-1","max-image-preview":"max-image-preview:large","max-video-preview":"max-video-preview:-1"},"canonical":"https:\/\/digitalsantotome.com.ar\/?p=7544","og_locale":"es_ES","og_type":"article","og_title":"\u201c?? ??????\u0301? ?????????? ?????\u0301 ? ???? ?? ?? ????????\u0301? ? ???????\u0301 ?? ????????????\u0301? ??? ???? ????\u201d, ?????????\u0301 ??????????? - Digital Santo Tom\u00e9","og_description":"CORRIENTES. \u201cConvocamos a los ministros porque hay cuestiones que corregir. Un polic\u00eda denunciado era el jefe de la Comisar\u00eda en 9 de Julio y estuvo al frente de la investigaci\u00f3n de la desaparici\u00f3n de Loan Pe\u00f1a por varios d\u00edas, cuestion\u00f3 el senador justicialista, Mart\u00edn Barrionuevo sobre el oficial detenido Walter Maciel, tras la reuni\u00f3n los...","og_url":"https:\/\/digitalsantotome.com.ar\/?p=7544","og_site_name":"Digital Santo Tom\u00e9","article_published_time":"2024-06-27T20:16:05+00:00","article_modified_time":"2024-06-27T20:16:09+00:00","og_image":[{"width":1280,"height":589,"url":"https:\/\/digitalsantotome.com.ar\/wp-content\/uploads\/2024\/06\/WhatsApp-Image-2024-06-27-at-10.10.55-AM.jpeg","type":"image\/jpeg"}],"author":"Jose Carlos Machado","twitter_card":"summary_large_image","twitter_misc":{"Escrito por":"Jose Carlos Machado","Tiempo de lectura":"3 minutos"},"schema":{"@context":"https:\/\/schema.org","@graph":[{"@type":"Article","@id":"https:\/\/digitalsantotome.com.ar\/?p=7544#article","isPartOf":{"@id":"https:\/\/digitalsantotome.com.ar\/?p=7544"},"author":{"name":"Jose Carlos Machado","@id":"https:\/\/digitalsantotome.com.ar\/#\/schema\/person\/8991d8822886fedd92ce7f03817e1bdf"},"headline":"\u201c?? ??????\u0301? ?????????? ?????\u0301 ? ???? ?? ?? ????????\u0301? ? ???????\u0301 ?? ????????????\u0301? ??? ???? ????\u201d, ?????????\u0301 ???????????","datePublished":"2024-06-27T20:16:05+00:00","dateModified":"2024-06-27T20:16:09+00:00","mainEntityOfPage":{"@id":"https:\/\/digitalsantotome.com.ar\/?p=7544"},"wordCount":490,"publisher":{"@id":"https:\/\/digitalsantotome.com.ar\/#organization"},"image":{"@id":"https:\/\/digitalsantotome.com.ar\/?p=7544#primaryimage"},"thumbnailUrl":"https:\/\/digitalsantotome.com.ar\/wp-content\/uploads\/2024\/06\/WhatsApp-Image-2024-06-27-at-10.10.55-AM.jpeg","articleSection":["Provinciales"],"inLanguage":"es"},{"@type":"WebPage","@id":"https:\/\/digitalsantotome.com.ar\/?p=7544","url":"https:\/\/digitalsantotome.com.ar\/?p=7544","name":"\u201c?? ??????\u0301? ?????????? ?????\u0301 ? ???? ?? ?? ????????\u0301? ? ???????\u0301 ?? ????????????\u0301? ??? ???? ????\u201d, ?????????\u0301 ??????????? - Digital Santo Tom\u00e9","isPartOf":{"@id":"https:\/\/digitalsantotome.com.ar\/#website"},"primaryImageOfPage":{"@id":"https:\/\/digitalsantotome.com.ar\/?p=7544#primaryimage"},"image":{"@id":"https:\/\/digitalsantotome.com.ar\/?p=7544#primaryimage"},"thumbnailUrl":"https:\/\/digitalsantotome.com.ar\/wp-content\/uploads\/2024\/06\/WhatsApp-Image-2024-06-27-at-10.10.55-AM.jpeg","datePublished":"2024-06-27T20:16:05+00:00","dateModified":"2024-06-27T20:16:09+00:00","breadcrumb":{"@id":"https:\/\/digitalsantotome.com.ar\/?p=7544#breadcrumb"},"inLanguage":"es","potentialAction":[{"@type":"ReadAction","target":["https:\/\/digitalsantotome.com.ar\/?p=7544"]}]},{"@type":"ImageObject","inLanguage":"es","@id":"https:\/\/digitalsantotome.com.ar\/?p=7544#primaryimage","url":"https:\/\/digitalsantotome.com.ar\/wp-content\/uploads\/2024\/06\/WhatsApp-Image-2024-06-27-at-10.10.55-AM.jpeg","contentUrl":"https:\/\/digitalsantotome.com.ar\/wp-content\/uploads\/2024\/06\/WhatsApp-Image-2024-06-27-at-10.10.55-AM.jpeg","width":1280,"height":589},{"@type":"BreadcrumbList","@id":"https:\/\/digitalsantotome.com.ar\/?p=7544#breadcrumb","itemListElement":[{"@type":"ListItem","position":1,"name":"Portada","item":"https:\/\/digitalsantotome.com.ar\/"},{"@type":"ListItem","position":2,"name":"\u201c?? ??????\u0301? ?????????? ?????\u0301 ? ???? ?? ?? ????????\u0301? ? ???????\u0301 ?? ????????????\u0301? ??? ???? ????\u201d, ?????????\u0301 ???????????"}]},{"@type":"WebSite","@id":"https:\/\/digitalsantotome.com.ar\/#website","url":"https:\/\/digitalsantotome.com.ar\/","name":"Digital Santo Tom\u00e9","description":"Noticias desde Santo Tom\u00e9 al Mundo \u2013 La informacion que decide","publisher":{"@id":"https:\/\/digitalsantotome.com.ar\/#organization"},"potentialAction":[{"@type":"SearchAction","target":{"@type":"EntryPoint","urlTemplate":"https:\/\/digitalsantotome.com.ar\/?s={search_term_string}"},"query-input":{"@type":"PropertyValueSpecification","valueRequired":true,"valueName":"search_term_string"}}],"inLanguage":"es"},{"@type":"Organization","@id":"https:\/\/digitalsantotome.com.ar\/#organization","name":"Digital Santo Tom\u00e9","url":"https:\/\/digitalsantotome.com.ar\/","logo":{"@type":"ImageObject","inLanguage":"es","@id":"https:\/\/digitalsantotome.com.ar\/#\/schema\/logo\/image\/","url":"https:\/\/digitalsantotome.com.ar\/wp-content\/uploads\/2023\/01\/facebook.jpg","contentUrl":"https:\/\/digitalsantotome.com.ar\/wp-content\/uploads\/2023\/01\/facebook.jpg","width":512,"height":376,"caption":"Digital Santo Tom\u00e9"},"image":{"@id":"https:\/\/digitalsantotome.com.ar\/#\/schema\/logo\/image\/"}},{"@type":"Person","@id":"https:\/\/digitalsantotome.com.ar\/#\/schema\/person\/8991d8822886fedd92ce7f03817e1bdf","name":"Jose Carlos Machado","url":"https:\/\/digitalsantotome.com.ar\/?author=2"}]}},"_links":{"self":[{"href":"https:\/\/digitalsantotome.com.ar\/index.php?rest_route=\/wp\/v2\/posts\/7544","targetHints":{"allow":["GET"]}}],"collection":[{"href":"https:\/\/digitalsantotome.com.ar\/index.php?rest_route=\/wp\/v2\/posts"}],"about":[{"href":"https:\/\/digitalsantotome.com.ar\/index.php?rest_route=\/wp\/v2\/types\/post"}],"author":[{"embeddable":true,"href":"https:\/\/digitalsantotome.com.ar\/index.php?rest_route=\/wp\/v2\/users\/2"}],"replies":[{"embeddable":true,"href":"https:\/\/digitalsantotome.com.ar\/index.php?rest_route=%2Fwp%2Fv2%2Fcomments&post=7544"}],"version-history":[{"count":1,"href":"https:\/\/digitalsantotome.com.ar\/index.php?rest_route=\/wp\/v2\/posts\/7544\/revisions"}],"predecessor-version":[{"id":7546,"href":"https:\/\/digitalsantotome.com.ar\/index.php?rest_route=\/wp\/v2\/posts\/7544\/revisions\/7546"}],"wp:featuredmedia":[{"embeddable":true,"href":"https:\/\/digitalsantotome.com.ar\/index.php?rest_route=\/wp\/v2\/media\/7545"}],"wp:attachment":[{"href":"https:\/\/digitalsantotome.com.ar\/index.php?rest_route=%2Fwp%2Fv2%2Fmedia&parent=7544"}],"wp:term":[{"taxonomy":"category","embeddable":true,"href":"https:\/\/digitalsantotome.com.ar\/index.php?rest_route=%2Fwp%2Fv2%2Fcategories&post=7544"},{"taxonomy":"post_tag","embeddable":true,"href":"https:\/\/digitalsantotome.com.ar\/index.php?rest_route=%2Fwp%2Fv2%2Ftags&post=7544"}],"curies":[{"name":"wp","href":"https:\/\/api.w.org\/{rel}","templated":true}]}}