{"id":7682,"date":"2024-07-12T07:41:24","date_gmt":"2024-07-12T10:41:24","guid":{"rendered":"https:\/\/digitalsantotome.com.ar\/?p=7682"},"modified":"2024-07-12T07:41:28","modified_gmt":"2024-07-12T10:41:28","slug":"media-sancion-para-crear-el-colegio-de-enfermeria-de-la-provincia","status":"publish","type":"post","link":"https:\/\/digitalsantotome.com.ar\/?p=7682","title":{"rendered":"Media sanci\u00f3n para crear el Colegio de Enfermer\u00eda de la Provincia"},"content":{"rendered":"<div class=\"row\">\n<div id=\"conte\" class=\"span6 base\">\n<p>CORRIENTES. Adem\u00e1s el Senado aprob\u00f3 a iniciativa de la oposici\u00f3n solicitudes de reglamentaci\u00f3n de leyes vinculadas a la protecci\u00f3n de\u00a0 la ni\u00f1ez<\/p>\n<p>La sesi\u00f3n\u00a0 presidida por el vicegobernador, Pedro Braillard Poccard,\u00a0 trat\u00f3\u00a0 sobre tablas el Proyecto de Ley presentado por Senadores del Bloque de la U.C.R. por el que se crea el Colegio de Enfermer\u00eda de la Provincia de Corrientes aprobado con media sanci\u00f3n.<\/p>\n<p>Del mismo modo se incorpor\u00f3 al orden y, tras su tratamiento sobre tablas, obtuvo media sanci\u00f3n el Proyecto de Ley presentado por varios Senadores por el que se establece un nuevo procedimiento para la Oficina de Conciliaci\u00f3n Laboral (OCLO).<\/p>\n<p>A continuaci\u00f3n se aprob\u00f3, luego de un cuarto intermedio sobre las bancas, el Proyecto de Resoluci\u00f3n presentado por el Bloque de Senadores de Uni\u00f3n por la Patria por el que se solicita a la Prensa Oficial del Gobierno de la Provincia se implemente la difusi\u00f3n de carteles, \u201cflyers\u201d y material de propaganda referido a la b\u00fasqueda de menores, ni\u00f1as, ni\u00f1os y adolescentes extraviados en la Provincia.<\/p>\n<p>Asimismo, fue aprobado el Proyecto de Resoluci\u00f3n presentado por la Senadora Mar\u00eda Celeste Asc\u00faa y otros Senadores del Bloque del Partido Justicialista por el que se solicita al Ministro de Seguridad informe respecto a la implementaci\u00f3n de la Ley N\u00ba 5862 \u201cProtocolo de Actuaci\u00f3n Policial en materia de desaparici\u00f3n de ni\u00f1as, ni\u00f1os y adolescentes\u201d.<\/p>\n<p>Luego\u00a0 se solicit\u00f3\u00a0 la unificaci\u00f3n y posterior aprobaci\u00f3n de los siguientes proyectos:<\/p>\n<p>Proyecto de Resoluci\u00f3n presentado por la Senadora Mar\u00eda Celeste Asc\u00faa y otros Senadores del Bloque del Partido Justicialista por el que se solicita al Poder Ejecutivo informe respecto de la implementaci\u00f3n de la Ley N\u00ba 6020 de creaci\u00f3n del \u201cRegistro Provincial de Informaci\u00f3n de ni\u00f1os, ni\u00f1as y adolescentes desaparecidos\u201d.<\/p>\n<p>Proyecto de Resoluci\u00f3n presentado por la Senadora Mar\u00eda Celeste Asc\u00faa y otros Senadores del Bloque del Partido Justicialista por el que se solicita al Poder Ejecutivo la reglamentaci\u00f3n de la Ley N\u00ba 6020 de creaci\u00f3n del \u201cRegistro Provincial de Informaci\u00f3n de ni\u00f1os, ni\u00f1as y adolescentes desaparecidos\u201d.<\/p>\n<p>Proyecto de Resoluci\u00f3n presentado Senadores del Bloque del Partido Justicialista por el que se solicita al Poder Ejecutivo la reglamentaci\u00f3n de la Ley N\u00ba 6259 de creaci\u00f3n del \u201cSistema de Alerta de Menores Desaparecidos\u201d.<\/p>\n<p>Proyecto de Resoluci\u00f3n presentado\u00a0 por senadores\u00a0 del Bloque del Partido Justicialista por el que se solicita al Ministerio de Seguridad informe respecto a la implementaci\u00f3n de la Ley N\u00ba 6259 de creaci\u00f3n del \u201cSistema de Alerta de Menores Desaparecidos\u201d.<\/p>\n<p>Al finalizar, se present\u00f3 la lista en la cual quedaron conformadas las Comisiones Parlamentarias Permanentes, de acuerdo al art\u00edculo 83 del Reglamento.<\/p>\n<p>Inter\u00e9s legislativo<\/p>\n<p>Se expres\u00f3 el inter\u00e9s legislativo por la Primera Jornada de Discapacidad de la Sociedad de Pediatr\u00eda de Corrientes, presentado por la Senadora Mar\u00eda Celeste Asc\u00faa;<\/p>\n<p>La Agenda Cultural 2024 de la presentaci\u00f3n del libro \u201cLas dos comparsas\u201d de R\u00f3mulo Espinoza, impulsado por la Senadora Ver\u00f3nica In\u00e9s Esp\u00edndola;<\/p>\n<p>Y la celebraci\u00f3n del vig\u00e9simo Encuentro Internacional de Minibasquet \u201cPerico Aquino\u201d, iniciativa del Senador Di\u00f3genes Ignacio Gonz\u00e1lez.<\/p>\n<\/div>\n<div><\/div>\n<\/div>\n<div><strong>Momarandu.com<\/strong><\/div>\n<p>&nbsp;<\/p>\n","protected":false},"excerpt":{"rendered":"<p>CORRIENTES. Adem\u00e1s el Senado aprob\u00f3 a iniciativa de la oposici\u00f3n solicitudes de reglamentaci\u00f3n de leyes vinculadas a la protecci\u00f3n de\u00a0 la ni\u00f1ez La sesi\u00f3n\u00a0 presidida por el vicegobernador, Pedro Braillard Poccard,\u00a0 trat\u00f3\u00a0 sobre tablas el Proyecto de Ley presentado por Senadores del Bloque de la U.C.R. por el que se crea el Colegio de Enfermer\u00eda&#8230;<\/p>\n","protected":false},"author":2,"featured_media":7683,"comment_status":"closed","ping_status":"closed","sticky":false,"template":"","format":"standard","meta":{"_kad_post_transparent":"default","_kad_post_title":"default","_kad_post_layout":"default","_kad_post_sidebar_id":"","_kad_post_content_style":"default","_kad_post_vertical_padding":"default","_kad_post_feature":"","_kad_post_feature_position":"","_kad_post_header":false,"_kad_post_footer":false,"_kad_post_classname":"","footnotes":""},"categories":[3],"tags":[],"class_list":["post-7682","post","type-post","status-publish","format-standard","has-post-thumbnail","hentry","category-noticias-breves"],"a3_pvc":{"activated":false,"total_views":0,"today_views":0},"yoast_head":"<!-- This site is optimized with the Yoast SEO plugin v27.5 - https:\/\/yoast.com\/product\/yoast-seo-wordpress\/ -->\n<title>Media sanci\u00f3n para crear el Colegio de Enfermer\u00eda de la Provincia - Digital Santo Tom\u00e9<\/title>\n<meta name=\"robots\" content=\"index, follow, max-snippet:-1, max-image-preview:large, max-video-preview:-1\" \/>\n<link rel=\"canonical\" href=\"https:\/\/digitalsantotome.com.ar\/?p=7682\" \/>\n<meta property=\"og:locale\" content=\"es_ES\" \/>\n<meta property=\"og:type\" content=\"article\" \/>\n<meta property=\"og:title\" content=\"Media sanci\u00f3n para crear el Colegio de Enfermer\u00eda de la Provincia - Digital Santo Tom\u00e9\" \/>\n<meta property=\"og:description\" content=\"CORRIENTES. Adem\u00e1s el Senado aprob\u00f3 a iniciativa de la oposici\u00f3n solicitudes de reglamentaci\u00f3n de leyes vinculadas a la protecci\u00f3n de\u00a0 la ni\u00f1ez La sesi\u00f3n\u00a0 presidida por el vicegobernador, Pedro Braillard Poccard,\u00a0 trat\u00f3\u00a0 sobre tablas el Proyecto de Ley presentado por Senadores del Bloque de la U.C.R. por el que se crea el Colegio de Enfermer\u00eda...\" \/>\n<meta property=\"og:url\" content=\"https:\/\/digitalsantotome.com.ar\/?p=7682\" \/>\n<meta property=\"og:site_name\" content=\"Digital Santo Tom\u00e9\" \/>\n<meta property=\"article:published_time\" content=\"2024-07-12T10:41:24+00:00\" \/>\n<meta property=\"article:modified_time\" content=\"2024-07-12T10:41:28+00:00\" \/>\n<meta property=\"og:image\" content=\"https:\/\/digitalsantotome.com.ar\/wp-content\/uploads\/2024\/07\/ENFERMERIA.jpg\" \/>\n\t<meta property=\"og:image:width\" content=\"900\" \/>\n\t<meta property=\"og:image:height\" content=\"508\" \/>\n\t<meta property=\"og:image:type\" content=\"image\/jpeg\" \/>\n<meta name=\"author\" content=\"Jose Carlos Machado\" \/>\n<meta name=\"twitter:card\" content=\"summary_large_image\" \/>\n<meta name=\"twitter:label1\" content=\"Escrito por\" \/>\n\t<meta name=\"twitter:data1\" content=\"Jose Carlos Machado\" \/>\n\t<meta name=\"twitter:label2\" content=\"Tiempo de lectura\" \/>\n\t<meta name=\"twitter:data2\" content=\"3 minutos\" \/>\n<script type=\"application\/ld+json\" class=\"yoast-schema-graph\">{\"@context\":\"https:\\\/\\\/schema.org\",\"@graph\":[{\"@type\":\"Article\",\"@id\":\"https:\\\/\\\/digitalsantotome.com.ar\\\/?p=7682#article\",\"isPartOf\":{\"@id\":\"https:\\\/\\\/digitalsantotome.com.ar\\\/?p=7682\"},\"author\":{\"name\":\"Jose Carlos Machado\",\"@id\":\"https:\\\/\\\/digitalsantotome.com.ar\\\/#\\\/schema\\\/person\\\/8991d8822886fedd92ce7f03817e1bdf\"},\"headline\":\"Media sanci\u00f3n para crear el Colegio de Enfermer\u00eda de la Provincia\",\"datePublished\":\"2024-07-12T10:41:24+00:00\",\"dateModified\":\"2024-07-12T10:41:28+00:00\",\"mainEntityOfPage\":{\"@id\":\"https:\\\/\\\/digitalsantotome.com.ar\\\/?p=7682\"},\"wordCount\":566,\"publisher\":{\"@id\":\"https:\\\/\\\/digitalsantotome.com.ar\\\/#organization\"},\"image\":{\"@id\":\"https:\\\/\\\/digitalsantotome.com.ar\\\/?p=7682#primaryimage\"},\"thumbnailUrl\":\"https:\\\/\\\/digitalsantotome.com.ar\\\/wp-content\\\/uploads\\\/2024\\\/07\\\/ENFERMERIA.jpg\",\"articleSection\":[\"Noticias breves\"],\"inLanguage\":\"es\"},{\"@type\":\"WebPage\",\"@id\":\"https:\\\/\\\/digitalsantotome.com.ar\\\/?p=7682\",\"url\":\"https:\\\/\\\/digitalsantotome.com.ar\\\/?p=7682\",\"name\":\"Media sanci\u00f3n para crear el Colegio de Enfermer\u00eda de la Provincia - Digital Santo Tom\u00e9\",\"isPartOf\":{\"@id\":\"https:\\\/\\\/digitalsantotome.com.ar\\\/#website\"},\"primaryImageOfPage\":{\"@id\":\"https:\\\/\\\/digitalsantotome.com.ar\\\/?p=7682#primaryimage\"},\"image\":{\"@id\":\"https:\\\/\\\/digitalsantotome.com.ar\\\/?p=7682#primaryimage\"},\"thumbnailUrl\":\"https:\\\/\\\/digitalsantotome.com.ar\\\/wp-content\\\/uploads\\\/2024\\\/07\\\/ENFERMERIA.jpg\",\"datePublished\":\"2024-07-12T10:41:24+00:00\",\"dateModified\":\"2024-07-12T10:41:28+00:00\",\"breadcrumb\":{\"@id\":\"https:\\\/\\\/digitalsantotome.com.ar\\\/?p=7682#breadcrumb\"},\"inLanguage\":\"es\",\"potentialAction\":[{\"@type\":\"ReadAction\",\"target\":[\"https:\\\/\\\/digitalsantotome.com.ar\\\/?p=7682\"]}]},{\"@type\":\"ImageObject\",\"inLanguage\":\"es\",\"@id\":\"https:\\\/\\\/digitalsantotome.com.ar\\\/?p=7682#primaryimage\",\"url\":\"https:\\\/\\\/digitalsantotome.com.ar\\\/wp-content\\\/uploads\\\/2024\\\/07\\\/ENFERMERIA.jpg\",\"contentUrl\":\"https:\\\/\\\/digitalsantotome.com.ar\\\/wp-content\\\/uploads\\\/2024\\\/07\\\/ENFERMERIA.jpg\",\"width\":900,\"height\":508},{\"@type\":\"BreadcrumbList\",\"@id\":\"https:\\\/\\\/digitalsantotome.com.ar\\\/?p=7682#breadcrumb\",\"itemListElement\":[{\"@type\":\"ListItem\",\"position\":1,\"name\":\"Portada\",\"item\":\"https:\\\/\\\/digitalsantotome.com.ar\\\/\"},{\"@type\":\"ListItem\",\"position\":2,\"name\":\"Media sanci\u00f3n para crear el Colegio de Enfermer\u00eda de la Provincia\"}]},{\"@type\":\"WebSite\",\"@id\":\"https:\\\/\\\/digitalsantotome.com.ar\\\/#website\",\"url\":\"https:\\\/\\\/digitalsantotome.com.ar\\\/\",\"name\":\"Digital Santo Tom\u00e9\",\"description\":\"Noticias desde Santo Tom\u00e9 al Mundo \u2013 La informacion que decide\",\"publisher\":{\"@id\":\"https:\\\/\\\/digitalsantotome.com.ar\\\/#organization\"},\"potentialAction\":[{\"@type\":\"SearchAction\",\"target\":{\"@type\":\"EntryPoint\",\"urlTemplate\":\"https:\\\/\\\/digitalsantotome.com.ar\\\/?s={search_term_string}\"},\"query-input\":{\"@type\":\"PropertyValueSpecification\",\"valueRequired\":true,\"valueName\":\"search_term_string\"}}],\"inLanguage\":\"es\"},{\"@type\":\"Organization\",\"@id\":\"https:\\\/\\\/digitalsantotome.com.ar\\\/#organization\",\"name\":\"Digital Santo Tom\u00e9\",\"url\":\"https:\\\/\\\/digitalsantotome.com.ar\\\/\",\"logo\":{\"@type\":\"ImageObject\",\"inLanguage\":\"es\",\"@id\":\"https:\\\/\\\/digitalsantotome.com.ar\\\/#\\\/schema\\\/logo\\\/image\\\/\",\"url\":\"https:\\\/\\\/digitalsantotome.com.ar\\\/wp-content\\\/uploads\\\/2023\\\/01\\\/facebook.jpg\",\"contentUrl\":\"https:\\\/\\\/digitalsantotome.com.ar\\\/wp-content\\\/uploads\\\/2023\\\/01\\\/facebook.jpg\",\"width\":512,\"height\":376,\"caption\":\"Digital Santo Tom\u00e9\"},\"image\":{\"@id\":\"https:\\\/\\\/digitalsantotome.com.ar\\\/#\\\/schema\\\/logo\\\/image\\\/\"}},{\"@type\":\"Person\",\"@id\":\"https:\\\/\\\/digitalsantotome.com.ar\\\/#\\\/schema\\\/person\\\/8991d8822886fedd92ce7f03817e1bdf\",\"name\":\"Jose Carlos Machado\",\"url\":\"https:\\\/\\\/digitalsantotome.com.ar\\\/?author=2\"}]}<\/script>\n<!-- \/ Yoast SEO plugin. -->","yoast_head_json":{"title":"Media sanci\u00f3n para crear el Colegio de Enfermer\u00eda de la Provincia - Digital Santo Tom\u00e9","robots":{"index":"index","follow":"follow","max-snippet":"max-snippet:-1","max-image-preview":"max-image-preview:large","max-video-preview":"max-video-preview:-1"},"canonical":"https:\/\/digitalsantotome.com.ar\/?p=7682","og_locale":"es_ES","og_type":"article","og_title":"Media sanci\u00f3n para crear el Colegio de Enfermer\u00eda de la Provincia - Digital Santo Tom\u00e9","og_description":"CORRIENTES. Adem\u00e1s el Senado aprob\u00f3 a iniciativa de la oposici\u00f3n solicitudes de reglamentaci\u00f3n de leyes vinculadas a la protecci\u00f3n de\u00a0 la ni\u00f1ez La sesi\u00f3n\u00a0 presidida por el vicegobernador, Pedro Braillard Poccard,\u00a0 trat\u00f3\u00a0 sobre tablas el Proyecto de Ley presentado por Senadores del Bloque de la U.C.R. por el que se crea el Colegio de Enfermer\u00eda...","og_url":"https:\/\/digitalsantotome.com.ar\/?p=7682","og_site_name":"Digital Santo Tom\u00e9","article_published_time":"2024-07-12T10:41:24+00:00","article_modified_time":"2024-07-12T10:41:28+00:00","og_image":[{"width":900,"height":508,"url":"https:\/\/digitalsantotome.com.ar\/wp-content\/uploads\/2024\/07\/ENFERMERIA.jpg","type":"image\/jpeg"}],"author":"Jose Carlos Machado","twitter_card":"summary_large_image","twitter_misc":{"Escrito por":"Jose Carlos Machado","Tiempo de lectura":"3 minutos"},"schema":{"@context":"https:\/\/schema.org","@graph":[{"@type":"Article","@id":"https:\/\/digitalsantotome.com.ar\/?p=7682#article","isPartOf":{"@id":"https:\/\/digitalsantotome.com.ar\/?p=7682"},"author":{"name":"Jose Carlos Machado","@id":"https:\/\/digitalsantotome.com.ar\/#\/schema\/person\/8991d8822886fedd92ce7f03817e1bdf"},"headline":"Media sanci\u00f3n para crear el Colegio de Enfermer\u00eda de la Provincia","datePublished":"2024-07-12T10:41:24+00:00","dateModified":"2024-07-12T10:41:28+00:00","mainEntityOfPage":{"@id":"https:\/\/digitalsantotome.com.ar\/?p=7682"},"wordCount":566,"publisher":{"@id":"https:\/\/digitalsantotome.com.ar\/#organization"},"image":{"@id":"https:\/\/digitalsantotome.com.ar\/?p=7682#primaryimage"},"thumbnailUrl":"https:\/\/digitalsantotome.com.ar\/wp-content\/uploads\/2024\/07\/ENFERMERIA.jpg","articleSection":["Noticias breves"],"inLanguage":"es"},{"@type":"WebPage","@id":"https:\/\/digitalsantotome.com.ar\/?p=7682","url":"https:\/\/digitalsantotome.com.ar\/?p=7682","name":"Media sanci\u00f3n para crear el Colegio de Enfermer\u00eda de la Provincia - Digital Santo Tom\u00e9","isPartOf":{"@id":"https:\/\/digitalsantotome.com.ar\/#website"},"primaryImageOfPage":{"@id":"https:\/\/digitalsantotome.com.ar\/?p=7682#primaryimage"},"image":{"@id":"https:\/\/digitalsantotome.com.ar\/?p=7682#primaryimage"},"thumbnailUrl":"https:\/\/digitalsantotome.com.ar\/wp-content\/uploads\/2024\/07\/ENFERMERIA.jpg","datePublished":"2024-07-12T10:41:24+00:00","dateModified":"2024-07-12T10:41:28+00:00","breadcrumb":{"@id":"https:\/\/digitalsantotome.com.ar\/?p=7682#breadcrumb"},"inLanguage":"es","potentialAction":[{"@type":"ReadAction","target":["https:\/\/digitalsantotome.com.ar\/?p=7682"]}]},{"@type":"ImageObject","inLanguage":"es","@id":"https:\/\/digitalsantotome.com.ar\/?p=7682#primaryimage","url":"https:\/\/digitalsantotome.com.ar\/wp-content\/uploads\/2024\/07\/ENFERMERIA.jpg","contentUrl":"https:\/\/digitalsantotome.com.ar\/wp-content\/uploads\/2024\/07\/ENFERMERIA.jpg","width":900,"height":508},{"@type":"BreadcrumbList","@id":"https:\/\/digitalsantotome.com.ar\/?p=7682#breadcrumb","itemListElement":[{"@type":"ListItem","position":1,"name":"Portada","item":"https:\/\/digitalsantotome.com.ar\/"},{"@type":"ListItem","position":2,"name":"Media sanci\u00f3n para crear el Colegio de Enfermer\u00eda de la Provincia"}]},{"@type":"WebSite","@id":"https:\/\/digitalsantotome.com.ar\/#website","url":"https:\/\/digitalsantotome.com.ar\/","name":"Digital Santo Tom\u00e9","description":"Noticias desde Santo Tom\u00e9 al Mundo \u2013 La informacion que decide","publisher":{"@id":"https:\/\/digitalsantotome.com.ar\/#organization"},"potentialAction":[{"@type":"SearchAction","target":{"@type":"EntryPoint","urlTemplate":"https:\/\/digitalsantotome.com.ar\/?s={search_term_string}"},"query-input":{"@type":"PropertyValueSpecification","valueRequired":true,"valueName":"search_term_string"}}],"inLanguage":"es"},{"@type":"Organization","@id":"https:\/\/digitalsantotome.com.ar\/#organization","name":"Digital Santo Tom\u00e9","url":"https:\/\/digitalsantotome.com.ar\/","logo":{"@type":"ImageObject","inLanguage":"es","@id":"https:\/\/digitalsantotome.com.ar\/#\/schema\/logo\/image\/","url":"https:\/\/digitalsantotome.com.ar\/wp-content\/uploads\/2023\/01\/facebook.jpg","contentUrl":"https:\/\/digitalsantotome.com.ar\/wp-content\/uploads\/2023\/01\/facebook.jpg","width":512,"height":376,"caption":"Digital Santo Tom\u00e9"},"image":{"@id":"https:\/\/digitalsantotome.com.ar\/#\/schema\/logo\/image\/"}},{"@type":"Person","@id":"https:\/\/digitalsantotome.com.ar\/#\/schema\/person\/8991d8822886fedd92ce7f03817e1bdf","name":"Jose Carlos Machado","url":"https:\/\/digitalsantotome.com.ar\/?author=2"}]}},"_links":{"self":[{"href":"https:\/\/digitalsantotome.com.ar\/index.php?rest_route=\/wp\/v2\/posts\/7682","targetHints":{"allow":["GET"]}}],"collection":[{"href":"https:\/\/digitalsantotome.com.ar\/index.php?rest_route=\/wp\/v2\/posts"}],"about":[{"href":"https:\/\/digitalsantotome.com.ar\/index.php?rest_route=\/wp\/v2\/types\/post"}],"author":[{"embeddable":true,"href":"https:\/\/digitalsantotome.com.ar\/index.php?rest_route=\/wp\/v2\/users\/2"}],"replies":[{"embeddable":true,"href":"https:\/\/digitalsantotome.com.ar\/index.php?rest_route=%2Fwp%2Fv2%2Fcomments&post=7682"}],"version-history":[{"count":2,"href":"https:\/\/digitalsantotome.com.ar\/index.php?rest_route=\/wp\/v2\/posts\/7682\/revisions"}],"predecessor-version":[{"id":7685,"href":"https:\/\/digitalsantotome.com.ar\/index.php?rest_route=\/wp\/v2\/posts\/7682\/revisions\/7685"}],"wp:featuredmedia":[{"embeddable":true,"href":"https:\/\/digitalsantotome.com.ar\/index.php?rest_route=\/wp\/v2\/media\/7683"}],"wp:attachment":[{"href":"https:\/\/digitalsantotome.com.ar\/index.php?rest_route=%2Fwp%2Fv2%2Fmedia&parent=7682"}],"wp:term":[{"taxonomy":"category","embeddable":true,"href":"https:\/\/digitalsantotome.com.ar\/index.php?rest_route=%2Fwp%2Fv2%2Fcategories&post=7682"},{"taxonomy":"post_tag","embeddable":true,"href":"https:\/\/digitalsantotome.com.ar\/index.php?rest_route=%2Fwp%2Fv2%2Ftags&post=7682"}],"curies":[{"name":"wp","href":"https:\/\/api.w.org\/{rel}","templated":true}]}}