{"id":7801,"date":"2024-07-21T20:40:11","date_gmt":"2024-07-21T23:40:11","guid":{"rendered":"https:\/\/digitalsantotome.com.ar\/?p=7801"},"modified":"2024-07-26T07:29:56","modified_gmt":"2024-07-26T10:29:56","slug":"habra-cambio-de-director-en-la-unidad-regional-quinta-de-policia","status":"publish","type":"post","link":"https:\/\/digitalsantotome.com.ar\/?p=7801","title":{"rendered":"Habr\u00e1 cambio de director en la Unidad Regional Quinta de Polic\u00eda"},"content":{"rendered":"<p><strong>SANTO TOME<\/strong>. Para el transcurso de la semana, se llevar\u00e1 a cabo el cambio de director de la Unidad Regional Quinta de Polic\u00eda, luego de las medidas dispuestas por el ministerio de Seguridad de la Provincia de <strong>\u201cpasar la escoba\u201d<\/strong> en las esferas m\u00e1s altas de la polic\u00eda provincial tras lo sucedido con el caso Loan en la localidad de 9 de Julio donde el jefe de comisar\u00eda aparece implicado en la causa de la desaparici\u00f3n del chico de 5 a\u00f1os y consecuentemente la justicia federal dispuso su detenci\u00f3n.<\/p>\n<p>Pero las medidas comenzaron con el desplazamiento del Buenaventura Duarte como secretario de Seguridad. Tras asumir el <strong>Dr. Alfredo Oscar Vallejos<\/strong> el cargo que ostentaba Duarte, se ejecutaron varias medidas por no decir una \u201climpieza\u201d en las filas policiales. El sistema <strong>\u201clegajo limpio\u201d<\/strong> se pretende implementar en la fuerza, aunque a decir verdad algunos nuevos integrantes de la plana mayor que asumieron recientemente, precisamente sus legajos no estar\u00edan muy <strong>\u201climpios\u201d<\/strong> que se pueda decir. En ese marco, se espera que en Santo Tom\u00e9 asuma el nuevo director de la Unidad Regional, funci\u00f3n que cumpl\u00eda hasta d\u00edas atr\u00e1s el comisario mayor <strong>H\u00e9ctor Daniel Gauna,<\/strong> ahora designado como director de Coordinaci\u00f3n e Interior de la Jefatura de Polic\u00eda.<\/p>\n<p><strong>Resta saber qui\u00e9n ser\u00e1 el elegido, tres nombres est\u00e1n en el bolillero. Fuentes calificadas se\u00f1alaron a este portal que ellos son los comisarios mayores Miguel Lugo y Juan Manuel Fern\u00e1ndez. Tambi\u00e9n suena el comisario inspector Cristian Cabral, aunque este cuenta con menos posibilidades. No obstante, no se descarta que aparezca alg\u00fan \u201ctapado\u201d.<\/strong><\/p>\n<p>&nbsp;<\/p>\n","protected":false},"excerpt":{"rendered":"<p>SANTO TOME. Para el transcurso de la semana, se llevar\u00e1 a cabo el cambio de director de la Unidad Regional Quinta de Polic\u00eda, luego de las medidas dispuestas por el ministerio de Seguridad de la Provincia de \u201cpasar la escoba\u201d en las esferas m\u00e1s altas de la polic\u00eda provincial tras lo sucedido con el caso&#8230;<\/p>\n","protected":false},"author":2,"featured_media":0,"comment_status":"closed","ping_status":"closed","sticky":false,"template":"","format":"standard","meta":{"_kad_post_transparent":"default","_kad_post_title":"default","_kad_post_layout":"default","_kad_post_sidebar_id":"","_kad_post_content_style":"default","_kad_post_vertical_padding":"default","_kad_post_feature":"","_kad_post_feature_position":"","_kad_post_header":false,"_kad_post_footer":false,"_kad_post_classname":"","footnotes":""},"categories":[10],"tags":[],"class_list":["post-7801","post","type-post","status-publish","format-standard","hentry","category-placa-roja"],"a3_pvc":{"activated":false,"total_views":0,"today_views":0},"yoast_head":"<!-- This site is optimized with the Yoast SEO plugin v27.5 - https:\/\/yoast.com\/product\/yoast-seo-wordpress\/ -->\n<title>Habr\u00e1 cambio de director en la Unidad Regional Quinta de Polic\u00eda - Digital Santo Tom\u00e9<\/title>\n<meta name=\"robots\" content=\"index, follow, max-snippet:-1, max-image-preview:large, max-video-preview:-1\" \/>\n<link rel=\"canonical\" href=\"https:\/\/digitalsantotome.com.ar\/?p=7801\" \/>\n<meta property=\"og:locale\" content=\"es_ES\" \/>\n<meta property=\"og:type\" content=\"article\" \/>\n<meta property=\"og:title\" content=\"Habr\u00e1 cambio de director en la Unidad Regional Quinta de Polic\u00eda - Digital Santo Tom\u00e9\" \/>\n<meta property=\"og:description\" content=\"SANTO TOME. Para el transcurso de la semana, se llevar\u00e1 a cabo el cambio de director de la Unidad Regional Quinta de Polic\u00eda, luego de las medidas dispuestas por el ministerio de Seguridad de la Provincia de \u201cpasar la escoba\u201d en las esferas m\u00e1s altas de la polic\u00eda provincial tras lo sucedido con el caso...\" \/>\n<meta property=\"og:url\" content=\"https:\/\/digitalsantotome.com.ar\/?p=7801\" \/>\n<meta property=\"og:site_name\" content=\"Digital Santo Tom\u00e9\" \/>\n<meta property=\"article:published_time\" content=\"2024-07-21T23:40:11+00:00\" \/>\n<meta property=\"article:modified_time\" content=\"2024-07-26T10:29:56+00:00\" \/>\n<meta name=\"author\" content=\"Jose Carlos Machado\" \/>\n<meta name=\"twitter:card\" content=\"summary_large_image\" \/>\n<meta name=\"twitter:label1\" content=\"Escrito por\" \/>\n\t<meta name=\"twitter:data1\" content=\"Jose Carlos Machado\" \/>\n\t<meta name=\"twitter:label2\" content=\"Tiempo de lectura\" \/>\n\t<meta name=\"twitter:data2\" content=\"2 minutos\" \/>\n<script type=\"application\/ld+json\" class=\"yoast-schema-graph\">{\"@context\":\"https:\\\/\\\/schema.org\",\"@graph\":[{\"@type\":\"Article\",\"@id\":\"https:\\\/\\\/digitalsantotome.com.ar\\\/?p=7801#article\",\"isPartOf\":{\"@id\":\"https:\\\/\\\/digitalsantotome.com.ar\\\/?p=7801\"},\"author\":{\"name\":\"Jose Carlos Machado\",\"@id\":\"https:\\\/\\\/digitalsantotome.com.ar\\\/#\\\/schema\\\/person\\\/8991d8822886fedd92ce7f03817e1bdf\"},\"headline\":\"Habr\u00e1 cambio de director en la Unidad Regional Quinta de Polic\u00eda\",\"datePublished\":\"2024-07-21T23:40:11+00:00\",\"dateModified\":\"2024-07-26T10:29:56+00:00\",\"mainEntityOfPage\":{\"@id\":\"https:\\\/\\\/digitalsantotome.com.ar\\\/?p=7801\"},\"wordCount\":289,\"publisher\":{\"@id\":\"https:\\\/\\\/digitalsantotome.com.ar\\\/#organization\"},\"articleSection\":[\"Placa Roja\"],\"inLanguage\":\"es\"},{\"@type\":\"WebPage\",\"@id\":\"https:\\\/\\\/digitalsantotome.com.ar\\\/?p=7801\",\"url\":\"https:\\\/\\\/digitalsantotome.com.ar\\\/?p=7801\",\"name\":\"Habr\u00e1 cambio de director en la Unidad Regional Quinta de Polic\u00eda - Digital Santo Tom\u00e9\",\"isPartOf\":{\"@id\":\"https:\\\/\\\/digitalsantotome.com.ar\\\/#website\"},\"datePublished\":\"2024-07-21T23:40:11+00:00\",\"dateModified\":\"2024-07-26T10:29:56+00:00\",\"breadcrumb\":{\"@id\":\"https:\\\/\\\/digitalsantotome.com.ar\\\/?p=7801#breadcrumb\"},\"inLanguage\":\"es\",\"potentialAction\":[{\"@type\":\"ReadAction\",\"target\":[\"https:\\\/\\\/digitalsantotome.com.ar\\\/?p=7801\"]}]},{\"@type\":\"BreadcrumbList\",\"@id\":\"https:\\\/\\\/digitalsantotome.com.ar\\\/?p=7801#breadcrumb\",\"itemListElement\":[{\"@type\":\"ListItem\",\"position\":1,\"name\":\"Portada\",\"item\":\"https:\\\/\\\/digitalsantotome.com.ar\\\/\"},{\"@type\":\"ListItem\",\"position\":2,\"name\":\"Habr\u00e1 cambio de director en la Unidad Regional Quinta de Polic\u00eda\"}]},{\"@type\":\"WebSite\",\"@id\":\"https:\\\/\\\/digitalsantotome.com.ar\\\/#website\",\"url\":\"https:\\\/\\\/digitalsantotome.com.ar\\\/\",\"name\":\"Digital Santo Tom\u00e9\",\"description\":\"Noticias desde Santo Tom\u00e9 al Mundo \u2013 La informacion que decide\",\"publisher\":{\"@id\":\"https:\\\/\\\/digitalsantotome.com.ar\\\/#organization\"},\"potentialAction\":[{\"@type\":\"SearchAction\",\"target\":{\"@type\":\"EntryPoint\",\"urlTemplate\":\"https:\\\/\\\/digitalsantotome.com.ar\\\/?s={search_term_string}\"},\"query-input\":{\"@type\":\"PropertyValueSpecification\",\"valueRequired\":true,\"valueName\":\"search_term_string\"}}],\"inLanguage\":\"es\"},{\"@type\":\"Organization\",\"@id\":\"https:\\\/\\\/digitalsantotome.com.ar\\\/#organization\",\"name\":\"Digital Santo Tom\u00e9\",\"url\":\"https:\\\/\\\/digitalsantotome.com.ar\\\/\",\"logo\":{\"@type\":\"ImageObject\",\"inLanguage\":\"es\",\"@id\":\"https:\\\/\\\/digitalsantotome.com.ar\\\/#\\\/schema\\\/logo\\\/image\\\/\",\"url\":\"https:\\\/\\\/digitalsantotome.com.ar\\\/wp-content\\\/uploads\\\/2023\\\/01\\\/facebook.jpg\",\"contentUrl\":\"https:\\\/\\\/digitalsantotome.com.ar\\\/wp-content\\\/uploads\\\/2023\\\/01\\\/facebook.jpg\",\"width\":512,\"height\":376,\"caption\":\"Digital Santo Tom\u00e9\"},\"image\":{\"@id\":\"https:\\\/\\\/digitalsantotome.com.ar\\\/#\\\/schema\\\/logo\\\/image\\\/\"}},{\"@type\":\"Person\",\"@id\":\"https:\\\/\\\/digitalsantotome.com.ar\\\/#\\\/schema\\\/person\\\/8991d8822886fedd92ce7f03817e1bdf\",\"name\":\"Jose Carlos Machado\",\"url\":\"https:\\\/\\\/digitalsantotome.com.ar\\\/?author=2\"}]}<\/script>\n<!-- \/ Yoast SEO plugin. -->","yoast_head_json":{"title":"Habr\u00e1 cambio de director en la Unidad Regional Quinta de Polic\u00eda - Digital Santo Tom\u00e9","robots":{"index":"index","follow":"follow","max-snippet":"max-snippet:-1","max-image-preview":"max-image-preview:large","max-video-preview":"max-video-preview:-1"},"canonical":"https:\/\/digitalsantotome.com.ar\/?p=7801","og_locale":"es_ES","og_type":"article","og_title":"Habr\u00e1 cambio de director en la Unidad Regional Quinta de Polic\u00eda - Digital Santo Tom\u00e9","og_description":"SANTO TOME. Para el transcurso de la semana, se llevar\u00e1 a cabo el cambio de director de la Unidad Regional Quinta de Polic\u00eda, luego de las medidas dispuestas por el ministerio de Seguridad de la Provincia de \u201cpasar la escoba\u201d en las esferas m\u00e1s altas de la polic\u00eda provincial tras lo sucedido con el caso...","og_url":"https:\/\/digitalsantotome.com.ar\/?p=7801","og_site_name":"Digital Santo Tom\u00e9","article_published_time":"2024-07-21T23:40:11+00:00","article_modified_time":"2024-07-26T10:29:56+00:00","author":"Jose Carlos Machado","twitter_card":"summary_large_image","twitter_misc":{"Escrito por":"Jose Carlos Machado","Tiempo de lectura":"2 minutos"},"schema":{"@context":"https:\/\/schema.org","@graph":[{"@type":"Article","@id":"https:\/\/digitalsantotome.com.ar\/?p=7801#article","isPartOf":{"@id":"https:\/\/digitalsantotome.com.ar\/?p=7801"},"author":{"name":"Jose Carlos Machado","@id":"https:\/\/digitalsantotome.com.ar\/#\/schema\/person\/8991d8822886fedd92ce7f03817e1bdf"},"headline":"Habr\u00e1 cambio de director en la Unidad Regional Quinta de Polic\u00eda","datePublished":"2024-07-21T23:40:11+00:00","dateModified":"2024-07-26T10:29:56+00:00","mainEntityOfPage":{"@id":"https:\/\/digitalsantotome.com.ar\/?p=7801"},"wordCount":289,"publisher":{"@id":"https:\/\/digitalsantotome.com.ar\/#organization"},"articleSection":["Placa Roja"],"inLanguage":"es"},{"@type":"WebPage","@id":"https:\/\/digitalsantotome.com.ar\/?p=7801","url":"https:\/\/digitalsantotome.com.ar\/?p=7801","name":"Habr\u00e1 cambio de director en la Unidad Regional Quinta de Polic\u00eda - Digital Santo Tom\u00e9","isPartOf":{"@id":"https:\/\/digitalsantotome.com.ar\/#website"},"datePublished":"2024-07-21T23:40:11+00:00","dateModified":"2024-07-26T10:29:56+00:00","breadcrumb":{"@id":"https:\/\/digitalsantotome.com.ar\/?p=7801#breadcrumb"},"inLanguage":"es","potentialAction":[{"@type":"ReadAction","target":["https:\/\/digitalsantotome.com.ar\/?p=7801"]}]},{"@type":"BreadcrumbList","@id":"https:\/\/digitalsantotome.com.ar\/?p=7801#breadcrumb","itemListElement":[{"@type":"ListItem","position":1,"name":"Portada","item":"https:\/\/digitalsantotome.com.ar\/"},{"@type":"ListItem","position":2,"name":"Habr\u00e1 cambio de director en la Unidad Regional Quinta de Polic\u00eda"}]},{"@type":"WebSite","@id":"https:\/\/digitalsantotome.com.ar\/#website","url":"https:\/\/digitalsantotome.com.ar\/","name":"Digital Santo Tom\u00e9","description":"Noticias desde Santo Tom\u00e9 al Mundo \u2013 La informacion que decide","publisher":{"@id":"https:\/\/digitalsantotome.com.ar\/#organization"},"potentialAction":[{"@type":"SearchAction","target":{"@type":"EntryPoint","urlTemplate":"https:\/\/digitalsantotome.com.ar\/?s={search_term_string}"},"query-input":{"@type":"PropertyValueSpecification","valueRequired":true,"valueName":"search_term_string"}}],"inLanguage":"es"},{"@type":"Organization","@id":"https:\/\/digitalsantotome.com.ar\/#organization","name":"Digital Santo Tom\u00e9","url":"https:\/\/digitalsantotome.com.ar\/","logo":{"@type":"ImageObject","inLanguage":"es","@id":"https:\/\/digitalsantotome.com.ar\/#\/schema\/logo\/image\/","url":"https:\/\/digitalsantotome.com.ar\/wp-content\/uploads\/2023\/01\/facebook.jpg","contentUrl":"https:\/\/digitalsantotome.com.ar\/wp-content\/uploads\/2023\/01\/facebook.jpg","width":512,"height":376,"caption":"Digital Santo Tom\u00e9"},"image":{"@id":"https:\/\/digitalsantotome.com.ar\/#\/schema\/logo\/image\/"}},{"@type":"Person","@id":"https:\/\/digitalsantotome.com.ar\/#\/schema\/person\/8991d8822886fedd92ce7f03817e1bdf","name":"Jose Carlos Machado","url":"https:\/\/digitalsantotome.com.ar\/?author=2"}]}},"_links":{"self":[{"href":"https:\/\/digitalsantotome.com.ar\/index.php?rest_route=\/wp\/v2\/posts\/7801","targetHints":{"allow":["GET"]}}],"collection":[{"href":"https:\/\/digitalsantotome.com.ar\/index.php?rest_route=\/wp\/v2\/posts"}],"about":[{"href":"https:\/\/digitalsantotome.com.ar\/index.php?rest_route=\/wp\/v2\/types\/post"}],"author":[{"embeddable":true,"href":"https:\/\/digitalsantotome.com.ar\/index.php?rest_route=\/wp\/v2\/users\/2"}],"replies":[{"embeddable":true,"href":"https:\/\/digitalsantotome.com.ar\/index.php?rest_route=%2Fwp%2Fv2%2Fcomments&post=7801"}],"version-history":[{"count":1,"href":"https:\/\/digitalsantotome.com.ar\/index.php?rest_route=\/wp\/v2\/posts\/7801\/revisions"}],"predecessor-version":[{"id":7802,"href":"https:\/\/digitalsantotome.com.ar\/index.php?rest_route=\/wp\/v2\/posts\/7801\/revisions\/7802"}],"wp:attachment":[{"href":"https:\/\/digitalsantotome.com.ar\/index.php?rest_route=%2Fwp%2Fv2%2Fmedia&parent=7801"}],"wp:term":[{"taxonomy":"category","embeddable":true,"href":"https:\/\/digitalsantotome.com.ar\/index.php?rest_route=%2Fwp%2Fv2%2Fcategories&post=7801"},{"taxonomy":"post_tag","embeddable":true,"href":"https:\/\/digitalsantotome.com.ar\/index.php?rest_route=%2Fwp%2Fv2%2Ftags&post=7801"}],"curies":[{"name":"wp","href":"https:\/\/api.w.org\/{rel}","templated":true}]}}