{"id":7840,"date":"2024-07-29T07:53:57","date_gmt":"2024-07-29T10:53:57","guid":{"rendered":"https:\/\/digitalsantotome.com.ar\/?p=7840"},"modified":"2024-07-29T13:46:14","modified_gmt":"2024-07-29T16:46:14","slug":"comparsa-marabu-no-descansa-y-trabaja-a-full-de-cara-al-carnaval-2025","status":"publish","type":"post","link":"https:\/\/digitalsantotome.com.ar\/?p=7840","title":{"rendered":"Comparsa Marab\u00fa no descansa y trabaja a full de cara al carnaval 2025"},"content":{"rendered":"<p>SANTO TOME. Mauri Olivera, el presidente de Marab\u00fa, dio a conocer detalles de los trabajos que viene realizando esa comparsa de cara a la pr\u00f3xima edici\u00f3n de los Carnavales y dej\u00f3 entrever que est\u00e1n muy avanzados en todo sentido (talleres de comparsa, selecci\u00f3n de material, elaboraci\u00f3n de trajes, clases de percusi\u00f3n, danzas, dise\u00f1o y planificaci\u00f3n de carros). Tambi\u00e9n abord\u00f3 la cuesti\u00f3n econ\u00f3mica y organizativa, y se mostr\u00f3 interesado en que, a la brevedad posible, se cierre el acuerdo monetario con el municipio para poder ser m\u00e1s previsibles en los gastos teniendo en cuenta el complejo proceso inflacionario que se vive actualmente.<\/p>\n<p>Al respecto el dirigente de Marab\u00fa sostuvo: <strong>\u201cVenimos trabajando fuertemente porque sabemos que despu\u00e9s de Julio el tiempo, para el Carnaval, parece que corre m\u00e1s r\u00e1pido y cuando nos damos cuenta ya estamos en Diciembre-Enero a d\u00edas de los desfiles pero, por suerte, nosotros estamos en una buena situaci\u00f3n, bastante organizados, con el taller de comparsa activo ya desde hace dos meses durante todos los d\u00edas, es decir, ya pasamos la etapa de selecci\u00f3n de material, de lo que se va a reutilizar, ya hace 20 d\u00edas que se empez\u00f3 con la elaboraci\u00f3n de los trajes para el Carnaval 2025, llevamos 40 d\u00edas con la escuela de percusi\u00f3n formando nuevos ritmistas, tambi\u00e9n ya arrancamos los trabajos de la parte de danzas con el taller de samba no p\u00e9 para todos los integrantes del cuerpo de baile de la comparsa, todo con el objetivo de brindar el mejor espect\u00e1culo posible el a\u00f1o pr\u00f3ximo\u201d<\/strong><\/p>\n<p><strong>\u201cEn lo que respecta al tema carros, ya tenemos los dise\u00f1os, pero todav\u00eda estamos en la etapa de planificaci\u00f3n del trabajo, analizando por donde arrancamos, viendo qu\u00e9 vamos a necesitar en cuanto a materiales que es lo m\u00e1s costoso, siempre cuidando mucho el nivel de los detalles\u201d<\/strong>, se\u00f1al\u00f3.<\/p>\n<p><strong>EL TEMA A PRESENTAR<\/strong><\/p>\n<p>Cabe destacar que el tema que va a representar Marab\u00fa en 2025 es un homenaje a la poeta argentina Mar\u00eda Elena Walsh.<\/p>\n<p><strong>\u201cVamos a traer a la avenida del samba la vida y obra de Mar\u00eda Elena Walsh; es un tema que nos gusta mucho, porque sabemos que muchos de las nuevas generaciones cantan sus canciones sin saber qui\u00e9n es este baluarte de la poes\u00eda argentina, y tambi\u00e9n va a ser muy lindo traer todos estos temas a la memoria de aquellas otras generaciones que crecieron escuch\u00e1ndola; en fin, creo que va a ser lindo dar a conocer o recordar a esta artista incre\u00edble que supo pasar por muchas facetas\u201d<\/strong>, subray\u00f3.<\/p>\n<p><strong>ACUERDO MONETARIO QUE SE DEMORA<\/strong><\/p>\n<p>En cuanto a cu\u00e1les son las expectativas en cuanto al acuerdo monetario que puedan llegar a alcanzar con el municipio teniendo en cuenta que la Municipalidad va a ser nuevamente quien organice el Carnaval del a\u00f1o pr\u00f3ximo, expres\u00f3: <strong>\u201cEs un tema que le compete a las autoridades de la Comisi\u00f3n Central, los presidentes no formamos parte de la CCC sino los delegados junto con el municipio, pero es de mi conocimiento que hace varias semanas que se ha entablado las negociaciones, a tal punto, que la semana pasada hubo una reuni\u00f3n importante donde se avanz\u00f3 bastante en este sentido, y yo creo que en breve la Comisi\u00f3n Central va a estar anunciando el acuerdo alcanzado\u201d,<\/strong> manifest\u00f3.<\/p>\n<p>M\u00e1s all\u00e1 de esto, dej\u00f3 entrever su inter\u00e9s para que, cuanto antes, se llegue al acuerdo, teniendo en cuenta el delicado proceso inflacionario que padecemos. En tal sentido, dijo: <strong>\u201cLa realidad es que cuanto antes podamos comenzar a realizar las inversiones mejor, es por eso que con bastante tiempo de antelaci\u00f3n se insisti\u00f3 en comenzar con las negociaciones con el municipio, por lo que esperamos que para los pr\u00f3ximos d\u00edas se est\u00e9 cerrando el acuerdo y rubricando las firmas para que ya en Agosto empecemos a percibir parte del dinero que le corresponde a las Comparsa para brindar el espect\u00e1culo; seguramente va a ser la misma modalidad del a\u00f1o pasado, es decir, pagos mensuales iguales para las tres comparsas\u201d<\/strong>, enfatiz\u00f3.<\/p>\n<p><strong>EL ESCENARIO<\/strong><\/p>\n<p>En cuanto al siempre pol\u00e9mico tema del escenario del que tanto se habla y poco se avanza, opin\u00f3:<strong> \u201cTodos somos conscientes que el lugar que tenemos actualmente ya no es viable , tanto para el municipio, como para los comerciantes, para las comparsas, para los vecinos e inclusive ya es inc\u00f3modo para la gente que asiste al evento, por lo que todos tenemos el anhelo de salir de ah\u00ed; lamentablemente hoy la \u00fanica posibilidad que se baraja es volver a hacerlo en ese lugar, pero tenemos que bregar para que, en cuanto se d\u00e9 la posibilidad, se traslade el Carnaval hacia otro sector donde sea m\u00e1s beneficioso para todos. He escuchado tambi\u00e9n que una posibilidad es hacerlo en un sector de la avenida Frondizi (ex Alvear) si se llega a pavimentar, pero solo ser\u00eda una salida moment\u00e1nea, estamos hablando en un caso hipot\u00e9tico porque todav\u00eda el municipio ni ha empezado los trabajos de suelo en ese lugar, y definitivamente no es un lugar definitivo para el cors\u00f3dromo, y ya falta nuevamente poco tiempo para la pr\u00f3xima edici\u00f3n del Carnaval. En conclusi\u00f3n, lo \u00fanico que tenemos en concreto hasta el momento es el cors\u00f3dromo actual y tenemos que empezar a trabajar en su puesta en condiciones en virtud de la organizaci\u00f3n, o sea, lo que quiero decir es, si no podemos salir de ah\u00ed como parece que una vez m\u00e1s ser\u00e1 s\u00ed, tenemos que empezar a trabajar ya en mejorar ese espacio, porque lamentablemente yo no veo que est\u00e9n dadas las condiciones para ir a otro lado\u201d,<\/strong> soslay\u00f3.<\/p>\n<p><strong>EVENTOS CON EL APOYO DE LA GENTE<\/strong><\/p>\n<p>En otro orden de cosas, mencion\u00f3 que recientemente organizaron dos eventos importantes, y aprovech\u00f3 la oportunidad para agradecer el acompa\u00f1amiento de la gente.<\/p>\n<p><strong>\u201cEstamos muy agradecidos por el apoyo del p\u00fablico, y quiero pedirle a la gente que, as\u00ed como siempre apoya a Marab\u00fa, apoye tambi\u00e9n a las dem\u00e1s comparsas que vienen haciendo un esfuerzo enorme; el Carnaval necesita de todos para crecer, no hay Carnaval con una sola comparsa por lo que es importante que todas podamos recaudar, para mantenernos, para crecer, para evolucionar. Nosotros particularmente estamos sumamente agradecidos al pueblo marabucero que es incondicional y siempre dice s\u00ed, tambi\u00e9n destacar al grupo de trabajo que este a\u00f1o no par\u00f3 ni siquiera una semana, como as\u00ed tambi\u00e9n a todas aquellas personas que colaboran desde afuera; quiero incentivarles a seguir trabajando duro porque todav\u00eda nos queda un par de meses por delante y tenemos que salir el a\u00f1o pr\u00f3ximo nuevamente a dar el mejor espect\u00e1culo posible\u201d,<\/strong> concluy\u00f3.<\/p>\n","protected":false},"excerpt":{"rendered":"<p>SANTO TOME. Mauri Olivera, el presidente de Marab\u00fa, dio a conocer detalles de los trabajos que viene realizando esa comparsa de cara a la pr\u00f3xima edici\u00f3n de los Carnavales y dej\u00f3 entrever que est\u00e1n muy avanzados en todo sentido (talleres de comparsa, selecci\u00f3n de material, elaboraci\u00f3n de trajes, clases de percusi\u00f3n, danzas, dise\u00f1o y planificaci\u00f3n&#8230;<\/p>\n","protected":false},"author":2,"featured_media":7841,"comment_status":"closed","ping_status":"closed","sticky":false,"template":"","format":"standard","meta":{"_kad_post_transparent":"default","_kad_post_title":"default","_kad_post_layout":"default","_kad_post_sidebar_id":"","_kad_post_content_style":"default","_kad_post_vertical_padding":"default","_kad_post_feature":"","_kad_post_feature_position":"","_kad_post_header":false,"_kad_post_footer":false,"_kad_post_classname":"","footnotes":""},"categories":[1],"tags":[],"class_list":["post-7840","post","type-post","status-publish","format-standard","has-post-thumbnail","hentry","category-locales"],"a3_pvc":{"activated":false,"total_views":0,"today_views":0},"yoast_head":"<!-- This site is optimized with the Yoast SEO plugin v27.5 - https:\/\/yoast.com\/product\/yoast-seo-wordpress\/ -->\n<title>Comparsa Marab\u00fa no descansa y trabaja a full de cara al carnaval 2025 - Digital Santo Tom\u00e9<\/title>\n<meta name=\"robots\" content=\"index, follow, max-snippet:-1, max-image-preview:large, max-video-preview:-1\" \/>\n<link rel=\"canonical\" href=\"https:\/\/digitalsantotome.com.ar\/?p=7840\" \/>\n<meta property=\"og:locale\" content=\"es_ES\" \/>\n<meta property=\"og:type\" content=\"article\" \/>\n<meta property=\"og:title\" content=\"Comparsa Marab\u00fa no descansa y trabaja a full de cara al carnaval 2025 - Digital Santo Tom\u00e9\" \/>\n<meta property=\"og:description\" content=\"SANTO TOME. Mauri Olivera, el presidente de Marab\u00fa, dio a conocer detalles de los trabajos que viene realizando esa comparsa de cara a la pr\u00f3xima edici\u00f3n de los Carnavales y dej\u00f3 entrever que est\u00e1n muy avanzados en todo sentido (talleres de comparsa, selecci\u00f3n de material, elaboraci\u00f3n de trajes, clases de percusi\u00f3n, danzas, dise\u00f1o y planificaci\u00f3n...\" \/>\n<meta property=\"og:url\" content=\"https:\/\/digitalsantotome.com.ar\/?p=7840\" \/>\n<meta property=\"og:site_name\" content=\"Digital Santo Tom\u00e9\" \/>\n<meta property=\"article:published_time\" content=\"2024-07-29T10:53:57+00:00\" \/>\n<meta property=\"article:modified_time\" content=\"2024-07-29T16:46:14+00:00\" \/>\n<meta property=\"og:image\" content=\"https:\/\/digitalsantotome.com.ar\/wp-content\/uploads\/2024\/07\/mauri.jpg\" \/>\n\t<meta property=\"og:image:width\" content=\"800\" \/>\n\t<meta property=\"og:image:height\" content=\"479\" \/>\n\t<meta property=\"og:image:type\" content=\"image\/jpeg\" \/>\n<meta name=\"author\" content=\"Jose Carlos Machado\" \/>\n<meta name=\"twitter:card\" content=\"summary_large_image\" \/>\n<meta name=\"twitter:label1\" content=\"Escrito por\" \/>\n\t<meta name=\"twitter:data1\" content=\"Jose Carlos Machado\" \/>\n\t<meta name=\"twitter:label2\" content=\"Tiempo de lectura\" \/>\n\t<meta name=\"twitter:data2\" content=\"6 minutos\" \/>\n<script type=\"application\/ld+json\" class=\"yoast-schema-graph\">{\"@context\":\"https:\\\/\\\/schema.org\",\"@graph\":[{\"@type\":\"Article\",\"@id\":\"https:\\\/\\\/digitalsantotome.com.ar\\\/?p=7840#article\",\"isPartOf\":{\"@id\":\"https:\\\/\\\/digitalsantotome.com.ar\\\/?p=7840\"},\"author\":{\"name\":\"Jose Carlos Machado\",\"@id\":\"https:\\\/\\\/digitalsantotome.com.ar\\\/#\\\/schema\\\/person\\\/8991d8822886fedd92ce7f03817e1bdf\"},\"headline\":\"Comparsa Marab\u00fa no descansa y trabaja a full de cara al carnaval 2025\",\"datePublished\":\"2024-07-29T10:53:57+00:00\",\"dateModified\":\"2024-07-29T16:46:14+00:00\",\"mainEntityOfPage\":{\"@id\":\"https:\\\/\\\/digitalsantotome.com.ar\\\/?p=7840\"},\"wordCount\":1166,\"publisher\":{\"@id\":\"https:\\\/\\\/digitalsantotome.com.ar\\\/#organization\"},\"image\":{\"@id\":\"https:\\\/\\\/digitalsantotome.com.ar\\\/?p=7840#primaryimage\"},\"thumbnailUrl\":\"https:\\\/\\\/digitalsantotome.com.ar\\\/wp-content\\\/uploads\\\/2024\\\/07\\\/mauri.jpg\",\"articleSection\":[\"Locales\"],\"inLanguage\":\"es\"},{\"@type\":\"WebPage\",\"@id\":\"https:\\\/\\\/digitalsantotome.com.ar\\\/?p=7840\",\"url\":\"https:\\\/\\\/digitalsantotome.com.ar\\\/?p=7840\",\"name\":\"Comparsa Marab\u00fa no descansa y trabaja a full de cara al carnaval 2025 - Digital Santo Tom\u00e9\",\"isPartOf\":{\"@id\":\"https:\\\/\\\/digitalsantotome.com.ar\\\/#website\"},\"primaryImageOfPage\":{\"@id\":\"https:\\\/\\\/digitalsantotome.com.ar\\\/?p=7840#primaryimage\"},\"image\":{\"@id\":\"https:\\\/\\\/digitalsantotome.com.ar\\\/?p=7840#primaryimage\"},\"thumbnailUrl\":\"https:\\\/\\\/digitalsantotome.com.ar\\\/wp-content\\\/uploads\\\/2024\\\/07\\\/mauri.jpg\",\"datePublished\":\"2024-07-29T10:53:57+00:00\",\"dateModified\":\"2024-07-29T16:46:14+00:00\",\"breadcrumb\":{\"@id\":\"https:\\\/\\\/digitalsantotome.com.ar\\\/?p=7840#breadcrumb\"},\"inLanguage\":\"es\",\"potentialAction\":[{\"@type\":\"ReadAction\",\"target\":[\"https:\\\/\\\/digitalsantotome.com.ar\\\/?p=7840\"]}]},{\"@type\":\"ImageObject\",\"inLanguage\":\"es\",\"@id\":\"https:\\\/\\\/digitalsantotome.com.ar\\\/?p=7840#primaryimage\",\"url\":\"https:\\\/\\\/digitalsantotome.com.ar\\\/wp-content\\\/uploads\\\/2024\\\/07\\\/mauri.jpg\",\"contentUrl\":\"https:\\\/\\\/digitalsantotome.com.ar\\\/wp-content\\\/uploads\\\/2024\\\/07\\\/mauri.jpg\",\"width\":800,\"height\":479},{\"@type\":\"BreadcrumbList\",\"@id\":\"https:\\\/\\\/digitalsantotome.com.ar\\\/?p=7840#breadcrumb\",\"itemListElement\":[{\"@type\":\"ListItem\",\"position\":1,\"name\":\"Portada\",\"item\":\"https:\\\/\\\/digitalsantotome.com.ar\\\/\"},{\"@type\":\"ListItem\",\"position\":2,\"name\":\"Comparsa Marab\u00fa no descansa y trabaja a full de cara al carnaval 2025\"}]},{\"@type\":\"WebSite\",\"@id\":\"https:\\\/\\\/digitalsantotome.com.ar\\\/#website\",\"url\":\"https:\\\/\\\/digitalsantotome.com.ar\\\/\",\"name\":\"Digital Santo Tom\u00e9\",\"description\":\"Noticias desde Santo Tom\u00e9 al Mundo \u2013 La informacion que decide\",\"publisher\":{\"@id\":\"https:\\\/\\\/digitalsantotome.com.ar\\\/#organization\"},\"potentialAction\":[{\"@type\":\"SearchAction\",\"target\":{\"@type\":\"EntryPoint\",\"urlTemplate\":\"https:\\\/\\\/digitalsantotome.com.ar\\\/?s={search_term_string}\"},\"query-input\":{\"@type\":\"PropertyValueSpecification\",\"valueRequired\":true,\"valueName\":\"search_term_string\"}}],\"inLanguage\":\"es\"},{\"@type\":\"Organization\",\"@id\":\"https:\\\/\\\/digitalsantotome.com.ar\\\/#organization\",\"name\":\"Digital Santo Tom\u00e9\",\"url\":\"https:\\\/\\\/digitalsantotome.com.ar\\\/\",\"logo\":{\"@type\":\"ImageObject\",\"inLanguage\":\"es\",\"@id\":\"https:\\\/\\\/digitalsantotome.com.ar\\\/#\\\/schema\\\/logo\\\/image\\\/\",\"url\":\"https:\\\/\\\/digitalsantotome.com.ar\\\/wp-content\\\/uploads\\\/2023\\\/01\\\/facebook.jpg\",\"contentUrl\":\"https:\\\/\\\/digitalsantotome.com.ar\\\/wp-content\\\/uploads\\\/2023\\\/01\\\/facebook.jpg\",\"width\":512,\"height\":376,\"caption\":\"Digital Santo Tom\u00e9\"},\"image\":{\"@id\":\"https:\\\/\\\/digitalsantotome.com.ar\\\/#\\\/schema\\\/logo\\\/image\\\/\"}},{\"@type\":\"Person\",\"@id\":\"https:\\\/\\\/digitalsantotome.com.ar\\\/#\\\/schema\\\/person\\\/8991d8822886fedd92ce7f03817e1bdf\",\"name\":\"Jose Carlos Machado\",\"url\":\"https:\\\/\\\/digitalsantotome.com.ar\\\/?author=2\"}]}<\/script>\n<!-- \/ Yoast SEO plugin. -->","yoast_head_json":{"title":"Comparsa Marab\u00fa no descansa y trabaja a full de cara al carnaval 2025 - Digital Santo Tom\u00e9","robots":{"index":"index","follow":"follow","max-snippet":"max-snippet:-1","max-image-preview":"max-image-preview:large","max-video-preview":"max-video-preview:-1"},"canonical":"https:\/\/digitalsantotome.com.ar\/?p=7840","og_locale":"es_ES","og_type":"article","og_title":"Comparsa Marab\u00fa no descansa y trabaja a full de cara al carnaval 2025 - Digital Santo Tom\u00e9","og_description":"SANTO TOME. Mauri Olivera, el presidente de Marab\u00fa, dio a conocer detalles de los trabajos que viene realizando esa comparsa de cara a la pr\u00f3xima edici\u00f3n de los Carnavales y dej\u00f3 entrever que est\u00e1n muy avanzados en todo sentido (talleres de comparsa, selecci\u00f3n de material, elaboraci\u00f3n de trajes, clases de percusi\u00f3n, danzas, dise\u00f1o y planificaci\u00f3n...","og_url":"https:\/\/digitalsantotome.com.ar\/?p=7840","og_site_name":"Digital Santo Tom\u00e9","article_published_time":"2024-07-29T10:53:57+00:00","article_modified_time":"2024-07-29T16:46:14+00:00","og_image":[{"width":800,"height":479,"url":"https:\/\/digitalsantotome.com.ar\/wp-content\/uploads\/2024\/07\/mauri.jpg","type":"image\/jpeg"}],"author":"Jose Carlos Machado","twitter_card":"summary_large_image","twitter_misc":{"Escrito por":"Jose Carlos Machado","Tiempo de lectura":"6 minutos"},"schema":{"@context":"https:\/\/schema.org","@graph":[{"@type":"Article","@id":"https:\/\/digitalsantotome.com.ar\/?p=7840#article","isPartOf":{"@id":"https:\/\/digitalsantotome.com.ar\/?p=7840"},"author":{"name":"Jose Carlos Machado","@id":"https:\/\/digitalsantotome.com.ar\/#\/schema\/person\/8991d8822886fedd92ce7f03817e1bdf"},"headline":"Comparsa Marab\u00fa no descansa y trabaja a full de cara al carnaval 2025","datePublished":"2024-07-29T10:53:57+00:00","dateModified":"2024-07-29T16:46:14+00:00","mainEntityOfPage":{"@id":"https:\/\/digitalsantotome.com.ar\/?p=7840"},"wordCount":1166,"publisher":{"@id":"https:\/\/digitalsantotome.com.ar\/#organization"},"image":{"@id":"https:\/\/digitalsantotome.com.ar\/?p=7840#primaryimage"},"thumbnailUrl":"https:\/\/digitalsantotome.com.ar\/wp-content\/uploads\/2024\/07\/mauri.jpg","articleSection":["Locales"],"inLanguage":"es"},{"@type":"WebPage","@id":"https:\/\/digitalsantotome.com.ar\/?p=7840","url":"https:\/\/digitalsantotome.com.ar\/?p=7840","name":"Comparsa Marab\u00fa no descansa y trabaja a full de cara al carnaval 2025 - Digital Santo Tom\u00e9","isPartOf":{"@id":"https:\/\/digitalsantotome.com.ar\/#website"},"primaryImageOfPage":{"@id":"https:\/\/digitalsantotome.com.ar\/?p=7840#primaryimage"},"image":{"@id":"https:\/\/digitalsantotome.com.ar\/?p=7840#primaryimage"},"thumbnailUrl":"https:\/\/digitalsantotome.com.ar\/wp-content\/uploads\/2024\/07\/mauri.jpg","datePublished":"2024-07-29T10:53:57+00:00","dateModified":"2024-07-29T16:46:14+00:00","breadcrumb":{"@id":"https:\/\/digitalsantotome.com.ar\/?p=7840#breadcrumb"},"inLanguage":"es","potentialAction":[{"@type":"ReadAction","target":["https:\/\/digitalsantotome.com.ar\/?p=7840"]}]},{"@type":"ImageObject","inLanguage":"es","@id":"https:\/\/digitalsantotome.com.ar\/?p=7840#primaryimage","url":"https:\/\/digitalsantotome.com.ar\/wp-content\/uploads\/2024\/07\/mauri.jpg","contentUrl":"https:\/\/digitalsantotome.com.ar\/wp-content\/uploads\/2024\/07\/mauri.jpg","width":800,"height":479},{"@type":"BreadcrumbList","@id":"https:\/\/digitalsantotome.com.ar\/?p=7840#breadcrumb","itemListElement":[{"@type":"ListItem","position":1,"name":"Portada","item":"https:\/\/digitalsantotome.com.ar\/"},{"@type":"ListItem","position":2,"name":"Comparsa Marab\u00fa no descansa y trabaja a full de cara al carnaval 2025"}]},{"@type":"WebSite","@id":"https:\/\/digitalsantotome.com.ar\/#website","url":"https:\/\/digitalsantotome.com.ar\/","name":"Digital Santo Tom\u00e9","description":"Noticias desde Santo Tom\u00e9 al Mundo \u2013 La informacion que decide","publisher":{"@id":"https:\/\/digitalsantotome.com.ar\/#organization"},"potentialAction":[{"@type":"SearchAction","target":{"@type":"EntryPoint","urlTemplate":"https:\/\/digitalsantotome.com.ar\/?s={search_term_string}"},"query-input":{"@type":"PropertyValueSpecification","valueRequired":true,"valueName":"search_term_string"}}],"inLanguage":"es"},{"@type":"Organization","@id":"https:\/\/digitalsantotome.com.ar\/#organization","name":"Digital Santo Tom\u00e9","url":"https:\/\/digitalsantotome.com.ar\/","logo":{"@type":"ImageObject","inLanguage":"es","@id":"https:\/\/digitalsantotome.com.ar\/#\/schema\/logo\/image\/","url":"https:\/\/digitalsantotome.com.ar\/wp-content\/uploads\/2023\/01\/facebook.jpg","contentUrl":"https:\/\/digitalsantotome.com.ar\/wp-content\/uploads\/2023\/01\/facebook.jpg","width":512,"height":376,"caption":"Digital Santo Tom\u00e9"},"image":{"@id":"https:\/\/digitalsantotome.com.ar\/#\/schema\/logo\/image\/"}},{"@type":"Person","@id":"https:\/\/digitalsantotome.com.ar\/#\/schema\/person\/8991d8822886fedd92ce7f03817e1bdf","name":"Jose Carlos Machado","url":"https:\/\/digitalsantotome.com.ar\/?author=2"}]}},"_links":{"self":[{"href":"https:\/\/digitalsantotome.com.ar\/index.php?rest_route=\/wp\/v2\/posts\/7840","targetHints":{"allow":["GET"]}}],"collection":[{"href":"https:\/\/digitalsantotome.com.ar\/index.php?rest_route=\/wp\/v2\/posts"}],"about":[{"href":"https:\/\/digitalsantotome.com.ar\/index.php?rest_route=\/wp\/v2\/types\/post"}],"author":[{"embeddable":true,"href":"https:\/\/digitalsantotome.com.ar\/index.php?rest_route=\/wp\/v2\/users\/2"}],"replies":[{"embeddable":true,"href":"https:\/\/digitalsantotome.com.ar\/index.php?rest_route=%2Fwp%2Fv2%2Fcomments&post=7840"}],"version-history":[{"count":1,"href":"https:\/\/digitalsantotome.com.ar\/index.php?rest_route=\/wp\/v2\/posts\/7840\/revisions"}],"predecessor-version":[{"id":7842,"href":"https:\/\/digitalsantotome.com.ar\/index.php?rest_route=\/wp\/v2\/posts\/7840\/revisions\/7842"}],"wp:featuredmedia":[{"embeddable":true,"href":"https:\/\/digitalsantotome.com.ar\/index.php?rest_route=\/wp\/v2\/media\/7841"}],"wp:attachment":[{"href":"https:\/\/digitalsantotome.com.ar\/index.php?rest_route=%2Fwp%2Fv2%2Fmedia&parent=7840"}],"wp:term":[{"taxonomy":"category","embeddable":true,"href":"https:\/\/digitalsantotome.com.ar\/index.php?rest_route=%2Fwp%2Fv2%2Fcategories&post=7840"},{"taxonomy":"post_tag","embeddable":true,"href":"https:\/\/digitalsantotome.com.ar\/index.php?rest_route=%2Fwp%2Fv2%2Ftags&post=7840"}],"curies":[{"name":"wp","href":"https:\/\/api.w.org\/{rel}","templated":true}]}}