{"id":8036,"date":"2024-08-21T21:24:16","date_gmt":"2024-08-22T00:24:16","guid":{"rendered":"https:\/\/digitalsantotome.com.ar\/?p=8036"},"modified":"2024-08-23T08:42:03","modified_gmt":"2024-08-23T11:42:03","slug":"comenzo-a-ejecutarse-el-plan-de-asfaltado-oportunamente-anunciado-entre-valdes-y-suaid","status":"publish","type":"post","link":"https:\/\/digitalsantotome.com.ar\/?p=8036","title":{"rendered":"Comenz\u00f3 a ejecutarse el plan de asfaltado oportunamente anunciado por Vald\u00e9s y Suaid"},"content":{"rendered":"<p>SANTO TOME. Este mi\u00e9rcoles, por la tarde, empez\u00f3 la obra de asfalto mediante la Planta de Asfalto M\u00f3vil instalada hace algunos meses en esta ciudad por parte de Vialidad Provincial. La obra tiene lugar en la avenida Frondizi entre Av. De las Am\u00e9ricas y Pueyrred\u00f3n sentido Norte-Sur. En la oportunidad el intendente Jos\u00e9 Augusto Suaid afirm\u00f3 que la idea es tener los 1600 metros (800 de cada lado), terminadas para inaugurarlas el 27 de agosto pr\u00f3ximo junto al gobernador Gustavo Vald\u00e9s. Tambi\u00e9n inform\u00f3 que una vez terminado este sector de la Av. Frondizi se avanzar\u00e1 con el reasfaltado de la calle Toranzo, desde Frondizi hasta Roque S\u00e1enz Pe\u00f1a.<\/p>\n<p><img fetchpriority=\"high\" decoding=\"async\" class=\"size-full wp-image-8038\" src=\"https:\/\/digitalsantotome.com.ar\/wp-content\/uploads\/2024\/08\/asfa4.jpg\" alt=\"\" width=\"800\" height=\"532\" srcset=\"https:\/\/digitalsantotome.com.ar\/wp-content\/uploads\/2024\/08\/asfa4.jpg 800w, https:\/\/digitalsantotome.com.ar\/wp-content\/uploads\/2024\/08\/asfa4-300x200.jpg 300w, https:\/\/digitalsantotome.com.ar\/wp-content\/uploads\/2024\/08\/asfa4-768x511.jpg 768w\" sizes=\"(max-width: 800px) 100vw, 800px\" \/><\/p>\n<p>Al respecto el actual jefe comunal de Santo Tom\u00e9 manifest\u00f3 en di\u00e1logo con medios de prensa que \u201cestoy muy emocionado porque considero que es un hecho hist\u00f3rico para Santo Tom\u00e9 y tiene que ver con la colocaci\u00f3n de la primera cuadra de concreto asf\u00e1ltico en la avenida Frondizi. Quiero agradecer al gobierno provincial por hacer posible esta gran obra para los santotome\u00f1os. Hoy se va a tirar 200 metros, y la idea es poder terminar entre este Jueves y Viernes los 800 metros de cada lado de esta avenida, es decir, 1600 metros con la intenci\u00f3n de tenerlas para inaugurar para el 27 de Agosto las primeras 30 cuadras de asfalto\u201d, subray\u00f3.<\/p>\n<p><img decoding=\"async\" class=\"size-full wp-image-8039\" src=\"https:\/\/digitalsantotome.com.ar\/wp-content\/uploads\/2024\/08\/asfa3.jpg\" alt=\"\" width=\"800\" height=\"532\" srcset=\"https:\/\/digitalsantotome.com.ar\/wp-content\/uploads\/2024\/08\/asfa3.jpg 800w, https:\/\/digitalsantotome.com.ar\/wp-content\/uploads\/2024\/08\/asfa3-300x200.jpg 300w, https:\/\/digitalsantotome.com.ar\/wp-content\/uploads\/2024\/08\/asfa3-768x511.jpg 768w\" sizes=\"(max-width: 800px) 100vw, 800px\" \/><\/p>\n<p>En cuanto a lo que tuvieron que soportar todos estos a\u00f1os los vecinos (barro y polvareda) que ahora se transformar\u00e1 en asfalto, Suaid dijo: \u201cEsta es una arteria importante para la ciudad teniendo en cuenta que por ac\u00e1 pasa el tr\u00e1nsito pesado, es decir, es una v\u00eda estrat\u00e9gica que adem\u00e1s une el Norte con el Sur de la ciudad y viceversa, y s\u00ed, hace tiempo que los vecinos reclaman su pavimentaci\u00f3n, se podr\u00eda decir que era un anhelo de todos los vecinos, una demanda constante, y bueno, ahora el asfaltado se esta haciendo realidad. Se empez\u00f3 con el cord\u00f3n cuneta en el inicio de esta gesti\u00f3n y hoy finalmente estamos tirando las primeras capas de concreto asfaltico. Particularmente creo que esta obra va a ser fundamental para mejorar la conectividad, la calidad de vida de los vecinos\u201d, se\u00f1al\u00f3.<\/p>\n<p>Dicho esto, explic\u00f3 que dicha arteria recibir\u00e1 doble capa asf\u00e1ltica porque por la misma pasa el transporte pesado.<\/p>\n<p>\u201cEs una avenida por donde pasa el tr\u00e1nsito pesado, por eso va a demorar un poco m\u00e1s de tiempo ya que requiere de una capa de nueve cent\u00edmetros, y sobre ella otra capa m\u00e1s\u201d, explic\u00f3.<\/p>\n<p>Luego a\u00f1adi\u00f3: \u201cTerminada esta avenida, vamos a repavimentar la calle Toranzo desde el Monumento a la Madre (Av. Frondizi) hasta calle Roque S\u00e1enz Pe\u00f1a con un pavimento para tr\u00e1nsito liviano lo que significa que se va a construir m\u00e1s r\u00e1pido\u201d.<\/p>\n<p>\u201cCreemos que la instalaci\u00f3n de esta Planta Asf\u00e1ltica en Santo Tom\u00e9 es una visi\u00f3n estrat\u00e9gica del gobierno Provincial y nos va a permitir mejorar la infraestructura vial de nuestro pueblo que tanta falta nos hace\u201d.<\/p>\n<p>A lo que agreg\u00f3: \u201cEn una segunda etapa, vamos a repavimentar la otra parte de la avenida Frondizi, es decir, desde Toranzo hasta la Plazoleta Belgrano, pero primeramente vamos a hacer sobre ese sector un trabajo de suelo muy importante y un puente con alcantarillas que es un trabajo que va a llevar tiempo pero que lo vamos a realizar en los pr\u00f3ximos meses\u201d anunci\u00f3.<\/p>\n<p><img decoding=\"async\" class=\"alignnone size-full wp-image-8040\" src=\"https:\/\/digitalsantotome.com.ar\/wp-content\/uploads\/2024\/08\/asfalto8.jpg\" alt=\"\" width=\"800\" height=\"450\" srcset=\"https:\/\/digitalsantotome.com.ar\/wp-content\/uploads\/2024\/08\/asfalto8.jpg 800w, https:\/\/digitalsantotome.com.ar\/wp-content\/uploads\/2024\/08\/asfalto8-300x169.jpg 300w, https:\/\/digitalsantotome.com.ar\/wp-content\/uploads\/2024\/08\/asfalto8-768x432.jpg 768w\" sizes=\"(max-width: 800px) 100vw, 800px\" \/><\/p>\n<p>Seguidamente sostuvo: \u201cLlevamos construido alrededor de siete mil metros lineales de cordones cunetas, y en todas esas calles donde se hizo el cord\u00f3n cuneta se va a pavimentar\u201d, enfatiz\u00f3.<\/p>\n<p>Consultado si le plante\u00f3 al Presidente de Vialidad Provincial Ing. Luis Cardozo la necesidad de la instalaci\u00f3n de una balanza en inmediaciones de la Plazoleta Belgrano para preservar el asfaltado que se est\u00e1 colocando, el intendente dijo: \u201cS\u00ed, nos confirmaron que se instalar\u00e1 una balanza sobre Ruta Prov. 94 cerca de la Plazoleta Belgrano para evitar que pasen por esta zona camiones con sobrecarga; realmente el control va a ser fundamental para el manteniendo y la durabilidad del asfalto\u201d, reconoci\u00f3.<\/p>\n<p>En cuanto al plan de asfaltado de calles detall\u00f3: \u201cUna vez terminada la Av. Frondizi, vamos a continuar por calle Toranzos unos mil metros, despu\u00e9s vamos a pasar a la calle V\u00edctor Navajas y las transversales entre \u00c1ngel S. Blanco y Roque S\u00e1enz Pe\u00f1a desde Calle Rivadavia hasta Madariaga\u201d.<\/p>\n<p>\u201cLa idea, como lo dije, es inaugurar estas primeras cuadras de la avenida Frondizi el pr\u00f3ximo 27 de Agosto, pero dependemos de la agenda del gobernador, es decir, queremos inaugurar con Vald\u00e9s esta obra porque \u00e9l fue el art\u00edfice de que estos sea posible\u201d, resalt\u00f3.<\/p>\n<p>En otro orden de cosas, coment\u00f3: \u201cHoy estuve recorriendo las obras que se est\u00e1n llevando a cabo en el Complejo Polideportivo Municipal y vimos que se est\u00e1n terminando los detalles de la cancha de Hockey Sint\u00e9tico, tambi\u00e9n se est\u00e1 terminando con la construcci\u00f3n de la Pileta Semiol\u00edmpica y los Vestuarios, al igual que con el relleno para el estacionamiento, por lo que en breve vamos a empezar con el cerramiento total del Complejo con tejido ol\u00edmpico\u201d.<\/p>\n<p>\u201cTambi\u00e9n estuve supervisando la obra h\u00eddrica que se esta haciendo en los barrios nuevos en el sector que une la Chacra 44 y 45 que se va a conectar a la acequia n\u00famero 1. M\u00e1s tarde, estuvimos inspeccionado el avance de la construcci\u00f3n de las casas O\u00f1andivey que son un total de 10 casas que vamos a estar inaugurando tambi\u00e9n con el gobierno provincial para lo cual ya estamos construyendo el cord\u00f3n cuneta y las conexiones de agua y cloacas\u201d, coment\u00f3.<\/p>\n<p>En relaci\u00f3n al acto del 27 de Agosto, asegur\u00f3 que su discurso va a ser muy cortito y que para la fecha va a contar con la presencia de autoridades provinciales, intendentes de otras localidades.<\/p>\n<p>\u201cYa el d\u00eda 26 vamos a empezar a festejar con la vigilia en la Plaza Col\u00f3n donde actuar\u00e1n grupos musicales, entre ellos Mario Luis, y el 27 arrancaremos a las 10:00 de ma\u00f1ana con el Acto, C\u00edvico, Militar y Gauchesco en la Plaza San Mart\u00edn\u201d, puntualiz\u00f3.<\/p>\n<p><img loading=\"lazy\" decoding=\"async\" class=\"alignnone size-full wp-image-8041\" src=\"https:\/\/digitalsantotome.com.ar\/wp-content\/uploads\/2024\/08\/asfalto5.jpg\" alt=\"\" width=\"800\" height=\"450\" srcset=\"https:\/\/digitalsantotome.com.ar\/wp-content\/uploads\/2024\/08\/asfalto5.jpg 800w, https:\/\/digitalsantotome.com.ar\/wp-content\/uploads\/2024\/08\/asfalto5-300x169.jpg 300w, https:\/\/digitalsantotome.com.ar\/wp-content\/uploads\/2024\/08\/asfalto5-768x432.jpg 768w\" sizes=\"(max-width: 800px) 100vw, 800px\" \/><\/p>\n<p><img loading=\"lazy\" decoding=\"async\" class=\"alignnone size-full wp-image-8042\" src=\"https:\/\/digitalsantotome.com.ar\/wp-content\/uploads\/2024\/08\/asfa1.jpg\" alt=\"\" width=\"800\" height=\"532\" srcset=\"https:\/\/digitalsantotome.com.ar\/wp-content\/uploads\/2024\/08\/asfa1.jpg 800w, https:\/\/digitalsantotome.com.ar\/wp-content\/uploads\/2024\/08\/asfa1-300x200.jpg 300w, https:\/\/digitalsantotome.com.ar\/wp-content\/uploads\/2024\/08\/asfa1-768x511.jpg 768w\" sizes=\"(max-width: 800px) 100vw, 800px\" \/><\/p>\n<p><img loading=\"lazy\" decoding=\"async\" class=\"alignnone size-full wp-image-8044\" src=\"https:\/\/digitalsantotome.com.ar\/wp-content\/uploads\/2024\/08\/DSC_0208-scaled.jpg\" alt=\"\" width=\"2560\" height=\"1702\" srcset=\"https:\/\/digitalsantotome.com.ar\/wp-content\/uploads\/2024\/08\/DSC_0208-scaled.jpg 2560w, https:\/\/digitalsantotome.com.ar\/wp-content\/uploads\/2024\/08\/DSC_0208-300x199.jpg 300w, https:\/\/digitalsantotome.com.ar\/wp-content\/uploads\/2024\/08\/DSC_0208-1024x681.jpg 1024w, https:\/\/digitalsantotome.com.ar\/wp-content\/uploads\/2024\/08\/DSC_0208-768x511.jpg 768w, https:\/\/digitalsantotome.com.ar\/wp-content\/uploads\/2024\/08\/DSC_0208-1536x1021.jpg 1536w, https:\/\/digitalsantotome.com.ar\/wp-content\/uploads\/2024\/08\/DSC_0208-2048x1362.jpg 2048w\" sizes=\"(max-width: 2560px) 100vw, 2560px\" \/><\/p>\n","protected":false},"excerpt":{"rendered":"<p>SANTO TOME. Este mi\u00e9rcoles, por la tarde, empez\u00f3 la obra de asfalto mediante la Planta de Asfalto M\u00f3vil instalada hace algunos meses en esta ciudad por parte de Vialidad Provincial. La obra tiene lugar en la avenida Frondizi entre Av. De las Am\u00e9ricas y Pueyrred\u00f3n sentido Norte-Sur. En la oportunidad el intendente Jos\u00e9 Augusto Suaid&#8230;<\/p>\n","protected":false},"author":2,"featured_media":8037,"comment_status":"closed","ping_status":"closed","sticky":false,"template":"","format":"standard","meta":{"_kad_post_transparent":"default","_kad_post_title":"default","_kad_post_layout":"default","_kad_post_sidebar_id":"","_kad_post_content_style":"default","_kad_post_vertical_padding":"default","_kad_post_feature":"","_kad_post_feature_position":"","_kad_post_header":false,"_kad_post_footer":false,"_kad_post_classname":"","footnotes":""},"categories":[1],"tags":[],"class_list":["post-8036","post","type-post","status-publish","format-standard","has-post-thumbnail","hentry","category-locales"],"a3_pvc":{"activated":false,"total_views":0,"today_views":0},"yoast_head":"<!-- This site is optimized with the Yoast SEO plugin v27.5 - https:\/\/yoast.com\/product\/yoast-seo-wordpress\/ -->\n<title>Comenz\u00f3 a ejecutarse el plan de asfaltado oportunamente anunciado por Vald\u00e9s y Suaid - Digital Santo Tom\u00e9<\/title>\n<meta name=\"robots\" content=\"index, follow, max-snippet:-1, max-image-preview:large, max-video-preview:-1\" \/>\n<link rel=\"canonical\" href=\"https:\/\/digitalsantotome.com.ar\/?p=8036\" \/>\n<meta property=\"og:locale\" content=\"es_ES\" \/>\n<meta property=\"og:type\" content=\"article\" \/>\n<meta property=\"og:title\" content=\"Comenz\u00f3 a ejecutarse el plan de asfaltado oportunamente anunciado por Vald\u00e9s y Suaid - Digital Santo Tom\u00e9\" \/>\n<meta property=\"og:description\" content=\"SANTO TOME. Este mi\u00e9rcoles, por la tarde, empez\u00f3 la obra de asfalto mediante la Planta de Asfalto M\u00f3vil instalada hace algunos meses en esta ciudad por parte de Vialidad Provincial. La obra tiene lugar en la avenida Frondizi entre Av. De las Am\u00e9ricas y Pueyrred\u00f3n sentido Norte-Sur. En la oportunidad el intendente Jos\u00e9 Augusto Suaid...\" \/>\n<meta property=\"og:url\" content=\"https:\/\/digitalsantotome.com.ar\/?p=8036\" \/>\n<meta property=\"og:site_name\" content=\"Digital Santo Tom\u00e9\" \/>\n<meta property=\"article:published_time\" content=\"2024-08-22T00:24:16+00:00\" \/>\n<meta property=\"article:modified_time\" content=\"2024-08-23T11:42:03+00:00\" \/>\n<meta property=\"og:image\" content=\"https:\/\/digitalsantotome.com.ar\/wp-content\/uploads\/2024\/08\/asfalto7.jpg\" \/>\n\t<meta property=\"og:image:width\" content=\"800\" \/>\n\t<meta property=\"og:image:height\" content=\"450\" \/>\n\t<meta property=\"og:image:type\" content=\"image\/jpeg\" \/>\n<meta name=\"author\" content=\"Jose Carlos Machado\" \/>\n<meta name=\"twitter:card\" content=\"summary_large_image\" \/>\n<meta name=\"twitter:label1\" content=\"Escrito por\" \/>\n\t<meta name=\"twitter:data1\" content=\"Jose Carlos Machado\" \/>\n\t<meta name=\"twitter:label2\" content=\"Tiempo de lectura\" \/>\n\t<meta name=\"twitter:data2\" content=\"6 minutos\" \/>\n<script type=\"application\/ld+json\" class=\"yoast-schema-graph\">{\"@context\":\"https:\\\/\\\/schema.org\",\"@graph\":[{\"@type\":\"Article\",\"@id\":\"https:\\\/\\\/digitalsantotome.com.ar\\\/?p=8036#article\",\"isPartOf\":{\"@id\":\"https:\\\/\\\/digitalsantotome.com.ar\\\/?p=8036\"},\"author\":{\"name\":\"Jose Carlos Machado\",\"@id\":\"https:\\\/\\\/digitalsantotome.com.ar\\\/#\\\/schema\\\/person\\\/8991d8822886fedd92ce7f03817e1bdf\"},\"headline\":\"Comenz\u00f3 a ejecutarse el plan de asfaltado oportunamente anunciado por Vald\u00e9s y Suaid\",\"datePublished\":\"2024-08-22T00:24:16+00:00\",\"dateModified\":\"2024-08-23T11:42:03+00:00\",\"mainEntityOfPage\":{\"@id\":\"https:\\\/\\\/digitalsantotome.com.ar\\\/?p=8036\"},\"wordCount\":1060,\"publisher\":{\"@id\":\"https:\\\/\\\/digitalsantotome.com.ar\\\/#organization\"},\"image\":{\"@id\":\"https:\\\/\\\/digitalsantotome.com.ar\\\/?p=8036#primaryimage\"},\"thumbnailUrl\":\"https:\\\/\\\/digitalsantotome.com.ar\\\/wp-content\\\/uploads\\\/2024\\\/08\\\/asfalto7.jpg\",\"articleSection\":[\"Locales\"],\"inLanguage\":\"es\"},{\"@type\":\"WebPage\",\"@id\":\"https:\\\/\\\/digitalsantotome.com.ar\\\/?p=8036\",\"url\":\"https:\\\/\\\/digitalsantotome.com.ar\\\/?p=8036\",\"name\":\"Comenz\u00f3 a ejecutarse el plan de asfaltado oportunamente anunciado por Vald\u00e9s y Suaid - Digital Santo Tom\u00e9\",\"isPartOf\":{\"@id\":\"https:\\\/\\\/digitalsantotome.com.ar\\\/#website\"},\"primaryImageOfPage\":{\"@id\":\"https:\\\/\\\/digitalsantotome.com.ar\\\/?p=8036#primaryimage\"},\"image\":{\"@id\":\"https:\\\/\\\/digitalsantotome.com.ar\\\/?p=8036#primaryimage\"},\"thumbnailUrl\":\"https:\\\/\\\/digitalsantotome.com.ar\\\/wp-content\\\/uploads\\\/2024\\\/08\\\/asfalto7.jpg\",\"datePublished\":\"2024-08-22T00:24:16+00:00\",\"dateModified\":\"2024-08-23T11:42:03+00:00\",\"breadcrumb\":{\"@id\":\"https:\\\/\\\/digitalsantotome.com.ar\\\/?p=8036#breadcrumb\"},\"inLanguage\":\"es\",\"potentialAction\":[{\"@type\":\"ReadAction\",\"target\":[\"https:\\\/\\\/digitalsantotome.com.ar\\\/?p=8036\"]}]},{\"@type\":\"ImageObject\",\"inLanguage\":\"es\",\"@id\":\"https:\\\/\\\/digitalsantotome.com.ar\\\/?p=8036#primaryimage\",\"url\":\"https:\\\/\\\/digitalsantotome.com.ar\\\/wp-content\\\/uploads\\\/2024\\\/08\\\/asfalto7.jpg\",\"contentUrl\":\"https:\\\/\\\/digitalsantotome.com.ar\\\/wp-content\\\/uploads\\\/2024\\\/08\\\/asfalto7.jpg\",\"width\":800,\"height\":450},{\"@type\":\"BreadcrumbList\",\"@id\":\"https:\\\/\\\/digitalsantotome.com.ar\\\/?p=8036#breadcrumb\",\"itemListElement\":[{\"@type\":\"ListItem\",\"position\":1,\"name\":\"Portada\",\"item\":\"https:\\\/\\\/digitalsantotome.com.ar\\\/\"},{\"@type\":\"ListItem\",\"position\":2,\"name\":\"Comenz\u00f3 a ejecutarse el plan de asfaltado oportunamente anunciado por Vald\u00e9s y Suaid\"}]},{\"@type\":\"WebSite\",\"@id\":\"https:\\\/\\\/digitalsantotome.com.ar\\\/#website\",\"url\":\"https:\\\/\\\/digitalsantotome.com.ar\\\/\",\"name\":\"Digital Santo Tom\u00e9\",\"description\":\"Noticias desde Santo Tom\u00e9 al Mundo \u2013 La informacion que decide\",\"publisher\":{\"@id\":\"https:\\\/\\\/digitalsantotome.com.ar\\\/#organization\"},\"potentialAction\":[{\"@type\":\"SearchAction\",\"target\":{\"@type\":\"EntryPoint\",\"urlTemplate\":\"https:\\\/\\\/digitalsantotome.com.ar\\\/?s={search_term_string}\"},\"query-input\":{\"@type\":\"PropertyValueSpecification\",\"valueRequired\":true,\"valueName\":\"search_term_string\"}}],\"inLanguage\":\"es\"},{\"@type\":\"Organization\",\"@id\":\"https:\\\/\\\/digitalsantotome.com.ar\\\/#organization\",\"name\":\"Digital Santo Tom\u00e9\",\"url\":\"https:\\\/\\\/digitalsantotome.com.ar\\\/\",\"logo\":{\"@type\":\"ImageObject\",\"inLanguage\":\"es\",\"@id\":\"https:\\\/\\\/digitalsantotome.com.ar\\\/#\\\/schema\\\/logo\\\/image\\\/\",\"url\":\"https:\\\/\\\/digitalsantotome.com.ar\\\/wp-content\\\/uploads\\\/2023\\\/01\\\/facebook.jpg\",\"contentUrl\":\"https:\\\/\\\/digitalsantotome.com.ar\\\/wp-content\\\/uploads\\\/2023\\\/01\\\/facebook.jpg\",\"width\":512,\"height\":376,\"caption\":\"Digital Santo Tom\u00e9\"},\"image\":{\"@id\":\"https:\\\/\\\/digitalsantotome.com.ar\\\/#\\\/schema\\\/logo\\\/image\\\/\"}},{\"@type\":\"Person\",\"@id\":\"https:\\\/\\\/digitalsantotome.com.ar\\\/#\\\/schema\\\/person\\\/8991d8822886fedd92ce7f03817e1bdf\",\"name\":\"Jose Carlos Machado\",\"url\":\"https:\\\/\\\/digitalsantotome.com.ar\\\/?author=2\"}]}<\/script>\n<!-- \/ Yoast SEO plugin. -->","yoast_head_json":{"title":"Comenz\u00f3 a ejecutarse el plan de asfaltado oportunamente anunciado por Vald\u00e9s y Suaid - Digital Santo Tom\u00e9","robots":{"index":"index","follow":"follow","max-snippet":"max-snippet:-1","max-image-preview":"max-image-preview:large","max-video-preview":"max-video-preview:-1"},"canonical":"https:\/\/digitalsantotome.com.ar\/?p=8036","og_locale":"es_ES","og_type":"article","og_title":"Comenz\u00f3 a ejecutarse el plan de asfaltado oportunamente anunciado por Vald\u00e9s y Suaid - Digital Santo Tom\u00e9","og_description":"SANTO TOME. Este mi\u00e9rcoles, por la tarde, empez\u00f3 la obra de asfalto mediante la Planta de Asfalto M\u00f3vil instalada hace algunos meses en esta ciudad por parte de Vialidad Provincial. La obra tiene lugar en la avenida Frondizi entre Av. De las Am\u00e9ricas y Pueyrred\u00f3n sentido Norte-Sur. En la oportunidad el intendente Jos\u00e9 Augusto Suaid...","og_url":"https:\/\/digitalsantotome.com.ar\/?p=8036","og_site_name":"Digital Santo Tom\u00e9","article_published_time":"2024-08-22T00:24:16+00:00","article_modified_time":"2024-08-23T11:42:03+00:00","og_image":[{"width":800,"height":450,"url":"https:\/\/digitalsantotome.com.ar\/wp-content\/uploads\/2024\/08\/asfalto7.jpg","type":"image\/jpeg"}],"author":"Jose Carlos Machado","twitter_card":"summary_large_image","twitter_misc":{"Escrito por":"Jose Carlos Machado","Tiempo de lectura":"6 minutos"},"schema":{"@context":"https:\/\/schema.org","@graph":[{"@type":"Article","@id":"https:\/\/digitalsantotome.com.ar\/?p=8036#article","isPartOf":{"@id":"https:\/\/digitalsantotome.com.ar\/?p=8036"},"author":{"name":"Jose Carlos Machado","@id":"https:\/\/digitalsantotome.com.ar\/#\/schema\/person\/8991d8822886fedd92ce7f03817e1bdf"},"headline":"Comenz\u00f3 a ejecutarse el plan de asfaltado oportunamente anunciado por Vald\u00e9s y Suaid","datePublished":"2024-08-22T00:24:16+00:00","dateModified":"2024-08-23T11:42:03+00:00","mainEntityOfPage":{"@id":"https:\/\/digitalsantotome.com.ar\/?p=8036"},"wordCount":1060,"publisher":{"@id":"https:\/\/digitalsantotome.com.ar\/#organization"},"image":{"@id":"https:\/\/digitalsantotome.com.ar\/?p=8036#primaryimage"},"thumbnailUrl":"https:\/\/digitalsantotome.com.ar\/wp-content\/uploads\/2024\/08\/asfalto7.jpg","articleSection":["Locales"],"inLanguage":"es"},{"@type":"WebPage","@id":"https:\/\/digitalsantotome.com.ar\/?p=8036","url":"https:\/\/digitalsantotome.com.ar\/?p=8036","name":"Comenz\u00f3 a ejecutarse el plan de asfaltado oportunamente anunciado por Vald\u00e9s y Suaid - Digital Santo Tom\u00e9","isPartOf":{"@id":"https:\/\/digitalsantotome.com.ar\/#website"},"primaryImageOfPage":{"@id":"https:\/\/digitalsantotome.com.ar\/?p=8036#primaryimage"},"image":{"@id":"https:\/\/digitalsantotome.com.ar\/?p=8036#primaryimage"},"thumbnailUrl":"https:\/\/digitalsantotome.com.ar\/wp-content\/uploads\/2024\/08\/asfalto7.jpg","datePublished":"2024-08-22T00:24:16+00:00","dateModified":"2024-08-23T11:42:03+00:00","breadcrumb":{"@id":"https:\/\/digitalsantotome.com.ar\/?p=8036#breadcrumb"},"inLanguage":"es","potentialAction":[{"@type":"ReadAction","target":["https:\/\/digitalsantotome.com.ar\/?p=8036"]}]},{"@type":"ImageObject","inLanguage":"es","@id":"https:\/\/digitalsantotome.com.ar\/?p=8036#primaryimage","url":"https:\/\/digitalsantotome.com.ar\/wp-content\/uploads\/2024\/08\/asfalto7.jpg","contentUrl":"https:\/\/digitalsantotome.com.ar\/wp-content\/uploads\/2024\/08\/asfalto7.jpg","width":800,"height":450},{"@type":"BreadcrumbList","@id":"https:\/\/digitalsantotome.com.ar\/?p=8036#breadcrumb","itemListElement":[{"@type":"ListItem","position":1,"name":"Portada","item":"https:\/\/digitalsantotome.com.ar\/"},{"@type":"ListItem","position":2,"name":"Comenz\u00f3 a ejecutarse el plan de asfaltado oportunamente anunciado por Vald\u00e9s y Suaid"}]},{"@type":"WebSite","@id":"https:\/\/digitalsantotome.com.ar\/#website","url":"https:\/\/digitalsantotome.com.ar\/","name":"Digital Santo Tom\u00e9","description":"Noticias desde Santo Tom\u00e9 al Mundo \u2013 La informacion que decide","publisher":{"@id":"https:\/\/digitalsantotome.com.ar\/#organization"},"potentialAction":[{"@type":"SearchAction","target":{"@type":"EntryPoint","urlTemplate":"https:\/\/digitalsantotome.com.ar\/?s={search_term_string}"},"query-input":{"@type":"PropertyValueSpecification","valueRequired":true,"valueName":"search_term_string"}}],"inLanguage":"es"},{"@type":"Organization","@id":"https:\/\/digitalsantotome.com.ar\/#organization","name":"Digital Santo Tom\u00e9","url":"https:\/\/digitalsantotome.com.ar\/","logo":{"@type":"ImageObject","inLanguage":"es","@id":"https:\/\/digitalsantotome.com.ar\/#\/schema\/logo\/image\/","url":"https:\/\/digitalsantotome.com.ar\/wp-content\/uploads\/2023\/01\/facebook.jpg","contentUrl":"https:\/\/digitalsantotome.com.ar\/wp-content\/uploads\/2023\/01\/facebook.jpg","width":512,"height":376,"caption":"Digital Santo Tom\u00e9"},"image":{"@id":"https:\/\/digitalsantotome.com.ar\/#\/schema\/logo\/image\/"}},{"@type":"Person","@id":"https:\/\/digitalsantotome.com.ar\/#\/schema\/person\/8991d8822886fedd92ce7f03817e1bdf","name":"Jose Carlos Machado","url":"https:\/\/digitalsantotome.com.ar\/?author=2"}]}},"_links":{"self":[{"href":"https:\/\/digitalsantotome.com.ar\/index.php?rest_route=\/wp\/v2\/posts\/8036","targetHints":{"allow":["GET"]}}],"collection":[{"href":"https:\/\/digitalsantotome.com.ar\/index.php?rest_route=\/wp\/v2\/posts"}],"about":[{"href":"https:\/\/digitalsantotome.com.ar\/index.php?rest_route=\/wp\/v2\/types\/post"}],"author":[{"embeddable":true,"href":"https:\/\/digitalsantotome.com.ar\/index.php?rest_route=\/wp\/v2\/users\/2"}],"replies":[{"embeddable":true,"href":"https:\/\/digitalsantotome.com.ar\/index.php?rest_route=%2Fwp%2Fv2%2Fcomments&post=8036"}],"version-history":[{"count":3,"href":"https:\/\/digitalsantotome.com.ar\/index.php?rest_route=\/wp\/v2\/posts\/8036\/revisions"}],"predecessor-version":[{"id":8047,"href":"https:\/\/digitalsantotome.com.ar\/index.php?rest_route=\/wp\/v2\/posts\/8036\/revisions\/8047"}],"wp:featuredmedia":[{"embeddable":true,"href":"https:\/\/digitalsantotome.com.ar\/index.php?rest_route=\/wp\/v2\/media\/8037"}],"wp:attachment":[{"href":"https:\/\/digitalsantotome.com.ar\/index.php?rest_route=%2Fwp%2Fv2%2Fmedia&parent=8036"}],"wp:term":[{"taxonomy":"category","embeddable":true,"href":"https:\/\/digitalsantotome.com.ar\/index.php?rest_route=%2Fwp%2Fv2%2Fcategories&post=8036"},{"taxonomy":"post_tag","embeddable":true,"href":"https:\/\/digitalsantotome.com.ar\/index.php?rest_route=%2Fwp%2Fv2%2Ftags&post=8036"}],"curies":[{"name":"wp","href":"https:\/\/api.w.org\/{rel}","templated":true}]}}