{"id":8157,"date":"2024-08-27T20:23:14","date_gmt":"2024-08-27T23:23:14","guid":{"rendered":"https:\/\/digitalsantotome.com.ar\/?p=8157"},"modified":"2024-08-27T21:38:45","modified_gmt":"2024-08-28T00:38:45","slug":"el-juez-niz-insta-a-seguir-apostando-y-construyendo-una-cultura-de-paz","status":"publish","type":"post","link":"https:\/\/digitalsantotome.com.ar\/?p=8157","title":{"rendered":"El juez Niz insta a \u00abseguir apostando y construyendo una Cultura de Paz\u201d"},"content":{"rendered":"<div class=\"row\">\n<div id=\"conte\" class=\"span6 base\">\n<p>SANTO TOME. El juez de la Corte hizo un llamado en la apertura en el Encuentro en la 5ta Circunscripci\u00f3n Judicial \u201cRevisando nuestra gesti\u00f3n\u201d para mediaci\u00f3n Judicial y Extrajudicial que se realiz\u00f3 en Santo Tom\u00e9.<\/p>\n<p>Magistrados, funcionarios y personal administrativo del Poder Judicial participaron de la actividad dirigida por el ministro del Superior Tribunal de Justicia y ministro Supervisor del Centro Judicial de Mediaci\u00f3n y de los Juzgados de Paz y Ministro coordinador de la Comisi\u00f3n T\u00e9cnica de implementaci\u00f3n de los Nuevos C\u00f3digos Procesales.<\/p>\n<p>El jueves 22 de agosto en la sede de la Extensi\u00f3n \u00c1ulica de la UNNE en Santo Tom\u00e9 se realiz\u00f3 un encuentro en la quinta Circunscripci\u00f3n Judicial denominado \u201cRevisando nuestra gesti\u00f3n\u201d, cuyo Coordinador General es el ministro del Superior Tribunal de Justicia, doctor Fernando Augusto Niz, ministro Supervisor del Centro Judicial de Mediaci\u00f3n y de los Juzgados de Paz y ministro Coordinador de la Comisi\u00f3n T\u00e9cnica de Implementaci\u00f3n de los Nuevos C\u00f3digos Procesales.<\/p>\n<p>La actividad se realiz\u00f3 en dos partes, durante la primer hora, se abord\u00f3 con todos los presentes la tem\u00e1tica de Mediaci\u00f3n.<\/p>\n<p>Desde las 18.15 se realizaron dos talleres para diferentes p\u00fablicos, por un lado se concret\u00f3 el Conversatorio sobre Intervenciones del Mediador para abogados, mediadores y personal del Centro Judicial de Mediaci\u00f3n.<\/p>\n<p>Los expositores fueron los doctores Miguel Antonio Ben\u00edtez, Mar\u00eda Luisa Ar\u00f3stegui, Anal\u00eda Soledad Zeni, el licenciado Gabriela Marasso y la se\u00f1ora Liliana Reflojo Brest.<\/p>\n<p>Por otra parte, en el Aula 2 se desarroll\u00f3 con la presencia del doctor Fernando Augusto Niz la \u201cImplementaci\u00f3n de los Nuevos C\u00f3digos Procesales: seguimiento de los procesos de trabajo y del funcionamiento del sistema INVENIET, cuyas expositoras fueron las doctoras Mar\u00eda Andrea Ferreira y Mirta Graciela Allende.<\/p>\n<p>Participaron magistrados, funcionarios y personal administrativo de los Juzgados y Tribunales Civiles y Comerciales, Familia, Ni\u00f1ez y Adolescencia, Laboral, de Competencia Administrativa, y con competencia multifuero de la Quinta Circunscripci\u00f3n Judicial.<\/p>\n<p>Ambas actividades se realizaron con \u00e9xito en un marco participativo y de intercambio que sirvi\u00f3 para mejorar el trabajo diario.<\/p>\n<p><strong>EL MEJOR CAMINO ES EL DE LA JUSTICIA DE PAZ<\/strong><\/p>\n<p>Antes de comenzar la actividad, el doctor Fernando Augusto Niz mantuvo un cordial encuentro con Monse\u00f1or Gustavo Montini, Obispo de Santo Tom\u00e9 quien resalt\u00f3 el trabajo que se hace desde el Poder Judicial hace m\u00e1s de 20 a\u00f1os para generar una \u201cCultura de Paz\u201d.<\/p>\n<p>Dio su bendici\u00f3n para la jornada, abogando para que existan m\u00e1s capacitaciones a fin de eliminar las barreras de acceso a justicia y para tener una comunidad m\u00e1s justa y equitativa.<\/p>\n<\/div>\n<div><\/div>\n<\/div>\n<div><strong>Momarandu.com<\/strong><\/div>\n<p>&nbsp;<\/p>\n","protected":false},"excerpt":{"rendered":"<p>SANTO TOME. El juez de la Corte hizo un llamado en la apertura en el Encuentro en la 5ta Circunscripci\u00f3n Judicial \u201cRevisando nuestra gesti\u00f3n\u201d para mediaci\u00f3n Judicial y Extrajudicial que se realiz\u00f3 en Santo Tom\u00e9. Magistrados, funcionarios y personal administrativo del Poder Judicial participaron de la actividad dirigida por el ministro del Superior Tribunal de&#8230;<\/p>\n","protected":false},"author":2,"featured_media":8160,"comment_status":"closed","ping_status":"closed","sticky":false,"template":"","format":"standard","meta":{"_kad_post_transparent":"default","_kad_post_title":"default","_kad_post_layout":"default","_kad_post_sidebar_id":"","_kad_post_content_style":"default","_kad_post_vertical_padding":"default","_kad_post_feature":"","_kad_post_feature_position":"","_kad_post_header":false,"_kad_post_footer":false,"_kad_post_classname":"","footnotes":""},"categories":[3],"tags":[],"class_list":["post-8157","post","type-post","status-publish","format-standard","has-post-thumbnail","hentry","category-noticias-breves"],"a3_pvc":{"activated":false,"total_views":0,"today_views":0},"yoast_head":"<!-- This site is optimized with the Yoast SEO plugin v27.5 - https:\/\/yoast.com\/product\/yoast-seo-wordpress\/ -->\n<title>El juez Niz insta a &quot;seguir apostando y construyendo una Cultura de Paz\u201d - Digital Santo Tom\u00e9<\/title>\n<meta name=\"robots\" content=\"index, follow, max-snippet:-1, max-image-preview:large, max-video-preview:-1\" \/>\n<link rel=\"canonical\" href=\"https:\/\/digitalsantotome.com.ar\/?p=8157\" \/>\n<meta property=\"og:locale\" content=\"es_ES\" \/>\n<meta property=\"og:type\" content=\"article\" \/>\n<meta property=\"og:title\" content=\"El juez Niz insta a &quot;seguir apostando y construyendo una Cultura de Paz\u201d - Digital Santo Tom\u00e9\" \/>\n<meta property=\"og:description\" content=\"SANTO TOME. El juez de la Corte hizo un llamado en la apertura en el Encuentro en la 5ta Circunscripci\u00f3n Judicial \u201cRevisando nuestra gesti\u00f3n\u201d para mediaci\u00f3n Judicial y Extrajudicial que se realiz\u00f3 en Santo Tom\u00e9. Magistrados, funcionarios y personal administrativo del Poder Judicial participaron de la actividad dirigida por el ministro del Superior Tribunal de...\" \/>\n<meta property=\"og:url\" content=\"https:\/\/digitalsantotome.com.ar\/?p=8157\" \/>\n<meta property=\"og:site_name\" content=\"Digital Santo Tom\u00e9\" \/>\n<meta property=\"article:published_time\" content=\"2024-08-27T23:23:14+00:00\" \/>\n<meta property=\"article:modified_time\" content=\"2024-08-28T00:38:45+00:00\" \/>\n<meta property=\"og:image\" content=\"https:\/\/digitalsantotome.com.ar\/wp-content\/uploads\/2024\/08\/236846_grande.jpg\" \/>\n\t<meta property=\"og:image:width\" content=\"900\" \/>\n\t<meta property=\"og:image:height\" content=\"506\" \/>\n\t<meta property=\"og:image:type\" content=\"image\/jpeg\" \/>\n<meta name=\"author\" content=\"Jose Carlos Machado\" \/>\n<meta name=\"twitter:card\" content=\"summary_large_image\" \/>\n<meta name=\"twitter:label1\" content=\"Escrito por\" \/>\n\t<meta name=\"twitter:data1\" content=\"Jose Carlos Machado\" \/>\n\t<meta name=\"twitter:label2\" content=\"Tiempo de lectura\" \/>\n\t<meta name=\"twitter:data2\" content=\"3 minutos\" \/>\n<script type=\"application\/ld+json\" class=\"yoast-schema-graph\">{\"@context\":\"https:\\\/\\\/schema.org\",\"@graph\":[{\"@type\":\"Article\",\"@id\":\"https:\\\/\\\/digitalsantotome.com.ar\\\/?p=8157#article\",\"isPartOf\":{\"@id\":\"https:\\\/\\\/digitalsantotome.com.ar\\\/?p=8157\"},\"author\":{\"name\":\"Jose Carlos Machado\",\"@id\":\"https:\\\/\\\/digitalsantotome.com.ar\\\/#\\\/schema\\\/person\\\/8991d8822886fedd92ce7f03817e1bdf\"},\"headline\":\"El juez Niz insta a \u00abseguir apostando y construyendo una Cultura de Paz\u201d\",\"datePublished\":\"2024-08-27T23:23:14+00:00\",\"dateModified\":\"2024-08-28T00:38:45+00:00\",\"mainEntityOfPage\":{\"@id\":\"https:\\\/\\\/digitalsantotome.com.ar\\\/?p=8157\"},\"wordCount\":465,\"publisher\":{\"@id\":\"https:\\\/\\\/digitalsantotome.com.ar\\\/#organization\"},\"image\":{\"@id\":\"https:\\\/\\\/digitalsantotome.com.ar\\\/?p=8157#primaryimage\"},\"thumbnailUrl\":\"https:\\\/\\\/digitalsantotome.com.ar\\\/wp-content\\\/uploads\\\/2024\\\/08\\\/236846_grande.jpg\",\"articleSection\":[\"Noticias breves\"],\"inLanguage\":\"es\"},{\"@type\":\"WebPage\",\"@id\":\"https:\\\/\\\/digitalsantotome.com.ar\\\/?p=8157\",\"url\":\"https:\\\/\\\/digitalsantotome.com.ar\\\/?p=8157\",\"name\":\"El juez Niz insta a \\\"seguir apostando y construyendo una Cultura de Paz\u201d - Digital Santo Tom\u00e9\",\"isPartOf\":{\"@id\":\"https:\\\/\\\/digitalsantotome.com.ar\\\/#website\"},\"primaryImageOfPage\":{\"@id\":\"https:\\\/\\\/digitalsantotome.com.ar\\\/?p=8157#primaryimage\"},\"image\":{\"@id\":\"https:\\\/\\\/digitalsantotome.com.ar\\\/?p=8157#primaryimage\"},\"thumbnailUrl\":\"https:\\\/\\\/digitalsantotome.com.ar\\\/wp-content\\\/uploads\\\/2024\\\/08\\\/236846_grande.jpg\",\"datePublished\":\"2024-08-27T23:23:14+00:00\",\"dateModified\":\"2024-08-28T00:38:45+00:00\",\"breadcrumb\":{\"@id\":\"https:\\\/\\\/digitalsantotome.com.ar\\\/?p=8157#breadcrumb\"},\"inLanguage\":\"es\",\"potentialAction\":[{\"@type\":\"ReadAction\",\"target\":[\"https:\\\/\\\/digitalsantotome.com.ar\\\/?p=8157\"]}]},{\"@type\":\"ImageObject\",\"inLanguage\":\"es\",\"@id\":\"https:\\\/\\\/digitalsantotome.com.ar\\\/?p=8157#primaryimage\",\"url\":\"https:\\\/\\\/digitalsantotome.com.ar\\\/wp-content\\\/uploads\\\/2024\\\/08\\\/236846_grande.jpg\",\"contentUrl\":\"https:\\\/\\\/digitalsantotome.com.ar\\\/wp-content\\\/uploads\\\/2024\\\/08\\\/236846_grande.jpg\",\"width\":900,\"height\":506},{\"@type\":\"BreadcrumbList\",\"@id\":\"https:\\\/\\\/digitalsantotome.com.ar\\\/?p=8157#breadcrumb\",\"itemListElement\":[{\"@type\":\"ListItem\",\"position\":1,\"name\":\"Portada\",\"item\":\"https:\\\/\\\/digitalsantotome.com.ar\\\/\"},{\"@type\":\"ListItem\",\"position\":2,\"name\":\"El juez Niz insta a &#8220;seguir apostando y construyendo una Cultura de Paz\u201d\"}]},{\"@type\":\"WebSite\",\"@id\":\"https:\\\/\\\/digitalsantotome.com.ar\\\/#website\",\"url\":\"https:\\\/\\\/digitalsantotome.com.ar\\\/\",\"name\":\"Digital Santo Tom\u00e9\",\"description\":\"Noticias desde Santo Tom\u00e9 al Mundo \u2013 La informacion que decide\",\"publisher\":{\"@id\":\"https:\\\/\\\/digitalsantotome.com.ar\\\/#organization\"},\"potentialAction\":[{\"@type\":\"SearchAction\",\"target\":{\"@type\":\"EntryPoint\",\"urlTemplate\":\"https:\\\/\\\/digitalsantotome.com.ar\\\/?s={search_term_string}\"},\"query-input\":{\"@type\":\"PropertyValueSpecification\",\"valueRequired\":true,\"valueName\":\"search_term_string\"}}],\"inLanguage\":\"es\"},{\"@type\":\"Organization\",\"@id\":\"https:\\\/\\\/digitalsantotome.com.ar\\\/#organization\",\"name\":\"Digital Santo Tom\u00e9\",\"url\":\"https:\\\/\\\/digitalsantotome.com.ar\\\/\",\"logo\":{\"@type\":\"ImageObject\",\"inLanguage\":\"es\",\"@id\":\"https:\\\/\\\/digitalsantotome.com.ar\\\/#\\\/schema\\\/logo\\\/image\\\/\",\"url\":\"https:\\\/\\\/digitalsantotome.com.ar\\\/wp-content\\\/uploads\\\/2023\\\/01\\\/facebook.jpg\",\"contentUrl\":\"https:\\\/\\\/digitalsantotome.com.ar\\\/wp-content\\\/uploads\\\/2023\\\/01\\\/facebook.jpg\",\"width\":512,\"height\":376,\"caption\":\"Digital Santo Tom\u00e9\"},\"image\":{\"@id\":\"https:\\\/\\\/digitalsantotome.com.ar\\\/#\\\/schema\\\/logo\\\/image\\\/\"}},{\"@type\":\"Person\",\"@id\":\"https:\\\/\\\/digitalsantotome.com.ar\\\/#\\\/schema\\\/person\\\/8991d8822886fedd92ce7f03817e1bdf\",\"name\":\"Jose Carlos Machado\",\"url\":\"https:\\\/\\\/digitalsantotome.com.ar\\\/?author=2\"}]}<\/script>\n<!-- \/ Yoast SEO plugin. -->","yoast_head_json":{"title":"El juez Niz insta a \"seguir apostando y construyendo una Cultura de Paz\u201d - Digital Santo Tom\u00e9","robots":{"index":"index","follow":"follow","max-snippet":"max-snippet:-1","max-image-preview":"max-image-preview:large","max-video-preview":"max-video-preview:-1"},"canonical":"https:\/\/digitalsantotome.com.ar\/?p=8157","og_locale":"es_ES","og_type":"article","og_title":"El juez Niz insta a \"seguir apostando y construyendo una Cultura de Paz\u201d - Digital Santo Tom\u00e9","og_description":"SANTO TOME. El juez de la Corte hizo un llamado en la apertura en el Encuentro en la 5ta Circunscripci\u00f3n Judicial \u201cRevisando nuestra gesti\u00f3n\u201d para mediaci\u00f3n Judicial y Extrajudicial que se realiz\u00f3 en Santo Tom\u00e9. Magistrados, funcionarios y personal administrativo del Poder Judicial participaron de la actividad dirigida por el ministro del Superior Tribunal de...","og_url":"https:\/\/digitalsantotome.com.ar\/?p=8157","og_site_name":"Digital Santo Tom\u00e9","article_published_time":"2024-08-27T23:23:14+00:00","article_modified_time":"2024-08-28T00:38:45+00:00","og_image":[{"width":900,"height":506,"url":"https:\/\/digitalsantotome.com.ar\/wp-content\/uploads\/2024\/08\/236846_grande.jpg","type":"image\/jpeg"}],"author":"Jose Carlos Machado","twitter_card":"summary_large_image","twitter_misc":{"Escrito por":"Jose Carlos Machado","Tiempo de lectura":"3 minutos"},"schema":{"@context":"https:\/\/schema.org","@graph":[{"@type":"Article","@id":"https:\/\/digitalsantotome.com.ar\/?p=8157#article","isPartOf":{"@id":"https:\/\/digitalsantotome.com.ar\/?p=8157"},"author":{"name":"Jose Carlos Machado","@id":"https:\/\/digitalsantotome.com.ar\/#\/schema\/person\/8991d8822886fedd92ce7f03817e1bdf"},"headline":"El juez Niz insta a \u00abseguir apostando y construyendo una Cultura de Paz\u201d","datePublished":"2024-08-27T23:23:14+00:00","dateModified":"2024-08-28T00:38:45+00:00","mainEntityOfPage":{"@id":"https:\/\/digitalsantotome.com.ar\/?p=8157"},"wordCount":465,"publisher":{"@id":"https:\/\/digitalsantotome.com.ar\/#organization"},"image":{"@id":"https:\/\/digitalsantotome.com.ar\/?p=8157#primaryimage"},"thumbnailUrl":"https:\/\/digitalsantotome.com.ar\/wp-content\/uploads\/2024\/08\/236846_grande.jpg","articleSection":["Noticias breves"],"inLanguage":"es"},{"@type":"WebPage","@id":"https:\/\/digitalsantotome.com.ar\/?p=8157","url":"https:\/\/digitalsantotome.com.ar\/?p=8157","name":"El juez Niz insta a \"seguir apostando y construyendo una Cultura de Paz\u201d - Digital Santo Tom\u00e9","isPartOf":{"@id":"https:\/\/digitalsantotome.com.ar\/#website"},"primaryImageOfPage":{"@id":"https:\/\/digitalsantotome.com.ar\/?p=8157#primaryimage"},"image":{"@id":"https:\/\/digitalsantotome.com.ar\/?p=8157#primaryimage"},"thumbnailUrl":"https:\/\/digitalsantotome.com.ar\/wp-content\/uploads\/2024\/08\/236846_grande.jpg","datePublished":"2024-08-27T23:23:14+00:00","dateModified":"2024-08-28T00:38:45+00:00","breadcrumb":{"@id":"https:\/\/digitalsantotome.com.ar\/?p=8157#breadcrumb"},"inLanguage":"es","potentialAction":[{"@type":"ReadAction","target":["https:\/\/digitalsantotome.com.ar\/?p=8157"]}]},{"@type":"ImageObject","inLanguage":"es","@id":"https:\/\/digitalsantotome.com.ar\/?p=8157#primaryimage","url":"https:\/\/digitalsantotome.com.ar\/wp-content\/uploads\/2024\/08\/236846_grande.jpg","contentUrl":"https:\/\/digitalsantotome.com.ar\/wp-content\/uploads\/2024\/08\/236846_grande.jpg","width":900,"height":506},{"@type":"BreadcrumbList","@id":"https:\/\/digitalsantotome.com.ar\/?p=8157#breadcrumb","itemListElement":[{"@type":"ListItem","position":1,"name":"Portada","item":"https:\/\/digitalsantotome.com.ar\/"},{"@type":"ListItem","position":2,"name":"El juez Niz insta a &#8220;seguir apostando y construyendo una Cultura de Paz\u201d"}]},{"@type":"WebSite","@id":"https:\/\/digitalsantotome.com.ar\/#website","url":"https:\/\/digitalsantotome.com.ar\/","name":"Digital Santo Tom\u00e9","description":"Noticias desde Santo Tom\u00e9 al Mundo \u2013 La informacion que decide","publisher":{"@id":"https:\/\/digitalsantotome.com.ar\/#organization"},"potentialAction":[{"@type":"SearchAction","target":{"@type":"EntryPoint","urlTemplate":"https:\/\/digitalsantotome.com.ar\/?s={search_term_string}"},"query-input":{"@type":"PropertyValueSpecification","valueRequired":true,"valueName":"search_term_string"}}],"inLanguage":"es"},{"@type":"Organization","@id":"https:\/\/digitalsantotome.com.ar\/#organization","name":"Digital Santo Tom\u00e9","url":"https:\/\/digitalsantotome.com.ar\/","logo":{"@type":"ImageObject","inLanguage":"es","@id":"https:\/\/digitalsantotome.com.ar\/#\/schema\/logo\/image\/","url":"https:\/\/digitalsantotome.com.ar\/wp-content\/uploads\/2023\/01\/facebook.jpg","contentUrl":"https:\/\/digitalsantotome.com.ar\/wp-content\/uploads\/2023\/01\/facebook.jpg","width":512,"height":376,"caption":"Digital Santo Tom\u00e9"},"image":{"@id":"https:\/\/digitalsantotome.com.ar\/#\/schema\/logo\/image\/"}},{"@type":"Person","@id":"https:\/\/digitalsantotome.com.ar\/#\/schema\/person\/8991d8822886fedd92ce7f03817e1bdf","name":"Jose Carlos Machado","url":"https:\/\/digitalsantotome.com.ar\/?author=2"}]}},"_links":{"self":[{"href":"https:\/\/digitalsantotome.com.ar\/index.php?rest_route=\/wp\/v2\/posts\/8157","targetHints":{"allow":["GET"]}}],"collection":[{"href":"https:\/\/digitalsantotome.com.ar\/index.php?rest_route=\/wp\/v2\/posts"}],"about":[{"href":"https:\/\/digitalsantotome.com.ar\/index.php?rest_route=\/wp\/v2\/types\/post"}],"author":[{"embeddable":true,"href":"https:\/\/digitalsantotome.com.ar\/index.php?rest_route=\/wp\/v2\/users\/2"}],"replies":[{"embeddable":true,"href":"https:\/\/digitalsantotome.com.ar\/index.php?rest_route=%2Fwp%2Fv2%2Fcomments&post=8157"}],"version-history":[{"count":2,"href":"https:\/\/digitalsantotome.com.ar\/index.php?rest_route=\/wp\/v2\/posts\/8157\/revisions"}],"predecessor-version":[{"id":8159,"href":"https:\/\/digitalsantotome.com.ar\/index.php?rest_route=\/wp\/v2\/posts\/8157\/revisions\/8159"}],"wp:featuredmedia":[{"embeddable":true,"href":"https:\/\/digitalsantotome.com.ar\/index.php?rest_route=\/wp\/v2\/media\/8160"}],"wp:attachment":[{"href":"https:\/\/digitalsantotome.com.ar\/index.php?rest_route=%2Fwp%2Fv2%2Fmedia&parent=8157"}],"wp:term":[{"taxonomy":"category","embeddable":true,"href":"https:\/\/digitalsantotome.com.ar\/index.php?rest_route=%2Fwp%2Fv2%2Fcategories&post=8157"},{"taxonomy":"post_tag","embeddable":true,"href":"https:\/\/digitalsantotome.com.ar\/index.php?rest_route=%2Fwp%2Fv2%2Ftags&post=8157"}],"curies":[{"name":"wp","href":"https:\/\/api.w.org\/{rel}","templated":true}]}}