{"id":8178,"date":"2024-08-29T17:42:33","date_gmt":"2024-08-29T20:42:33","guid":{"rendered":"https:\/\/digitalsantotome.com.ar\/?p=8178"},"modified":"2024-08-30T15:41:47","modified_gmt":"2024-08-30T18:41:47","slug":"radio-nacional-santo-tome-volvio-a-estar-al-aire-y-niegan-que-se-pretenda-cerrar-la-misma","status":"publish","type":"post","link":"https:\/\/digitalsantotome.com.ar\/?p=8178","title":{"rendered":"Radio Nacional Santo Tom\u00e9 volvi\u00f3 a estar al aire y niegan que se pretenda cerrar la misma"},"content":{"rendered":"<p>SANTO TOME. Merina \u00c1lvarez, la nueva coordinadora de LRA 12 Radio Nacional Santo Tom\u00e9, que volvi\u00f3 a transmitir este 27 de Agosto fecha de su 60 Aniversario, luego de haber estado fuera del aire desde el 23 de abril pasado,\u00a0 aprovech\u00f3 para negar las versiones que indicaban el cierre de la hist\u00f3rica radio estatal y asegur\u00f3 que su paralizaci\u00f3n se debi\u00f3 a un rayo que afect\u00f3 los principales equipos. A la vez, destac\u00f3 la buena predisposici\u00f3n del equipo de trabajo que existe en la emisora lo que habr\u00eda sido clave para la vuelta al aire, como as\u00ed tambi\u00e9n destac\u00f3 la importancia del servicio a la comunidad que cumplen.<\/p>\n<p>Desde el edificio de la Radio Nacional Santo Tom\u00e9, Merina \u00c1lvarez en su rol de coordinadora de la hist\u00f3rica emisora local, que desde hace varios meses estaba fuera del aire y que volvi\u00f3 a transmitir el pasado d\u00eda 27 de Agosto, dio detalles del porqu\u00e9 de esta medida; al respecto manifest\u00f3: \u201cEstamos felices de que hoy, que la radio est\u00e1 cumpliendo 60 a\u00f1os estemos nuevamente pudiendo salir al aire despu\u00e9s de que el 23 de Abril del corriente a\u00f1o nos qued\u00e1ramos fuera del aire luego de que un rayo afectara los transmisores, las consolas, y que nuestros equipos quedaran fuera de servicio, quemados. Llev\u00f3 un tiempo reemplazarlos y poner todo nuevamente en condiciones, tuvimos que contactar a t\u00e9cnicos especializados para que revisen los transmisores para detectar cuales se pod\u00edan arreglar con la intenci\u00f3n de volver a salir al aire a la brevedad posible, y casualmente para este aniversario 60, d\u00eda de la radiodifusi\u00f3n, pudimos retomar la transmisi\u00f3n\u201d, se\u00f1al\u00f3.<\/p>\n<p>Dicho esto, reconoci\u00f3 que la tarea para retomar el trabajo diario de difusi\u00f3n cost\u00f3 bastante. \u201cSolo gracias al esfuerzo del equipo, de toda la gente que trabaja ac\u00e1, que es gente de radio, gente de arduo trabajo, hemos podido volver al aire. La verdad que estoy muy orgullosa del equipo de trabajo existente en esta emisora porque la predisposici\u00f3n de ellos fue lo que hizo posible volver al aire, siempre estuvieron predispuestos y estuvieron todo este tiempo colaborando, tanto t\u00e9cnicos, como operadores y locutores, es gracias a ellos que hoy esta radio tan querida por los santotome\u00f1os y pobladores de zonas aleda\u00f1as est\u00e9 nuevamente transmitiendo. La verdad que LRA 12 Radio Nacional Santo Tom\u00e9 es un medio con mucha historia y muy querido por la gente, un medio que siempre ha prestado un gran servicio a la comunidad en \u00e1mbitos generales, lo que nos pone muy contenta porque soy una persona que hace radio desde los 12 a\u00f1os, en fin, estoy orgullosa de pertenecer a este gran equipo de Radio Nacional Santo Tom\u00e9\u201d, enfatiz\u00f3.<\/p>\n<p>Cabe destacar, que Merina \u00c1lvarez est\u00e1 al frente de la coordinaci\u00f3n de la Radio Nacional Santo Tom\u00e9 desde el 12 de Agosto de 2024, a la vez que tambien es la coordinadora de Radio LT12 \u201cGeneral Madariaga\u201d de Paso de los Libres.<\/p>\n<p>\u201cEs as\u00ed, cumplo ambas funciones, soy la coordinadora de ambas radios, pero sin dudas LRA 12 Radio Nacional Santo Tom\u00e9 era la emisora que m\u00e1s me preocupaba desde que asum\u00ed porque estaba desde el 23 de Abril fuera del aire debido al rayo que hab\u00eda quemado los equipos\u201d, afirm\u00f3.<\/p>\n<p>En cuanto a los rumores de que la intenci\u00f3n del actual Gobierno Nacional era cerrar dicha emisora, dijo: \u201cNo, est\u00e1bamos fuera del aire simplemente por una cuesti\u00f3n t\u00e9cnica que, gracias a Dios, lo pudimos solucionar porque como lo dije, la gente que est\u00e1 en esta radio es gente de radio, gente de trabajo, gente que esta orgullosa de hacer lo que hace que es servir a la comunidad\u201d, subray\u00f3.<\/p>\n<p>Dicho esto, asegur\u00f3 que Radio Nacional seguir\u00e1 con su programaci\u00f3n habitual, pero que se le agregar\u00e1 algunos condimentos de inter\u00e9s general para la comunidad y toda la zona de influencia.<\/p>\n<p>\u201cInvitamos a toda la poblaci\u00f3n de Santo Tom\u00e9 y de la regi\u00f3n a sintonizarnos, estamos saliendo por FM 100.5, a ser parte de radio, porque la gente de la radio ya est\u00e1 nuevamente transitando los pasillos, tanto los locutores como los operadores, como todos los que formamos parte de esta hermosa radio\u201d, puntualiz\u00f3.<\/p>\n<p>&nbsp;<\/p>\n","protected":false},"excerpt":{"rendered":"<p>SANTO TOME. Merina \u00c1lvarez, la nueva coordinadora de LRA 12 Radio Nacional Santo Tom\u00e9, que volvi\u00f3 a transmitir este 27 de Agosto fecha de su 60 Aniversario, luego de haber estado fuera del aire desde el 23 de abril pasado,\u00a0 aprovech\u00f3 para negar las versiones que indicaban el cierre de la hist\u00f3rica radio estatal y&#8230;<\/p>\n","protected":false},"author":2,"featured_media":8179,"comment_status":"closed","ping_status":"closed","sticky":false,"template":"","format":"standard","meta":{"_kad_post_transparent":"default","_kad_post_title":"default","_kad_post_layout":"default","_kad_post_sidebar_id":"","_kad_post_content_style":"default","_kad_post_vertical_padding":"default","_kad_post_feature":"","_kad_post_feature_position":"","_kad_post_header":false,"_kad_post_footer":false,"_kad_post_classname":"","footnotes":""},"categories":[1],"tags":[],"class_list":["post-8178","post","type-post","status-publish","format-standard","has-post-thumbnail","hentry","category-locales"],"a3_pvc":{"activated":false,"total_views":0,"today_views":0},"yoast_head":"<!-- This site is optimized with the Yoast SEO plugin v27.5 - https:\/\/yoast.com\/product\/yoast-seo-wordpress\/ -->\n<title>Radio Nacional Santo Tom\u00e9 volvi\u00f3 a estar al aire y niegan que se pretenda cerrar la misma - Digital Santo Tom\u00e9<\/title>\n<meta name=\"robots\" content=\"index, follow, max-snippet:-1, max-image-preview:large, max-video-preview:-1\" \/>\n<link rel=\"canonical\" href=\"https:\/\/digitalsantotome.com.ar\/?p=8178\" \/>\n<meta property=\"og:locale\" content=\"es_ES\" \/>\n<meta property=\"og:type\" content=\"article\" \/>\n<meta property=\"og:title\" content=\"Radio Nacional Santo Tom\u00e9 volvi\u00f3 a estar al aire y niegan que se pretenda cerrar la misma - Digital Santo Tom\u00e9\" \/>\n<meta property=\"og:description\" content=\"SANTO TOME. Merina \u00c1lvarez, la nueva coordinadora de LRA 12 Radio Nacional Santo Tom\u00e9, que volvi\u00f3 a transmitir este 27 de Agosto fecha de su 60 Aniversario, luego de haber estado fuera del aire desde el 23 de abril pasado,\u00a0 aprovech\u00f3 para negar las versiones que indicaban el cierre de la hist\u00f3rica radio estatal y...\" \/>\n<meta property=\"og:url\" content=\"https:\/\/digitalsantotome.com.ar\/?p=8178\" \/>\n<meta property=\"og:site_name\" content=\"Digital Santo Tom\u00e9\" \/>\n<meta property=\"article:published_time\" content=\"2024-08-29T20:42:33+00:00\" \/>\n<meta property=\"article:modified_time\" content=\"2024-08-30T18:41:47+00:00\" \/>\n<meta property=\"og:image\" content=\"https:\/\/digitalsantotome.com.ar\/wp-content\/uploads\/2024\/08\/IMG_20240827_152224_PORTRAIT.jpg\" \/>\n\t<meta property=\"og:image:width\" content=\"800\" \/>\n\t<meta property=\"og:image:height\" content=\"470\" \/>\n\t<meta property=\"og:image:type\" content=\"image\/jpeg\" \/>\n<meta name=\"author\" content=\"Jose Carlos Machado\" \/>\n<meta name=\"twitter:card\" content=\"summary_large_image\" \/>\n<meta name=\"twitter:label1\" content=\"Escrito por\" \/>\n\t<meta name=\"twitter:data1\" content=\"Jose Carlos Machado\" \/>\n\t<meta name=\"twitter:label2\" content=\"Tiempo de lectura\" \/>\n\t<meta name=\"twitter:data2\" content=\"4 minutos\" \/>\n<script type=\"application\/ld+json\" class=\"yoast-schema-graph\">{\"@context\":\"https:\\\/\\\/schema.org\",\"@graph\":[{\"@type\":\"Article\",\"@id\":\"https:\\\/\\\/digitalsantotome.com.ar\\\/?p=8178#article\",\"isPartOf\":{\"@id\":\"https:\\\/\\\/digitalsantotome.com.ar\\\/?p=8178\"},\"author\":{\"name\":\"Jose Carlos Machado\",\"@id\":\"https:\\\/\\\/digitalsantotome.com.ar\\\/#\\\/schema\\\/person\\\/8991d8822886fedd92ce7f03817e1bdf\"},\"headline\":\"Radio Nacional Santo Tom\u00e9 volvi\u00f3 a estar al aire y niegan que se pretenda cerrar la misma\",\"datePublished\":\"2024-08-29T20:42:33+00:00\",\"dateModified\":\"2024-08-30T18:41:47+00:00\",\"mainEntityOfPage\":{\"@id\":\"https:\\\/\\\/digitalsantotome.com.ar\\\/?p=8178\"},\"wordCount\":721,\"publisher\":{\"@id\":\"https:\\\/\\\/digitalsantotome.com.ar\\\/#organization\"},\"image\":{\"@id\":\"https:\\\/\\\/digitalsantotome.com.ar\\\/?p=8178#primaryimage\"},\"thumbnailUrl\":\"https:\\\/\\\/digitalsantotome.com.ar\\\/wp-content\\\/uploads\\\/2024\\\/08\\\/IMG_20240827_152224_PORTRAIT.jpg\",\"articleSection\":[\"Locales\"],\"inLanguage\":\"es\"},{\"@type\":\"WebPage\",\"@id\":\"https:\\\/\\\/digitalsantotome.com.ar\\\/?p=8178\",\"url\":\"https:\\\/\\\/digitalsantotome.com.ar\\\/?p=8178\",\"name\":\"Radio Nacional Santo Tom\u00e9 volvi\u00f3 a estar al aire y niegan que se pretenda cerrar la misma - Digital Santo Tom\u00e9\",\"isPartOf\":{\"@id\":\"https:\\\/\\\/digitalsantotome.com.ar\\\/#website\"},\"primaryImageOfPage\":{\"@id\":\"https:\\\/\\\/digitalsantotome.com.ar\\\/?p=8178#primaryimage\"},\"image\":{\"@id\":\"https:\\\/\\\/digitalsantotome.com.ar\\\/?p=8178#primaryimage\"},\"thumbnailUrl\":\"https:\\\/\\\/digitalsantotome.com.ar\\\/wp-content\\\/uploads\\\/2024\\\/08\\\/IMG_20240827_152224_PORTRAIT.jpg\",\"datePublished\":\"2024-08-29T20:42:33+00:00\",\"dateModified\":\"2024-08-30T18:41:47+00:00\",\"breadcrumb\":{\"@id\":\"https:\\\/\\\/digitalsantotome.com.ar\\\/?p=8178#breadcrumb\"},\"inLanguage\":\"es\",\"potentialAction\":[{\"@type\":\"ReadAction\",\"target\":[\"https:\\\/\\\/digitalsantotome.com.ar\\\/?p=8178\"]}]},{\"@type\":\"ImageObject\",\"inLanguage\":\"es\",\"@id\":\"https:\\\/\\\/digitalsantotome.com.ar\\\/?p=8178#primaryimage\",\"url\":\"https:\\\/\\\/digitalsantotome.com.ar\\\/wp-content\\\/uploads\\\/2024\\\/08\\\/IMG_20240827_152224_PORTRAIT.jpg\",\"contentUrl\":\"https:\\\/\\\/digitalsantotome.com.ar\\\/wp-content\\\/uploads\\\/2024\\\/08\\\/IMG_20240827_152224_PORTRAIT.jpg\",\"width\":800,\"height\":470},{\"@type\":\"BreadcrumbList\",\"@id\":\"https:\\\/\\\/digitalsantotome.com.ar\\\/?p=8178#breadcrumb\",\"itemListElement\":[{\"@type\":\"ListItem\",\"position\":1,\"name\":\"Portada\",\"item\":\"https:\\\/\\\/digitalsantotome.com.ar\\\/\"},{\"@type\":\"ListItem\",\"position\":2,\"name\":\"Radio Nacional Santo Tom\u00e9 volvi\u00f3 a estar al aire y niegan que se pretenda cerrar la misma\"}]},{\"@type\":\"WebSite\",\"@id\":\"https:\\\/\\\/digitalsantotome.com.ar\\\/#website\",\"url\":\"https:\\\/\\\/digitalsantotome.com.ar\\\/\",\"name\":\"Digital Santo Tom\u00e9\",\"description\":\"Noticias desde Santo Tom\u00e9 al Mundo \u2013 La informacion que decide\",\"publisher\":{\"@id\":\"https:\\\/\\\/digitalsantotome.com.ar\\\/#organization\"},\"potentialAction\":[{\"@type\":\"SearchAction\",\"target\":{\"@type\":\"EntryPoint\",\"urlTemplate\":\"https:\\\/\\\/digitalsantotome.com.ar\\\/?s={search_term_string}\"},\"query-input\":{\"@type\":\"PropertyValueSpecification\",\"valueRequired\":true,\"valueName\":\"search_term_string\"}}],\"inLanguage\":\"es\"},{\"@type\":\"Organization\",\"@id\":\"https:\\\/\\\/digitalsantotome.com.ar\\\/#organization\",\"name\":\"Digital Santo Tom\u00e9\",\"url\":\"https:\\\/\\\/digitalsantotome.com.ar\\\/\",\"logo\":{\"@type\":\"ImageObject\",\"inLanguage\":\"es\",\"@id\":\"https:\\\/\\\/digitalsantotome.com.ar\\\/#\\\/schema\\\/logo\\\/image\\\/\",\"url\":\"https:\\\/\\\/digitalsantotome.com.ar\\\/wp-content\\\/uploads\\\/2023\\\/01\\\/facebook.jpg\",\"contentUrl\":\"https:\\\/\\\/digitalsantotome.com.ar\\\/wp-content\\\/uploads\\\/2023\\\/01\\\/facebook.jpg\",\"width\":512,\"height\":376,\"caption\":\"Digital Santo Tom\u00e9\"},\"image\":{\"@id\":\"https:\\\/\\\/digitalsantotome.com.ar\\\/#\\\/schema\\\/logo\\\/image\\\/\"}},{\"@type\":\"Person\",\"@id\":\"https:\\\/\\\/digitalsantotome.com.ar\\\/#\\\/schema\\\/person\\\/8991d8822886fedd92ce7f03817e1bdf\",\"name\":\"Jose Carlos Machado\",\"url\":\"https:\\\/\\\/digitalsantotome.com.ar\\\/?author=2\"}]}<\/script>\n<!-- \/ Yoast SEO plugin. -->","yoast_head_json":{"title":"Radio Nacional Santo Tom\u00e9 volvi\u00f3 a estar al aire y niegan que se pretenda cerrar la misma - Digital Santo Tom\u00e9","robots":{"index":"index","follow":"follow","max-snippet":"max-snippet:-1","max-image-preview":"max-image-preview:large","max-video-preview":"max-video-preview:-1"},"canonical":"https:\/\/digitalsantotome.com.ar\/?p=8178","og_locale":"es_ES","og_type":"article","og_title":"Radio Nacional Santo Tom\u00e9 volvi\u00f3 a estar al aire y niegan que se pretenda cerrar la misma - Digital Santo Tom\u00e9","og_description":"SANTO TOME. Merina \u00c1lvarez, la nueva coordinadora de LRA 12 Radio Nacional Santo Tom\u00e9, que volvi\u00f3 a transmitir este 27 de Agosto fecha de su 60 Aniversario, luego de haber estado fuera del aire desde el 23 de abril pasado,\u00a0 aprovech\u00f3 para negar las versiones que indicaban el cierre de la hist\u00f3rica radio estatal y...","og_url":"https:\/\/digitalsantotome.com.ar\/?p=8178","og_site_name":"Digital Santo Tom\u00e9","article_published_time":"2024-08-29T20:42:33+00:00","article_modified_time":"2024-08-30T18:41:47+00:00","og_image":[{"width":800,"height":470,"url":"https:\/\/digitalsantotome.com.ar\/wp-content\/uploads\/2024\/08\/IMG_20240827_152224_PORTRAIT.jpg","type":"image\/jpeg"}],"author":"Jose Carlos Machado","twitter_card":"summary_large_image","twitter_misc":{"Escrito por":"Jose Carlos Machado","Tiempo de lectura":"4 minutos"},"schema":{"@context":"https:\/\/schema.org","@graph":[{"@type":"Article","@id":"https:\/\/digitalsantotome.com.ar\/?p=8178#article","isPartOf":{"@id":"https:\/\/digitalsantotome.com.ar\/?p=8178"},"author":{"name":"Jose Carlos Machado","@id":"https:\/\/digitalsantotome.com.ar\/#\/schema\/person\/8991d8822886fedd92ce7f03817e1bdf"},"headline":"Radio Nacional Santo Tom\u00e9 volvi\u00f3 a estar al aire y niegan que se pretenda cerrar la misma","datePublished":"2024-08-29T20:42:33+00:00","dateModified":"2024-08-30T18:41:47+00:00","mainEntityOfPage":{"@id":"https:\/\/digitalsantotome.com.ar\/?p=8178"},"wordCount":721,"publisher":{"@id":"https:\/\/digitalsantotome.com.ar\/#organization"},"image":{"@id":"https:\/\/digitalsantotome.com.ar\/?p=8178#primaryimage"},"thumbnailUrl":"https:\/\/digitalsantotome.com.ar\/wp-content\/uploads\/2024\/08\/IMG_20240827_152224_PORTRAIT.jpg","articleSection":["Locales"],"inLanguage":"es"},{"@type":"WebPage","@id":"https:\/\/digitalsantotome.com.ar\/?p=8178","url":"https:\/\/digitalsantotome.com.ar\/?p=8178","name":"Radio Nacional Santo Tom\u00e9 volvi\u00f3 a estar al aire y niegan que se pretenda cerrar la misma - Digital Santo Tom\u00e9","isPartOf":{"@id":"https:\/\/digitalsantotome.com.ar\/#website"},"primaryImageOfPage":{"@id":"https:\/\/digitalsantotome.com.ar\/?p=8178#primaryimage"},"image":{"@id":"https:\/\/digitalsantotome.com.ar\/?p=8178#primaryimage"},"thumbnailUrl":"https:\/\/digitalsantotome.com.ar\/wp-content\/uploads\/2024\/08\/IMG_20240827_152224_PORTRAIT.jpg","datePublished":"2024-08-29T20:42:33+00:00","dateModified":"2024-08-30T18:41:47+00:00","breadcrumb":{"@id":"https:\/\/digitalsantotome.com.ar\/?p=8178#breadcrumb"},"inLanguage":"es","potentialAction":[{"@type":"ReadAction","target":["https:\/\/digitalsantotome.com.ar\/?p=8178"]}]},{"@type":"ImageObject","inLanguage":"es","@id":"https:\/\/digitalsantotome.com.ar\/?p=8178#primaryimage","url":"https:\/\/digitalsantotome.com.ar\/wp-content\/uploads\/2024\/08\/IMG_20240827_152224_PORTRAIT.jpg","contentUrl":"https:\/\/digitalsantotome.com.ar\/wp-content\/uploads\/2024\/08\/IMG_20240827_152224_PORTRAIT.jpg","width":800,"height":470},{"@type":"BreadcrumbList","@id":"https:\/\/digitalsantotome.com.ar\/?p=8178#breadcrumb","itemListElement":[{"@type":"ListItem","position":1,"name":"Portada","item":"https:\/\/digitalsantotome.com.ar\/"},{"@type":"ListItem","position":2,"name":"Radio Nacional Santo Tom\u00e9 volvi\u00f3 a estar al aire y niegan que se pretenda cerrar la misma"}]},{"@type":"WebSite","@id":"https:\/\/digitalsantotome.com.ar\/#website","url":"https:\/\/digitalsantotome.com.ar\/","name":"Digital Santo Tom\u00e9","description":"Noticias desde Santo Tom\u00e9 al Mundo \u2013 La informacion que decide","publisher":{"@id":"https:\/\/digitalsantotome.com.ar\/#organization"},"potentialAction":[{"@type":"SearchAction","target":{"@type":"EntryPoint","urlTemplate":"https:\/\/digitalsantotome.com.ar\/?s={search_term_string}"},"query-input":{"@type":"PropertyValueSpecification","valueRequired":true,"valueName":"search_term_string"}}],"inLanguage":"es"},{"@type":"Organization","@id":"https:\/\/digitalsantotome.com.ar\/#organization","name":"Digital Santo Tom\u00e9","url":"https:\/\/digitalsantotome.com.ar\/","logo":{"@type":"ImageObject","inLanguage":"es","@id":"https:\/\/digitalsantotome.com.ar\/#\/schema\/logo\/image\/","url":"https:\/\/digitalsantotome.com.ar\/wp-content\/uploads\/2023\/01\/facebook.jpg","contentUrl":"https:\/\/digitalsantotome.com.ar\/wp-content\/uploads\/2023\/01\/facebook.jpg","width":512,"height":376,"caption":"Digital Santo Tom\u00e9"},"image":{"@id":"https:\/\/digitalsantotome.com.ar\/#\/schema\/logo\/image\/"}},{"@type":"Person","@id":"https:\/\/digitalsantotome.com.ar\/#\/schema\/person\/8991d8822886fedd92ce7f03817e1bdf","name":"Jose Carlos Machado","url":"https:\/\/digitalsantotome.com.ar\/?author=2"}]}},"_links":{"self":[{"href":"https:\/\/digitalsantotome.com.ar\/index.php?rest_route=\/wp\/v2\/posts\/8178","targetHints":{"allow":["GET"]}}],"collection":[{"href":"https:\/\/digitalsantotome.com.ar\/index.php?rest_route=\/wp\/v2\/posts"}],"about":[{"href":"https:\/\/digitalsantotome.com.ar\/index.php?rest_route=\/wp\/v2\/types\/post"}],"author":[{"embeddable":true,"href":"https:\/\/digitalsantotome.com.ar\/index.php?rest_route=\/wp\/v2\/users\/2"}],"replies":[{"embeddable":true,"href":"https:\/\/digitalsantotome.com.ar\/index.php?rest_route=%2Fwp%2Fv2%2Fcomments&post=8178"}],"version-history":[{"count":1,"href":"https:\/\/digitalsantotome.com.ar\/index.php?rest_route=\/wp\/v2\/posts\/8178\/revisions"}],"predecessor-version":[{"id":8180,"href":"https:\/\/digitalsantotome.com.ar\/index.php?rest_route=\/wp\/v2\/posts\/8178\/revisions\/8180"}],"wp:featuredmedia":[{"embeddable":true,"href":"https:\/\/digitalsantotome.com.ar\/index.php?rest_route=\/wp\/v2\/media\/8179"}],"wp:attachment":[{"href":"https:\/\/digitalsantotome.com.ar\/index.php?rest_route=%2Fwp%2Fv2%2Fmedia&parent=8178"}],"wp:term":[{"taxonomy":"category","embeddable":true,"href":"https:\/\/digitalsantotome.com.ar\/index.php?rest_route=%2Fwp%2Fv2%2Fcategories&post=8178"},{"taxonomy":"post_tag","embeddable":true,"href":"https:\/\/digitalsantotome.com.ar\/index.php?rest_route=%2Fwp%2Fv2%2Ftags&post=8178"}],"curies":[{"name":"wp","href":"https:\/\/api.w.org\/{rel}","templated":true}]}}