{"id":8197,"date":"2024-08-30T07:40:14","date_gmt":"2024-08-30T10:40:14","guid":{"rendered":"https:\/\/digitalsantotome.com.ar\/?p=8197"},"modified":"2024-08-30T07:40:20","modified_gmt":"2024-08-30T10:40:20","slug":"60-mil-empleos-en-la-cuerda-floja-en-el-sector-maderero","status":"publish","type":"post","link":"https:\/\/digitalsantotome.com.ar\/?p=8197","title":{"rendered":"60 mil empleos en la cuerda floja en el sector maderero"},"content":{"rendered":"<p>BUENOS AIRES. La <b>industria de la transformaci\u00f3n mec\u00e1nica de la madera<\/b>\u00a0est\u00e1 atravesando una recesi\u00f3n severa que afecta a todos los sectores de la cadena, desde los aserraderos hasta la fabricaci\u00f3n de muebles y la construcci\u00f3n con madera. Es una de las industrias m\u00e1s golpeadas y asiste adem\u00e1s a un embate normativo, pues el Gobierno propuso eliminar reglamentos t\u00e9cnicos que garantizan la calidad del producto terminado y avalan la entrada de importaciones baratas.\u00a0<b>Est\u00e1n en riesgo 60.000 puestos de trabajo<\/b>, denuncian desde el sector.<\/p>\n<p>\u201cLas ca\u00eddas en la producci\u00f3n, los altos costos productivos y la disminuci\u00f3n en el empleo son problemas comunes a toda la cadena de valor, que deben ser abordados con urgencia para evitar un mayor deterioro del sector.\u00a0<b>Es crucial implementar pol\u00edticas que promuevan la reactivaci\u00f3n econ\u00f3mica<\/b>\u201d, apuntan actores del sector forestal en un informe al que tuvo acceso\u00a0<b>P\u00e1ginaI12<\/b>. De la amplia variedad de sectores en esta industria,\u00a0<b>todos est\u00e1n en crisis<\/b>, principalmente los aserraderos, pero tambi\u00e9n la fabricaci\u00f3n de muebles, tableros, construcci\u00f3n con madera y carpinter\u00eda en obra.<\/p>\n<div id=\"talkFireEvent\"><\/div>\n<p>Al preocupante escenario se suma la eliminaci\u00f3n prevista de los\u00a0<b>reglamentos t\u00e9cnicos<\/b>\u00a0que deben cumplir los bienes vinculados al sector de la\u00a0<b>construcci\u00f3n, madera y muebles<\/b>. \u201cEstos reglamentos son esenciales para asegurar la calidad y seguridad de los productos elegidos por los consumidores. Garantizan que los muebles cumplan con medidas de seguridad que previenen accidentes dom\u00e9sticos, y el caso de los productos de construcci\u00f3n establecen cualidades vitales para asegurar la idoneidad estructural y calidad de los materiales utilizados\u201d, sostienen.<\/p>\n<p>Por ello, \u201cnos preocupa profundamente su eliminaci\u00f3n, ya que podr\u00eda permitir la entrada de productos importados de calidad inferior, que no cumplan con las normativas necesarias para evitar accidentes\u201d.<\/p>\n<h2>Caso por caso<\/h2>\n<p>En el informe mencionado se concluye con un llamado a \u201ctrabajar mancomunadamente con el sector p\u00fablico para buscar soluciones que posibiliten la continuidad econ\u00f3mica de las empresas\u201d, y aclaran que el mismo\u00a0<b>emplea a 60.000 personas de forma directa y un n\u00famero similar de forma indirecta<\/b>. Adem\u00e1s son esenciales en peque\u00f1os pueblos del norte del pa\u00eds donde se constituyen como principal fuente de empleo.<\/p>\n<p>En la actualidad, los distintos sectores que integran la cadena maderera est\u00e1n atravesando una situaci\u00f3n recesiva, aunque con intensidades variadas. La industria de la primera transformaci\u00f3n, representada por los\u00a0<b>aserraderos<\/b>, viene mostrando sostenidas disminuciones en su nivel de actividad, con un promedio de ca\u00edda del 20 por ciento interanual, seg\u00fan datos oficiales de Indec. Esas bajas \u201cson mayores en los aserraderos peque\u00f1os y medianos donde llegan al 40 por ciento\u201d, revel\u00f3 el informe.<\/p>\n<div class=\"slot-available\"><\/div>\n<p>A su vez, como ocurri\u00f3 en otras econom\u00edas regionales, la\u00a0<b>salida exportadora<\/b>\u00a0apareci\u00f3 como alternativa en el sector de aserraderos ante la contracci\u00f3n del consumo interno, pero el comercio exterior dio sus frutos \u201csolo a comienzos del presente a\u00f1o, y no ha logrado sostenerse en el contexto actual del atraso cambiario fruto de la estabilidad cambiaria e inflaci\u00f3n domestica\u201d, destacaron.<\/p>\n<p>En materia de empleo, explicaron que los aserraderos redujeron los turnos de trabajo (en cerca de un 20 por ciento el nivel de horas trabajadas) lo cual impact\u00f3 en los salarios percibidos por los trabajadores.<\/p>\n<p>En el caso de las empresas vinculadas a la\u00a0<b>fabricaci\u00f3n de muebles<\/b>, el impacto de la recesi\u00f3n dom\u00e9stica fue dram\u00e1tico: la producci\u00f3n cay\u00f3 37 por ciento interanual promedio, seg\u00fan datos de Indec analizados desde el sector. Tambi\u00e9n se\u00f1alan que en el caso de las pymes la producci\u00f3n lleg\u00f3 a caer un 60 por ciento.<\/p>\n<div class=\"slot-available\"><\/div>\n<p>\u201cEl impacto de estas empresas en el empleo debe ser analizado en contexto: muchas de ellas se localizan en pueblos del interior del pa\u00eds donde son las principales generadoras de empleo\u201d, de all\u00ed que su viabilidad econ\u00f3mica sea tan importante.<\/p>\n<p>Respecto a la industria de\u00a0<b>tableros<\/b>\u00a0utilizados como insumo en la industria mueblera, se observa una retracci\u00f3n en la fabricaci\u00f3n ligada con la crisis de esta \u00faltima, y tambi\u00e9n se producen menos tableros vinculados a la construcci\u00f3n (contrachapados) dado el deterioro de la obra p\u00fablica y privada.<\/p>\n<p>Por \u00faltimo, a nivel sectorial, \u201cla actividad de la\u00a0<b>construcci\u00f3n con madera y la carpinteria en obra<\/b>\u00a0present\u00f3 ca\u00eddas promedio del 30 por ciento\u201d en l\u00ednea con el desplome de la construcci\u00f3n mencionado.<\/p>\n","protected":false},"excerpt":{"rendered":"<p>BUENOS AIRES. La industria de la transformaci\u00f3n mec\u00e1nica de la madera\u00a0est\u00e1 atravesando una recesi\u00f3n severa que afecta a todos los sectores de la cadena, desde los aserraderos hasta la fabricaci\u00f3n de muebles y la construcci\u00f3n con madera. Es una de las industrias m\u00e1s golpeadas y asiste adem\u00e1s a un embate normativo, pues el Gobierno propuso&#8230;<\/p>\n","protected":false},"author":2,"featured_media":8198,"comment_status":"closed","ping_status":"closed","sticky":false,"template":"","format":"standard","meta":{"_kad_post_transparent":"default","_kad_post_title":"default","_kad_post_layout":"default","_kad_post_sidebar_id":"","_kad_post_content_style":"default","_kad_post_vertical_padding":"default","_kad_post_feature":"","_kad_post_feature_position":"","_kad_post_header":false,"_kad_post_footer":false,"_kad_post_classname":"","footnotes":""},"categories":[3],"tags":[],"class_list":["post-8197","post","type-post","status-publish","format-standard","has-post-thumbnail","hentry","category-noticias-breves"],"a3_pvc":{"activated":false,"total_views":0,"today_views":0},"yoast_head":"<!-- This site is optimized with the Yoast SEO plugin v27.5 - https:\/\/yoast.com\/product\/yoast-seo-wordpress\/ -->\n<title>60 mil empleos en la cuerda floja en el sector maderero - Digital Santo Tom\u00e9<\/title>\n<meta name=\"robots\" content=\"index, follow, max-snippet:-1, max-image-preview:large, max-video-preview:-1\" \/>\n<link rel=\"canonical\" href=\"https:\/\/digitalsantotome.com.ar\/?p=8197\" \/>\n<meta property=\"og:locale\" content=\"es_ES\" \/>\n<meta property=\"og:type\" content=\"article\" \/>\n<meta property=\"og:title\" content=\"60 mil empleos en la cuerda floja en el sector maderero - Digital Santo Tom\u00e9\" \/>\n<meta property=\"og:description\" content=\"BUENOS AIRES. La industria de la transformaci\u00f3n mec\u00e1nica de la madera\u00a0est\u00e1 atravesando una recesi\u00f3n severa que afecta a todos los sectores de la cadena, desde los aserraderos hasta la fabricaci\u00f3n de muebles y la construcci\u00f3n con madera. Es una de las industrias m\u00e1s golpeadas y asiste adem\u00e1s a un embate normativo, pues el Gobierno propuso...\" \/>\n<meta property=\"og:url\" content=\"https:\/\/digitalsantotome.com.ar\/?p=8197\" \/>\n<meta property=\"og:site_name\" content=\"Digital Santo Tom\u00e9\" \/>\n<meta property=\"article:published_time\" content=\"2024-08-30T10:40:14+00:00\" \/>\n<meta property=\"article:modified_time\" content=\"2024-08-30T10:40:20+00:00\" \/>\n<meta property=\"og:image\" content=\"https:\/\/digitalsantotome.com.ar\/wp-content\/uploads\/2024\/08\/867163-na06fo01_0.jpg\" \/>\n\t<meta property=\"og:image:width\" content=\"960\" \/>\n\t<meta property=\"og:image:height\" content=\"640\" \/>\n\t<meta property=\"og:image:type\" content=\"image\/jpeg\" \/>\n<meta name=\"author\" content=\"Jose Carlos Machado\" \/>\n<meta name=\"twitter:card\" content=\"summary_large_image\" \/>\n<meta name=\"twitter:label1\" content=\"Escrito por\" \/>\n\t<meta name=\"twitter:data1\" content=\"Jose Carlos Machado\" \/>\n\t<meta name=\"twitter:label2\" content=\"Tiempo de lectura\" \/>\n\t<meta name=\"twitter:data2\" content=\"4 minutos\" \/>\n<script type=\"application\/ld+json\" class=\"yoast-schema-graph\">{\"@context\":\"https:\\\/\\\/schema.org\",\"@graph\":[{\"@type\":\"Article\",\"@id\":\"https:\\\/\\\/digitalsantotome.com.ar\\\/?p=8197#article\",\"isPartOf\":{\"@id\":\"https:\\\/\\\/digitalsantotome.com.ar\\\/?p=8197\"},\"author\":{\"name\":\"Jose Carlos Machado\",\"@id\":\"https:\\\/\\\/digitalsantotome.com.ar\\\/#\\\/schema\\\/person\\\/8991d8822886fedd92ce7f03817e1bdf\"},\"headline\":\"60 mil empleos en la cuerda floja en el sector maderero\",\"datePublished\":\"2024-08-30T10:40:14+00:00\",\"dateModified\":\"2024-08-30T10:40:20+00:00\",\"mainEntityOfPage\":{\"@id\":\"https:\\\/\\\/digitalsantotome.com.ar\\\/?p=8197\"},\"wordCount\":756,\"publisher\":{\"@id\":\"https:\\\/\\\/digitalsantotome.com.ar\\\/#organization\"},\"image\":{\"@id\":\"https:\\\/\\\/digitalsantotome.com.ar\\\/?p=8197#primaryimage\"},\"thumbnailUrl\":\"https:\\\/\\\/digitalsantotome.com.ar\\\/wp-content\\\/uploads\\\/2024\\\/08\\\/867163-na06fo01_0.jpg\",\"articleSection\":[\"Noticias breves\"],\"inLanguage\":\"es\"},{\"@type\":\"WebPage\",\"@id\":\"https:\\\/\\\/digitalsantotome.com.ar\\\/?p=8197\",\"url\":\"https:\\\/\\\/digitalsantotome.com.ar\\\/?p=8197\",\"name\":\"60 mil empleos en la cuerda floja en el sector maderero - Digital Santo Tom\u00e9\",\"isPartOf\":{\"@id\":\"https:\\\/\\\/digitalsantotome.com.ar\\\/#website\"},\"primaryImageOfPage\":{\"@id\":\"https:\\\/\\\/digitalsantotome.com.ar\\\/?p=8197#primaryimage\"},\"image\":{\"@id\":\"https:\\\/\\\/digitalsantotome.com.ar\\\/?p=8197#primaryimage\"},\"thumbnailUrl\":\"https:\\\/\\\/digitalsantotome.com.ar\\\/wp-content\\\/uploads\\\/2024\\\/08\\\/867163-na06fo01_0.jpg\",\"datePublished\":\"2024-08-30T10:40:14+00:00\",\"dateModified\":\"2024-08-30T10:40:20+00:00\",\"breadcrumb\":{\"@id\":\"https:\\\/\\\/digitalsantotome.com.ar\\\/?p=8197#breadcrumb\"},\"inLanguage\":\"es\",\"potentialAction\":[{\"@type\":\"ReadAction\",\"target\":[\"https:\\\/\\\/digitalsantotome.com.ar\\\/?p=8197\"]}]},{\"@type\":\"ImageObject\",\"inLanguage\":\"es\",\"@id\":\"https:\\\/\\\/digitalsantotome.com.ar\\\/?p=8197#primaryimage\",\"url\":\"https:\\\/\\\/digitalsantotome.com.ar\\\/wp-content\\\/uploads\\\/2024\\\/08\\\/867163-na06fo01_0.jpg\",\"contentUrl\":\"https:\\\/\\\/digitalsantotome.com.ar\\\/wp-content\\\/uploads\\\/2024\\\/08\\\/867163-na06fo01_0.jpg\",\"width\":960,\"height\":640},{\"@type\":\"BreadcrumbList\",\"@id\":\"https:\\\/\\\/digitalsantotome.com.ar\\\/?p=8197#breadcrumb\",\"itemListElement\":[{\"@type\":\"ListItem\",\"position\":1,\"name\":\"Portada\",\"item\":\"https:\\\/\\\/digitalsantotome.com.ar\\\/\"},{\"@type\":\"ListItem\",\"position\":2,\"name\":\"60 mil empleos en la cuerda floja en el sector maderero\"}]},{\"@type\":\"WebSite\",\"@id\":\"https:\\\/\\\/digitalsantotome.com.ar\\\/#website\",\"url\":\"https:\\\/\\\/digitalsantotome.com.ar\\\/\",\"name\":\"Digital Santo Tom\u00e9\",\"description\":\"Noticias desde Santo Tom\u00e9 al Mundo \u2013 La informacion que decide\",\"publisher\":{\"@id\":\"https:\\\/\\\/digitalsantotome.com.ar\\\/#organization\"},\"potentialAction\":[{\"@type\":\"SearchAction\",\"target\":{\"@type\":\"EntryPoint\",\"urlTemplate\":\"https:\\\/\\\/digitalsantotome.com.ar\\\/?s={search_term_string}\"},\"query-input\":{\"@type\":\"PropertyValueSpecification\",\"valueRequired\":true,\"valueName\":\"search_term_string\"}}],\"inLanguage\":\"es\"},{\"@type\":\"Organization\",\"@id\":\"https:\\\/\\\/digitalsantotome.com.ar\\\/#organization\",\"name\":\"Digital Santo Tom\u00e9\",\"url\":\"https:\\\/\\\/digitalsantotome.com.ar\\\/\",\"logo\":{\"@type\":\"ImageObject\",\"inLanguage\":\"es\",\"@id\":\"https:\\\/\\\/digitalsantotome.com.ar\\\/#\\\/schema\\\/logo\\\/image\\\/\",\"url\":\"https:\\\/\\\/digitalsantotome.com.ar\\\/wp-content\\\/uploads\\\/2023\\\/01\\\/facebook.jpg\",\"contentUrl\":\"https:\\\/\\\/digitalsantotome.com.ar\\\/wp-content\\\/uploads\\\/2023\\\/01\\\/facebook.jpg\",\"width\":512,\"height\":376,\"caption\":\"Digital Santo Tom\u00e9\"},\"image\":{\"@id\":\"https:\\\/\\\/digitalsantotome.com.ar\\\/#\\\/schema\\\/logo\\\/image\\\/\"}},{\"@type\":\"Person\",\"@id\":\"https:\\\/\\\/digitalsantotome.com.ar\\\/#\\\/schema\\\/person\\\/8991d8822886fedd92ce7f03817e1bdf\",\"name\":\"Jose Carlos Machado\",\"url\":\"https:\\\/\\\/digitalsantotome.com.ar\\\/?author=2\"}]}<\/script>\n<!-- \/ Yoast SEO plugin. -->","yoast_head_json":{"title":"60 mil empleos en la cuerda floja en el sector maderero - Digital Santo Tom\u00e9","robots":{"index":"index","follow":"follow","max-snippet":"max-snippet:-1","max-image-preview":"max-image-preview:large","max-video-preview":"max-video-preview:-1"},"canonical":"https:\/\/digitalsantotome.com.ar\/?p=8197","og_locale":"es_ES","og_type":"article","og_title":"60 mil empleos en la cuerda floja en el sector maderero - Digital Santo Tom\u00e9","og_description":"BUENOS AIRES. La industria de la transformaci\u00f3n mec\u00e1nica de la madera\u00a0est\u00e1 atravesando una recesi\u00f3n severa que afecta a todos los sectores de la cadena, desde los aserraderos hasta la fabricaci\u00f3n de muebles y la construcci\u00f3n con madera. Es una de las industrias m\u00e1s golpeadas y asiste adem\u00e1s a un embate normativo, pues el Gobierno propuso...","og_url":"https:\/\/digitalsantotome.com.ar\/?p=8197","og_site_name":"Digital Santo Tom\u00e9","article_published_time":"2024-08-30T10:40:14+00:00","article_modified_time":"2024-08-30T10:40:20+00:00","og_image":[{"width":960,"height":640,"url":"https:\/\/digitalsantotome.com.ar\/wp-content\/uploads\/2024\/08\/867163-na06fo01_0.jpg","type":"image\/jpeg"}],"author":"Jose Carlos Machado","twitter_card":"summary_large_image","twitter_misc":{"Escrito por":"Jose Carlos Machado","Tiempo de lectura":"4 minutos"},"schema":{"@context":"https:\/\/schema.org","@graph":[{"@type":"Article","@id":"https:\/\/digitalsantotome.com.ar\/?p=8197#article","isPartOf":{"@id":"https:\/\/digitalsantotome.com.ar\/?p=8197"},"author":{"name":"Jose Carlos Machado","@id":"https:\/\/digitalsantotome.com.ar\/#\/schema\/person\/8991d8822886fedd92ce7f03817e1bdf"},"headline":"60 mil empleos en la cuerda floja en el sector maderero","datePublished":"2024-08-30T10:40:14+00:00","dateModified":"2024-08-30T10:40:20+00:00","mainEntityOfPage":{"@id":"https:\/\/digitalsantotome.com.ar\/?p=8197"},"wordCount":756,"publisher":{"@id":"https:\/\/digitalsantotome.com.ar\/#organization"},"image":{"@id":"https:\/\/digitalsantotome.com.ar\/?p=8197#primaryimage"},"thumbnailUrl":"https:\/\/digitalsantotome.com.ar\/wp-content\/uploads\/2024\/08\/867163-na06fo01_0.jpg","articleSection":["Noticias breves"],"inLanguage":"es"},{"@type":"WebPage","@id":"https:\/\/digitalsantotome.com.ar\/?p=8197","url":"https:\/\/digitalsantotome.com.ar\/?p=8197","name":"60 mil empleos en la cuerda floja en el sector maderero - Digital Santo Tom\u00e9","isPartOf":{"@id":"https:\/\/digitalsantotome.com.ar\/#website"},"primaryImageOfPage":{"@id":"https:\/\/digitalsantotome.com.ar\/?p=8197#primaryimage"},"image":{"@id":"https:\/\/digitalsantotome.com.ar\/?p=8197#primaryimage"},"thumbnailUrl":"https:\/\/digitalsantotome.com.ar\/wp-content\/uploads\/2024\/08\/867163-na06fo01_0.jpg","datePublished":"2024-08-30T10:40:14+00:00","dateModified":"2024-08-30T10:40:20+00:00","breadcrumb":{"@id":"https:\/\/digitalsantotome.com.ar\/?p=8197#breadcrumb"},"inLanguage":"es","potentialAction":[{"@type":"ReadAction","target":["https:\/\/digitalsantotome.com.ar\/?p=8197"]}]},{"@type":"ImageObject","inLanguage":"es","@id":"https:\/\/digitalsantotome.com.ar\/?p=8197#primaryimage","url":"https:\/\/digitalsantotome.com.ar\/wp-content\/uploads\/2024\/08\/867163-na06fo01_0.jpg","contentUrl":"https:\/\/digitalsantotome.com.ar\/wp-content\/uploads\/2024\/08\/867163-na06fo01_0.jpg","width":960,"height":640},{"@type":"BreadcrumbList","@id":"https:\/\/digitalsantotome.com.ar\/?p=8197#breadcrumb","itemListElement":[{"@type":"ListItem","position":1,"name":"Portada","item":"https:\/\/digitalsantotome.com.ar\/"},{"@type":"ListItem","position":2,"name":"60 mil empleos en la cuerda floja en el sector maderero"}]},{"@type":"WebSite","@id":"https:\/\/digitalsantotome.com.ar\/#website","url":"https:\/\/digitalsantotome.com.ar\/","name":"Digital Santo Tom\u00e9","description":"Noticias desde Santo Tom\u00e9 al Mundo \u2013 La informacion que decide","publisher":{"@id":"https:\/\/digitalsantotome.com.ar\/#organization"},"potentialAction":[{"@type":"SearchAction","target":{"@type":"EntryPoint","urlTemplate":"https:\/\/digitalsantotome.com.ar\/?s={search_term_string}"},"query-input":{"@type":"PropertyValueSpecification","valueRequired":true,"valueName":"search_term_string"}}],"inLanguage":"es"},{"@type":"Organization","@id":"https:\/\/digitalsantotome.com.ar\/#organization","name":"Digital Santo Tom\u00e9","url":"https:\/\/digitalsantotome.com.ar\/","logo":{"@type":"ImageObject","inLanguage":"es","@id":"https:\/\/digitalsantotome.com.ar\/#\/schema\/logo\/image\/","url":"https:\/\/digitalsantotome.com.ar\/wp-content\/uploads\/2023\/01\/facebook.jpg","contentUrl":"https:\/\/digitalsantotome.com.ar\/wp-content\/uploads\/2023\/01\/facebook.jpg","width":512,"height":376,"caption":"Digital Santo Tom\u00e9"},"image":{"@id":"https:\/\/digitalsantotome.com.ar\/#\/schema\/logo\/image\/"}},{"@type":"Person","@id":"https:\/\/digitalsantotome.com.ar\/#\/schema\/person\/8991d8822886fedd92ce7f03817e1bdf","name":"Jose Carlos Machado","url":"https:\/\/digitalsantotome.com.ar\/?author=2"}]}},"_links":{"self":[{"href":"https:\/\/digitalsantotome.com.ar\/index.php?rest_route=\/wp\/v2\/posts\/8197","targetHints":{"allow":["GET"]}}],"collection":[{"href":"https:\/\/digitalsantotome.com.ar\/index.php?rest_route=\/wp\/v2\/posts"}],"about":[{"href":"https:\/\/digitalsantotome.com.ar\/index.php?rest_route=\/wp\/v2\/types\/post"}],"author":[{"embeddable":true,"href":"https:\/\/digitalsantotome.com.ar\/index.php?rest_route=\/wp\/v2\/users\/2"}],"replies":[{"embeddable":true,"href":"https:\/\/digitalsantotome.com.ar\/index.php?rest_route=%2Fwp%2Fv2%2Fcomments&post=8197"}],"version-history":[{"count":1,"href":"https:\/\/digitalsantotome.com.ar\/index.php?rest_route=\/wp\/v2\/posts\/8197\/revisions"}],"predecessor-version":[{"id":8199,"href":"https:\/\/digitalsantotome.com.ar\/index.php?rest_route=\/wp\/v2\/posts\/8197\/revisions\/8199"}],"wp:featuredmedia":[{"embeddable":true,"href":"https:\/\/digitalsantotome.com.ar\/index.php?rest_route=\/wp\/v2\/media\/8198"}],"wp:attachment":[{"href":"https:\/\/digitalsantotome.com.ar\/index.php?rest_route=%2Fwp%2Fv2%2Fmedia&parent=8197"}],"wp:term":[{"taxonomy":"category","embeddable":true,"href":"https:\/\/digitalsantotome.com.ar\/index.php?rest_route=%2Fwp%2Fv2%2Fcategories&post=8197"},{"taxonomy":"post_tag","embeddable":true,"href":"https:\/\/digitalsantotome.com.ar\/index.php?rest_route=%2Fwp%2Fv2%2Ftags&post=8197"}],"curies":[{"name":"wp","href":"https:\/\/api.w.org\/{rel}","templated":true}]}}