{"id":8321,"date":"2024-09-21T08:52:00","date_gmt":"2024-09-21T11:52:00","guid":{"rendered":"https:\/\/digitalsantotome.com.ar\/?p=8321"},"modified":"2024-09-21T18:51:00","modified_gmt":"2024-09-21T21:51:00","slug":"en-octubre-la-diocesis-de-santo-tome-recibira-al-nuncio-apostolico","status":"publish","type":"post","link":"https:\/\/digitalsantotome.com.ar\/?p=8321","title":{"rendered":"En octubre la di\u00f3cesis de Santo Tom\u00e9 recibir\u00e1 al nuncio apost\u00f3lico"},"content":{"rendered":"<p>SANTO TOME. Los d\u00edas 4, 5 y 6 de octubre vendr\u00e1 a esta ciudad Monse\u00f1or Miroslaw Adamczyk para celebrar y acompa\u00f1ar las actividades por los 45 a\u00f1os de fundaci\u00f3n de la di\u00f3cesis. Con motivo de las actividades por los 45 a\u00f1os de su fundaci\u00f3n, la di\u00f3cesis de Santo Tom\u00e9 (Corrientes) se prepara para recibir la visita pastoral del nuncio apost\u00f3lico en la Argentina, monse\u00f1or Miroslaw Adamczyk, los d\u00edas 4, 5 y 6 de octubre. \u00abCon su presencia, experimentaremos la cercan\u00eda del Papa Francisco, cuyo ministerio como obispo de Roma es ser el principio de unidad visible para toda la Iglesia\u00bb, manifest\u00f3 en Aica el obispo, monse\u00f1or Gustavo Montini.<\/p>\n<p>\u00abEl nuncio viene a nuestra di\u00f3cesis para conocernos, valorar el camino pastoral que hemos recorrido y, como representante del Santo Padre, confirmarnos en la fe y en la comuni\u00f3n eclesial\u00bb, enfatiz\u00f3. Adem\u00e1s, el prelado subray\u00f3 que, \u00aba trav\u00e9s del nuncio, es el mismo Papa quien nos visita\u00bb.<\/p>\n<p>As\u00ed, el obispo invit\u00f3 a los fieles a \u00abpreparar el coraz\u00f3n para recibirlo y ofrecerle nuestra hospitalidad\u00bb. \u00abLo haremos a trav\u00e9s de la oraci\u00f3n, tanto personal como comunitaria, y participando, en la medida de nuestras posibilidades, de las celebraciones y encuentros programados, que m\u00e1s adelante se dar\u00e1n a conocer\u00bb, agreg\u00f3.<\/p>\n<p>El momento culminante de la visita ser\u00e1 con la celebraci\u00f3n eucar\u00edstica del 5 de octubre a las 19.30, en la catedral Inmaculada Concepci\u00f3n, sede de la di\u00f3cesis.<\/p>\n<p>Fuente: AICA<\/p>\n","protected":false},"excerpt":{"rendered":"<p>SANTO TOME. Los d\u00edas 4, 5 y 6 de octubre vendr\u00e1 a esta ciudad Monse\u00f1or Miroslaw Adamczyk para celebrar y acompa\u00f1ar las actividades por los 45 a\u00f1os de fundaci\u00f3n de la di\u00f3cesis. Con motivo de las actividades por los 45 a\u00f1os de su fundaci\u00f3n, la di\u00f3cesis de Santo Tom\u00e9 (Corrientes) se prepara para recibir la&#8230;<\/p>\n","protected":false},"author":2,"featured_media":8322,"comment_status":"closed","ping_status":"closed","sticky":false,"template":"","format":"standard","meta":{"_kad_post_transparent":"default","_kad_post_title":"default","_kad_post_layout":"default","_kad_post_sidebar_id":"","_kad_post_content_style":"default","_kad_post_vertical_padding":"default","_kad_post_feature":"","_kad_post_feature_position":"","_kad_post_header":false,"_kad_post_footer":false,"_kad_post_classname":"","footnotes":""},"categories":[1],"tags":[],"class_list":["post-8321","post","type-post","status-publish","format-standard","has-post-thumbnail","hentry","category-locales"],"a3_pvc":{"activated":false,"total_views":0,"today_views":0},"yoast_head":"<!-- This site is optimized with the Yoast SEO plugin v27.5 - https:\/\/yoast.com\/product\/yoast-seo-wordpress\/ -->\n<title>En octubre la di\u00f3cesis de Santo Tom\u00e9 recibir\u00e1 al nuncio apost\u00f3lico - Digital Santo Tom\u00e9<\/title>\n<meta name=\"robots\" content=\"index, follow, max-snippet:-1, max-image-preview:large, max-video-preview:-1\" \/>\n<link rel=\"canonical\" href=\"https:\/\/digitalsantotome.com.ar\/?p=8321\" \/>\n<meta property=\"og:locale\" content=\"es_ES\" \/>\n<meta property=\"og:type\" content=\"article\" \/>\n<meta property=\"og:title\" content=\"En octubre la di\u00f3cesis de Santo Tom\u00e9 recibir\u00e1 al nuncio apost\u00f3lico - Digital Santo Tom\u00e9\" \/>\n<meta property=\"og:description\" content=\"SANTO TOME. Los d\u00edas 4, 5 y 6 de octubre vendr\u00e1 a esta ciudad Monse\u00f1or Miroslaw Adamczyk para celebrar y acompa\u00f1ar las actividades por los 45 a\u00f1os de fundaci\u00f3n de la di\u00f3cesis. Con motivo de las actividades por los 45 a\u00f1os de su fundaci\u00f3n, la di\u00f3cesis de Santo Tom\u00e9 (Corrientes) se prepara para recibir la...\" \/>\n<meta property=\"og:url\" content=\"https:\/\/digitalsantotome.com.ar\/?p=8321\" \/>\n<meta property=\"og:site_name\" content=\"Digital Santo Tom\u00e9\" \/>\n<meta property=\"article:published_time\" content=\"2024-09-21T11:52:00+00:00\" \/>\n<meta property=\"article:modified_time\" content=\"2024-09-21T21:51:00+00:00\" \/>\n<meta property=\"og:image\" content=\"https:\/\/digitalsantotome.com.ar\/wp-content\/uploads\/2024\/09\/1385353w790h427c.jpg.webp\" \/>\n\t<meta property=\"og:image:width\" content=\"790\" \/>\n\t<meta property=\"og:image:height\" content=\"427\" \/>\n\t<meta property=\"og:image:type\" content=\"image\/webp\" \/>\n<meta name=\"author\" content=\"Jose Carlos Machado\" \/>\n<meta name=\"twitter:card\" content=\"summary_large_image\" \/>\n<meta name=\"twitter:label1\" content=\"Escrito por\" \/>\n\t<meta name=\"twitter:data1\" content=\"Jose Carlos Machado\" \/>\n\t<meta name=\"twitter:label2\" content=\"Tiempo de lectura\" \/>\n\t<meta name=\"twitter:data2\" content=\"2 minutos\" \/>\n<script type=\"application\/ld+json\" class=\"yoast-schema-graph\">{\"@context\":\"https:\\\/\\\/schema.org\",\"@graph\":[{\"@type\":\"Article\",\"@id\":\"https:\\\/\\\/digitalsantotome.com.ar\\\/?p=8321#article\",\"isPartOf\":{\"@id\":\"https:\\\/\\\/digitalsantotome.com.ar\\\/?p=8321\"},\"author\":{\"name\":\"Jose Carlos Machado\",\"@id\":\"https:\\\/\\\/digitalsantotome.com.ar\\\/#\\\/schema\\\/person\\\/8991d8822886fedd92ce7f03817e1bdf\"},\"headline\":\"En octubre la di\u00f3cesis de Santo Tom\u00e9 recibir\u00e1 al nuncio apost\u00f3lico\",\"datePublished\":\"2024-09-21T11:52:00+00:00\",\"dateModified\":\"2024-09-21T21:51:00+00:00\",\"mainEntityOfPage\":{\"@id\":\"https:\\\/\\\/digitalsantotome.com.ar\\\/?p=8321\"},\"wordCount\":264,\"publisher\":{\"@id\":\"https:\\\/\\\/digitalsantotome.com.ar\\\/#organization\"},\"image\":{\"@id\":\"https:\\\/\\\/digitalsantotome.com.ar\\\/?p=8321#primaryimage\"},\"thumbnailUrl\":\"https:\\\/\\\/digitalsantotome.com.ar\\\/wp-content\\\/uploads\\\/2024\\\/09\\\/1385353w790h427c.jpg.webp\",\"articleSection\":[\"Locales\"],\"inLanguage\":\"es\"},{\"@type\":\"WebPage\",\"@id\":\"https:\\\/\\\/digitalsantotome.com.ar\\\/?p=8321\",\"url\":\"https:\\\/\\\/digitalsantotome.com.ar\\\/?p=8321\",\"name\":\"En octubre la di\u00f3cesis de Santo Tom\u00e9 recibir\u00e1 al nuncio apost\u00f3lico - Digital Santo Tom\u00e9\",\"isPartOf\":{\"@id\":\"https:\\\/\\\/digitalsantotome.com.ar\\\/#website\"},\"primaryImageOfPage\":{\"@id\":\"https:\\\/\\\/digitalsantotome.com.ar\\\/?p=8321#primaryimage\"},\"image\":{\"@id\":\"https:\\\/\\\/digitalsantotome.com.ar\\\/?p=8321#primaryimage\"},\"thumbnailUrl\":\"https:\\\/\\\/digitalsantotome.com.ar\\\/wp-content\\\/uploads\\\/2024\\\/09\\\/1385353w790h427c.jpg.webp\",\"datePublished\":\"2024-09-21T11:52:00+00:00\",\"dateModified\":\"2024-09-21T21:51:00+00:00\",\"breadcrumb\":{\"@id\":\"https:\\\/\\\/digitalsantotome.com.ar\\\/?p=8321#breadcrumb\"},\"inLanguage\":\"es\",\"potentialAction\":[{\"@type\":\"ReadAction\",\"target\":[\"https:\\\/\\\/digitalsantotome.com.ar\\\/?p=8321\"]}]},{\"@type\":\"ImageObject\",\"inLanguage\":\"es\",\"@id\":\"https:\\\/\\\/digitalsantotome.com.ar\\\/?p=8321#primaryimage\",\"url\":\"https:\\\/\\\/digitalsantotome.com.ar\\\/wp-content\\\/uploads\\\/2024\\\/09\\\/1385353w790h427c.jpg.webp\",\"contentUrl\":\"https:\\\/\\\/digitalsantotome.com.ar\\\/wp-content\\\/uploads\\\/2024\\\/09\\\/1385353w790h427c.jpg.webp\",\"width\":790,\"height\":427},{\"@type\":\"BreadcrumbList\",\"@id\":\"https:\\\/\\\/digitalsantotome.com.ar\\\/?p=8321#breadcrumb\",\"itemListElement\":[{\"@type\":\"ListItem\",\"position\":1,\"name\":\"Portada\",\"item\":\"https:\\\/\\\/digitalsantotome.com.ar\\\/\"},{\"@type\":\"ListItem\",\"position\":2,\"name\":\"En octubre la di\u00f3cesis de Santo Tom\u00e9 recibir\u00e1 al nuncio apost\u00f3lico\"}]},{\"@type\":\"WebSite\",\"@id\":\"https:\\\/\\\/digitalsantotome.com.ar\\\/#website\",\"url\":\"https:\\\/\\\/digitalsantotome.com.ar\\\/\",\"name\":\"Digital Santo Tom\u00e9\",\"description\":\"Noticias desde Santo Tom\u00e9 al Mundo \u2013 La informacion que decide\",\"publisher\":{\"@id\":\"https:\\\/\\\/digitalsantotome.com.ar\\\/#organization\"},\"potentialAction\":[{\"@type\":\"SearchAction\",\"target\":{\"@type\":\"EntryPoint\",\"urlTemplate\":\"https:\\\/\\\/digitalsantotome.com.ar\\\/?s={search_term_string}\"},\"query-input\":{\"@type\":\"PropertyValueSpecification\",\"valueRequired\":true,\"valueName\":\"search_term_string\"}}],\"inLanguage\":\"es\"},{\"@type\":\"Organization\",\"@id\":\"https:\\\/\\\/digitalsantotome.com.ar\\\/#organization\",\"name\":\"Digital Santo Tom\u00e9\",\"url\":\"https:\\\/\\\/digitalsantotome.com.ar\\\/\",\"logo\":{\"@type\":\"ImageObject\",\"inLanguage\":\"es\",\"@id\":\"https:\\\/\\\/digitalsantotome.com.ar\\\/#\\\/schema\\\/logo\\\/image\\\/\",\"url\":\"https:\\\/\\\/digitalsantotome.com.ar\\\/wp-content\\\/uploads\\\/2023\\\/01\\\/facebook.jpg\",\"contentUrl\":\"https:\\\/\\\/digitalsantotome.com.ar\\\/wp-content\\\/uploads\\\/2023\\\/01\\\/facebook.jpg\",\"width\":512,\"height\":376,\"caption\":\"Digital Santo Tom\u00e9\"},\"image\":{\"@id\":\"https:\\\/\\\/digitalsantotome.com.ar\\\/#\\\/schema\\\/logo\\\/image\\\/\"}},{\"@type\":\"Person\",\"@id\":\"https:\\\/\\\/digitalsantotome.com.ar\\\/#\\\/schema\\\/person\\\/8991d8822886fedd92ce7f03817e1bdf\",\"name\":\"Jose Carlos Machado\",\"url\":\"https:\\\/\\\/digitalsantotome.com.ar\\\/?author=2\"}]}<\/script>\n<!-- \/ Yoast SEO plugin. -->","yoast_head_json":{"title":"En octubre la di\u00f3cesis de Santo Tom\u00e9 recibir\u00e1 al nuncio apost\u00f3lico - Digital Santo Tom\u00e9","robots":{"index":"index","follow":"follow","max-snippet":"max-snippet:-1","max-image-preview":"max-image-preview:large","max-video-preview":"max-video-preview:-1"},"canonical":"https:\/\/digitalsantotome.com.ar\/?p=8321","og_locale":"es_ES","og_type":"article","og_title":"En octubre la di\u00f3cesis de Santo Tom\u00e9 recibir\u00e1 al nuncio apost\u00f3lico - Digital Santo Tom\u00e9","og_description":"SANTO TOME. Los d\u00edas 4, 5 y 6 de octubre vendr\u00e1 a esta ciudad Monse\u00f1or Miroslaw Adamczyk para celebrar y acompa\u00f1ar las actividades por los 45 a\u00f1os de fundaci\u00f3n de la di\u00f3cesis. Con motivo de las actividades por los 45 a\u00f1os de su fundaci\u00f3n, la di\u00f3cesis de Santo Tom\u00e9 (Corrientes) se prepara para recibir la...","og_url":"https:\/\/digitalsantotome.com.ar\/?p=8321","og_site_name":"Digital Santo Tom\u00e9","article_published_time":"2024-09-21T11:52:00+00:00","article_modified_time":"2024-09-21T21:51:00+00:00","og_image":[{"width":790,"height":427,"url":"https:\/\/digitalsantotome.com.ar\/wp-content\/uploads\/2024\/09\/1385353w790h427c.jpg.webp","type":"image\/webp"}],"author":"Jose Carlos Machado","twitter_card":"summary_large_image","twitter_misc":{"Escrito por":"Jose Carlos Machado","Tiempo de lectura":"2 minutos"},"schema":{"@context":"https:\/\/schema.org","@graph":[{"@type":"Article","@id":"https:\/\/digitalsantotome.com.ar\/?p=8321#article","isPartOf":{"@id":"https:\/\/digitalsantotome.com.ar\/?p=8321"},"author":{"name":"Jose Carlos Machado","@id":"https:\/\/digitalsantotome.com.ar\/#\/schema\/person\/8991d8822886fedd92ce7f03817e1bdf"},"headline":"En octubre la di\u00f3cesis de Santo Tom\u00e9 recibir\u00e1 al nuncio apost\u00f3lico","datePublished":"2024-09-21T11:52:00+00:00","dateModified":"2024-09-21T21:51:00+00:00","mainEntityOfPage":{"@id":"https:\/\/digitalsantotome.com.ar\/?p=8321"},"wordCount":264,"publisher":{"@id":"https:\/\/digitalsantotome.com.ar\/#organization"},"image":{"@id":"https:\/\/digitalsantotome.com.ar\/?p=8321#primaryimage"},"thumbnailUrl":"https:\/\/digitalsantotome.com.ar\/wp-content\/uploads\/2024\/09\/1385353w790h427c.jpg.webp","articleSection":["Locales"],"inLanguage":"es"},{"@type":"WebPage","@id":"https:\/\/digitalsantotome.com.ar\/?p=8321","url":"https:\/\/digitalsantotome.com.ar\/?p=8321","name":"En octubre la di\u00f3cesis de Santo Tom\u00e9 recibir\u00e1 al nuncio apost\u00f3lico - Digital Santo Tom\u00e9","isPartOf":{"@id":"https:\/\/digitalsantotome.com.ar\/#website"},"primaryImageOfPage":{"@id":"https:\/\/digitalsantotome.com.ar\/?p=8321#primaryimage"},"image":{"@id":"https:\/\/digitalsantotome.com.ar\/?p=8321#primaryimage"},"thumbnailUrl":"https:\/\/digitalsantotome.com.ar\/wp-content\/uploads\/2024\/09\/1385353w790h427c.jpg.webp","datePublished":"2024-09-21T11:52:00+00:00","dateModified":"2024-09-21T21:51:00+00:00","breadcrumb":{"@id":"https:\/\/digitalsantotome.com.ar\/?p=8321#breadcrumb"},"inLanguage":"es","potentialAction":[{"@type":"ReadAction","target":["https:\/\/digitalsantotome.com.ar\/?p=8321"]}]},{"@type":"ImageObject","inLanguage":"es","@id":"https:\/\/digitalsantotome.com.ar\/?p=8321#primaryimage","url":"https:\/\/digitalsantotome.com.ar\/wp-content\/uploads\/2024\/09\/1385353w790h427c.jpg.webp","contentUrl":"https:\/\/digitalsantotome.com.ar\/wp-content\/uploads\/2024\/09\/1385353w790h427c.jpg.webp","width":790,"height":427},{"@type":"BreadcrumbList","@id":"https:\/\/digitalsantotome.com.ar\/?p=8321#breadcrumb","itemListElement":[{"@type":"ListItem","position":1,"name":"Portada","item":"https:\/\/digitalsantotome.com.ar\/"},{"@type":"ListItem","position":2,"name":"En octubre la di\u00f3cesis de Santo Tom\u00e9 recibir\u00e1 al nuncio apost\u00f3lico"}]},{"@type":"WebSite","@id":"https:\/\/digitalsantotome.com.ar\/#website","url":"https:\/\/digitalsantotome.com.ar\/","name":"Digital Santo Tom\u00e9","description":"Noticias desde Santo Tom\u00e9 al Mundo \u2013 La informacion que decide","publisher":{"@id":"https:\/\/digitalsantotome.com.ar\/#organization"},"potentialAction":[{"@type":"SearchAction","target":{"@type":"EntryPoint","urlTemplate":"https:\/\/digitalsantotome.com.ar\/?s={search_term_string}"},"query-input":{"@type":"PropertyValueSpecification","valueRequired":true,"valueName":"search_term_string"}}],"inLanguage":"es"},{"@type":"Organization","@id":"https:\/\/digitalsantotome.com.ar\/#organization","name":"Digital Santo Tom\u00e9","url":"https:\/\/digitalsantotome.com.ar\/","logo":{"@type":"ImageObject","inLanguage":"es","@id":"https:\/\/digitalsantotome.com.ar\/#\/schema\/logo\/image\/","url":"https:\/\/digitalsantotome.com.ar\/wp-content\/uploads\/2023\/01\/facebook.jpg","contentUrl":"https:\/\/digitalsantotome.com.ar\/wp-content\/uploads\/2023\/01\/facebook.jpg","width":512,"height":376,"caption":"Digital Santo Tom\u00e9"},"image":{"@id":"https:\/\/digitalsantotome.com.ar\/#\/schema\/logo\/image\/"}},{"@type":"Person","@id":"https:\/\/digitalsantotome.com.ar\/#\/schema\/person\/8991d8822886fedd92ce7f03817e1bdf","name":"Jose Carlos Machado","url":"https:\/\/digitalsantotome.com.ar\/?author=2"}]}},"_links":{"self":[{"href":"https:\/\/digitalsantotome.com.ar\/index.php?rest_route=\/wp\/v2\/posts\/8321","targetHints":{"allow":["GET"]}}],"collection":[{"href":"https:\/\/digitalsantotome.com.ar\/index.php?rest_route=\/wp\/v2\/posts"}],"about":[{"href":"https:\/\/digitalsantotome.com.ar\/index.php?rest_route=\/wp\/v2\/types\/post"}],"author":[{"embeddable":true,"href":"https:\/\/digitalsantotome.com.ar\/index.php?rest_route=\/wp\/v2\/users\/2"}],"replies":[{"embeddable":true,"href":"https:\/\/digitalsantotome.com.ar\/index.php?rest_route=%2Fwp%2Fv2%2Fcomments&post=8321"}],"version-history":[{"count":1,"href":"https:\/\/digitalsantotome.com.ar\/index.php?rest_route=\/wp\/v2\/posts\/8321\/revisions"}],"predecessor-version":[{"id":8323,"href":"https:\/\/digitalsantotome.com.ar\/index.php?rest_route=\/wp\/v2\/posts\/8321\/revisions\/8323"}],"wp:featuredmedia":[{"embeddable":true,"href":"https:\/\/digitalsantotome.com.ar\/index.php?rest_route=\/wp\/v2\/media\/8322"}],"wp:attachment":[{"href":"https:\/\/digitalsantotome.com.ar\/index.php?rest_route=%2Fwp%2Fv2%2Fmedia&parent=8321"}],"wp:term":[{"taxonomy":"category","embeddable":true,"href":"https:\/\/digitalsantotome.com.ar\/index.php?rest_route=%2Fwp%2Fv2%2Fcategories&post=8321"},{"taxonomy":"post_tag","embeddable":true,"href":"https:\/\/digitalsantotome.com.ar\/index.php?rest_route=%2Fwp%2Fv2%2Ftags&post=8321"}],"curies":[{"name":"wp","href":"https:\/\/api.w.org\/{rel}","templated":true}]}}