{"id":8389,"date":"2024-09-28T08:44:57","date_gmt":"2024-09-28T11:44:57","guid":{"rendered":"https:\/\/digitalsantotome.com.ar\/?p=8389"},"modified":"2024-09-28T08:45:31","modified_gmt":"2024-09-28T11:45:31","slug":"puro-brillo-y-espectaculo-en-la-primera-noche-de-la-fiesta-provincial-del-mate-y-la-amistad","status":"publish","type":"post","link":"https:\/\/digitalsantotome.com.ar\/?p=8389","title":{"rendered":"Puro brillo y espect\u00e1culo en la primera noche de la Fiesta Provincial del Mate y la Amistad"},"content":{"rendered":"<p>GDOR VIRASORO. Con las actuaciones de Diego Mora y sus Forasteros, Hacha Leiva, Mauri y el Arranke, El Mago y la Nueva, Flor \u00c1lvarez; baj\u00f3 el tel\u00f3n de la primera velada de la m\u00e1xima fiesta del encuentro y la uni\u00f3n. Colmado el predio de la Liga Virasore\u00f1a de F\u00fatbol a\u00fan restan dos noches (s\u00e1bado 28 y domingo 29 de septiembre): elecci\u00f3n de reinas y certamen para conocer al mejor preparador\/ra de mate de la regi\u00f3n._<\/p>\n<p>Con las primeras horas de este s\u00e1bado 28 de septiembre culmin\u00f3 la primera velada de la Fiesta Provincial del Mate y la Amistad que se desarrolla en la localidad de Gobernador Virasoro, en el predio de la Liga Virasore\u00f1a de F\u00fatbol.<\/p>\n<p>El intendente Emiliano Fern\u00e1ndez junto a la viceintendente, Bienvenida D\u00edaz, entregaron presentes a Ram\u00f3n \u201cEl Mago\u201d Ben\u00edtez, m\u00e1ximo referente de la m\u00fasica tropical y uno de los encargados de cerrar la primera velada de la Fiesta Provincial del Mate y la Amistad. El artista agradeci\u00f3 poder participar del evento y compartir una gran noche con los virasore\u00f1os y visitantes de toda regi\u00f3n. A su vez, recibi\u00f3 un reconocimiento sobre el escenario por parte del intendente Fern\u00e1ndez y del municipio de Gobernador Virasoro por su participaci\u00f3n en la XII edici\u00f3n de la Fiesta Provincial del Mate y la Amistad.<\/p>\n<p>Gran convocatoria de p\u00fablico local y regional, turistas de diferentes puntos de la provincia y de ciudades vecinas de Misiones fue lo que se vivi\u00f3 entre la noche de este \u00faltimo viernes 27 de septiembre y la madrugada de este s\u00e1bado 28 de septiembre. La presencia del intendente de Paso de los Libres, Mart\u00edn Asc\u00faa quien destac\u00f3 la envergadura del evento que resalta la identidad correntina como ser la yerba mate, el trabajo de miles de familias para que la principal infusi\u00f3n argentina llegue a todo el pa\u00eds y el mundo desde tierra correntina.<\/p>\n<p>El tel\u00f3n para la primera velada lo bajaron: Diego Mora y sus Forasteros, Hacha Leiva, Mauri y el Arranke, El Mago y la Nueva, Flor \u00c1lvarez.<\/p>\n","protected":false},"excerpt":{"rendered":"<p>GDOR VIRASORO. Con las actuaciones de Diego Mora y sus Forasteros, Hacha Leiva, Mauri y el Arranke, El Mago y la Nueva, Flor \u00c1lvarez; baj\u00f3 el tel\u00f3n de la primera velada de la m\u00e1xima fiesta del encuentro y la uni\u00f3n. Colmado el predio de la Liga Virasore\u00f1a de F\u00fatbol a\u00fan restan dos noches (s\u00e1bado 28&#8230;<\/p>\n","protected":false},"author":2,"featured_media":8390,"comment_status":"closed","ping_status":"closed","sticky":false,"template":"","format":"standard","meta":{"_kad_post_transparent":"default","_kad_post_title":"default","_kad_post_layout":"default","_kad_post_sidebar_id":"","_kad_post_content_style":"default","_kad_post_vertical_padding":"default","_kad_post_feature":"","_kad_post_feature_position":"","_kad_post_header":false,"_kad_post_footer":false,"_kad_post_classname":"","footnotes":""},"categories":[2],"tags":[],"class_list":["post-8389","post","type-post","status-publish","format-standard","has-post-thumbnail","hentry","category-provinciales"],"a3_pvc":{"activated":false,"total_views":0,"today_views":0},"yoast_head":"<!-- This site is optimized with the Yoast SEO plugin v27.5 - https:\/\/yoast.com\/product\/yoast-seo-wordpress\/ -->\n<title>Puro brillo y espect\u00e1culo en la primera noche de la Fiesta Provincial del Mate y la Amistad - Digital Santo Tom\u00e9<\/title>\n<meta name=\"robots\" content=\"index, follow, max-snippet:-1, max-image-preview:large, max-video-preview:-1\" \/>\n<link rel=\"canonical\" href=\"https:\/\/digitalsantotome.com.ar\/?p=8389\" \/>\n<meta property=\"og:locale\" content=\"es_ES\" \/>\n<meta property=\"og:type\" content=\"article\" \/>\n<meta property=\"og:title\" content=\"Puro brillo y espect\u00e1culo en la primera noche de la Fiesta Provincial del Mate y la Amistad - Digital Santo Tom\u00e9\" \/>\n<meta property=\"og:description\" content=\"GDOR VIRASORO. Con las actuaciones de Diego Mora y sus Forasteros, Hacha Leiva, Mauri y el Arranke, El Mago y la Nueva, Flor \u00c1lvarez; baj\u00f3 el tel\u00f3n de la primera velada de la m\u00e1xima fiesta del encuentro y la uni\u00f3n. Colmado el predio de la Liga Virasore\u00f1a de F\u00fatbol a\u00fan restan dos noches (s\u00e1bado 28...\" \/>\n<meta property=\"og:url\" content=\"https:\/\/digitalsantotome.com.ar\/?p=8389\" \/>\n<meta property=\"og:site_name\" content=\"Digital Santo Tom\u00e9\" \/>\n<meta property=\"article:published_time\" content=\"2024-09-28T11:44:57+00:00\" \/>\n<meta property=\"article:modified_time\" content=\"2024-09-28T11:45:31+00:00\" \/>\n<meta property=\"og:image\" content=\"https:\/\/digitalsantotome.com.ar\/wp-content\/uploads\/2024\/09\/IMG-20240928-WA0008.jpg\" \/>\n\t<meta property=\"og:image:width\" content=\"1600\" \/>\n\t<meta property=\"og:image:height\" content=\"1066\" \/>\n\t<meta property=\"og:image:type\" content=\"image\/jpeg\" \/>\n<meta name=\"author\" content=\"Jose Carlos Machado\" \/>\n<meta name=\"twitter:card\" content=\"summary_large_image\" \/>\n<meta name=\"twitter:label1\" content=\"Escrito por\" \/>\n\t<meta name=\"twitter:data1\" content=\"Jose Carlos Machado\" \/>\n\t<meta name=\"twitter:label2\" content=\"Tiempo de lectura\" \/>\n\t<meta name=\"twitter:data2\" content=\"2 minutos\" \/>\n<script type=\"application\/ld+json\" class=\"yoast-schema-graph\">{\"@context\":\"https:\\\/\\\/schema.org\",\"@graph\":[{\"@type\":\"Article\",\"@id\":\"https:\\\/\\\/digitalsantotome.com.ar\\\/?p=8389#article\",\"isPartOf\":{\"@id\":\"https:\\\/\\\/digitalsantotome.com.ar\\\/?p=8389\"},\"author\":{\"name\":\"Jose Carlos Machado\",\"@id\":\"https:\\\/\\\/digitalsantotome.com.ar\\\/#\\\/schema\\\/person\\\/8991d8822886fedd92ce7f03817e1bdf\"},\"headline\":\"Puro brillo y espect\u00e1culo en la primera noche de la Fiesta Provincial del Mate y la Amistad\",\"datePublished\":\"2024-09-28T11:44:57+00:00\",\"dateModified\":\"2024-09-28T11:45:31+00:00\",\"mainEntityOfPage\":{\"@id\":\"https:\\\/\\\/digitalsantotome.com.ar\\\/?p=8389\"},\"wordCount\":378,\"publisher\":{\"@id\":\"https:\\\/\\\/digitalsantotome.com.ar\\\/#organization\"},\"image\":{\"@id\":\"https:\\\/\\\/digitalsantotome.com.ar\\\/?p=8389#primaryimage\"},\"thumbnailUrl\":\"https:\\\/\\\/digitalsantotome.com.ar\\\/wp-content\\\/uploads\\\/2024\\\/09\\\/IMG-20240928-WA0008.jpg\",\"articleSection\":[\"Provinciales\"],\"inLanguage\":\"es\"},{\"@type\":\"WebPage\",\"@id\":\"https:\\\/\\\/digitalsantotome.com.ar\\\/?p=8389\",\"url\":\"https:\\\/\\\/digitalsantotome.com.ar\\\/?p=8389\",\"name\":\"Puro brillo y espect\u00e1culo en la primera noche de la Fiesta Provincial del Mate y la Amistad - Digital Santo Tom\u00e9\",\"isPartOf\":{\"@id\":\"https:\\\/\\\/digitalsantotome.com.ar\\\/#website\"},\"primaryImageOfPage\":{\"@id\":\"https:\\\/\\\/digitalsantotome.com.ar\\\/?p=8389#primaryimage\"},\"image\":{\"@id\":\"https:\\\/\\\/digitalsantotome.com.ar\\\/?p=8389#primaryimage\"},\"thumbnailUrl\":\"https:\\\/\\\/digitalsantotome.com.ar\\\/wp-content\\\/uploads\\\/2024\\\/09\\\/IMG-20240928-WA0008.jpg\",\"datePublished\":\"2024-09-28T11:44:57+00:00\",\"dateModified\":\"2024-09-28T11:45:31+00:00\",\"breadcrumb\":{\"@id\":\"https:\\\/\\\/digitalsantotome.com.ar\\\/?p=8389#breadcrumb\"},\"inLanguage\":\"es\",\"potentialAction\":[{\"@type\":\"ReadAction\",\"target\":[\"https:\\\/\\\/digitalsantotome.com.ar\\\/?p=8389\"]}]},{\"@type\":\"ImageObject\",\"inLanguage\":\"es\",\"@id\":\"https:\\\/\\\/digitalsantotome.com.ar\\\/?p=8389#primaryimage\",\"url\":\"https:\\\/\\\/digitalsantotome.com.ar\\\/wp-content\\\/uploads\\\/2024\\\/09\\\/IMG-20240928-WA0008.jpg\",\"contentUrl\":\"https:\\\/\\\/digitalsantotome.com.ar\\\/wp-content\\\/uploads\\\/2024\\\/09\\\/IMG-20240928-WA0008.jpg\",\"width\":1600,\"height\":1066},{\"@type\":\"BreadcrumbList\",\"@id\":\"https:\\\/\\\/digitalsantotome.com.ar\\\/?p=8389#breadcrumb\",\"itemListElement\":[{\"@type\":\"ListItem\",\"position\":1,\"name\":\"Portada\",\"item\":\"https:\\\/\\\/digitalsantotome.com.ar\\\/\"},{\"@type\":\"ListItem\",\"position\":2,\"name\":\"Puro brillo y espect\u00e1culo en la primera noche de la Fiesta Provincial del Mate y la Amistad\"}]},{\"@type\":\"WebSite\",\"@id\":\"https:\\\/\\\/digitalsantotome.com.ar\\\/#website\",\"url\":\"https:\\\/\\\/digitalsantotome.com.ar\\\/\",\"name\":\"Digital Santo Tom\u00e9\",\"description\":\"Noticias desde Santo Tom\u00e9 al Mundo \u2013 La informacion que decide\",\"publisher\":{\"@id\":\"https:\\\/\\\/digitalsantotome.com.ar\\\/#organization\"},\"potentialAction\":[{\"@type\":\"SearchAction\",\"target\":{\"@type\":\"EntryPoint\",\"urlTemplate\":\"https:\\\/\\\/digitalsantotome.com.ar\\\/?s={search_term_string}\"},\"query-input\":{\"@type\":\"PropertyValueSpecification\",\"valueRequired\":true,\"valueName\":\"search_term_string\"}}],\"inLanguage\":\"es\"},{\"@type\":\"Organization\",\"@id\":\"https:\\\/\\\/digitalsantotome.com.ar\\\/#organization\",\"name\":\"Digital Santo Tom\u00e9\",\"url\":\"https:\\\/\\\/digitalsantotome.com.ar\\\/\",\"logo\":{\"@type\":\"ImageObject\",\"inLanguage\":\"es\",\"@id\":\"https:\\\/\\\/digitalsantotome.com.ar\\\/#\\\/schema\\\/logo\\\/image\\\/\",\"url\":\"https:\\\/\\\/digitalsantotome.com.ar\\\/wp-content\\\/uploads\\\/2023\\\/01\\\/facebook.jpg\",\"contentUrl\":\"https:\\\/\\\/digitalsantotome.com.ar\\\/wp-content\\\/uploads\\\/2023\\\/01\\\/facebook.jpg\",\"width\":512,\"height\":376,\"caption\":\"Digital Santo Tom\u00e9\"},\"image\":{\"@id\":\"https:\\\/\\\/digitalsantotome.com.ar\\\/#\\\/schema\\\/logo\\\/image\\\/\"}},{\"@type\":\"Person\",\"@id\":\"https:\\\/\\\/digitalsantotome.com.ar\\\/#\\\/schema\\\/person\\\/8991d8822886fedd92ce7f03817e1bdf\",\"name\":\"Jose Carlos Machado\",\"url\":\"https:\\\/\\\/digitalsantotome.com.ar\\\/?author=2\"}]}<\/script>\n<!-- \/ Yoast SEO plugin. -->","yoast_head_json":{"title":"Puro brillo y espect\u00e1culo en la primera noche de la Fiesta Provincial del Mate y la Amistad - Digital Santo Tom\u00e9","robots":{"index":"index","follow":"follow","max-snippet":"max-snippet:-1","max-image-preview":"max-image-preview:large","max-video-preview":"max-video-preview:-1"},"canonical":"https:\/\/digitalsantotome.com.ar\/?p=8389","og_locale":"es_ES","og_type":"article","og_title":"Puro brillo y espect\u00e1culo en la primera noche de la Fiesta Provincial del Mate y la Amistad - Digital Santo Tom\u00e9","og_description":"GDOR VIRASORO. Con las actuaciones de Diego Mora y sus Forasteros, Hacha Leiva, Mauri y el Arranke, El Mago y la Nueva, Flor \u00c1lvarez; baj\u00f3 el tel\u00f3n de la primera velada de la m\u00e1xima fiesta del encuentro y la uni\u00f3n. Colmado el predio de la Liga Virasore\u00f1a de F\u00fatbol a\u00fan restan dos noches (s\u00e1bado 28...","og_url":"https:\/\/digitalsantotome.com.ar\/?p=8389","og_site_name":"Digital Santo Tom\u00e9","article_published_time":"2024-09-28T11:44:57+00:00","article_modified_time":"2024-09-28T11:45:31+00:00","og_image":[{"width":1600,"height":1066,"url":"https:\/\/digitalsantotome.com.ar\/wp-content\/uploads\/2024\/09\/IMG-20240928-WA0008.jpg","type":"image\/jpeg"}],"author":"Jose Carlos Machado","twitter_card":"summary_large_image","twitter_misc":{"Escrito por":"Jose Carlos Machado","Tiempo de lectura":"2 minutos"},"schema":{"@context":"https:\/\/schema.org","@graph":[{"@type":"Article","@id":"https:\/\/digitalsantotome.com.ar\/?p=8389#article","isPartOf":{"@id":"https:\/\/digitalsantotome.com.ar\/?p=8389"},"author":{"name":"Jose Carlos Machado","@id":"https:\/\/digitalsantotome.com.ar\/#\/schema\/person\/8991d8822886fedd92ce7f03817e1bdf"},"headline":"Puro brillo y espect\u00e1culo en la primera noche de la Fiesta Provincial del Mate y la Amistad","datePublished":"2024-09-28T11:44:57+00:00","dateModified":"2024-09-28T11:45:31+00:00","mainEntityOfPage":{"@id":"https:\/\/digitalsantotome.com.ar\/?p=8389"},"wordCount":378,"publisher":{"@id":"https:\/\/digitalsantotome.com.ar\/#organization"},"image":{"@id":"https:\/\/digitalsantotome.com.ar\/?p=8389#primaryimage"},"thumbnailUrl":"https:\/\/digitalsantotome.com.ar\/wp-content\/uploads\/2024\/09\/IMG-20240928-WA0008.jpg","articleSection":["Provinciales"],"inLanguage":"es"},{"@type":"WebPage","@id":"https:\/\/digitalsantotome.com.ar\/?p=8389","url":"https:\/\/digitalsantotome.com.ar\/?p=8389","name":"Puro brillo y espect\u00e1culo en la primera noche de la Fiesta Provincial del Mate y la Amistad - Digital Santo Tom\u00e9","isPartOf":{"@id":"https:\/\/digitalsantotome.com.ar\/#website"},"primaryImageOfPage":{"@id":"https:\/\/digitalsantotome.com.ar\/?p=8389#primaryimage"},"image":{"@id":"https:\/\/digitalsantotome.com.ar\/?p=8389#primaryimage"},"thumbnailUrl":"https:\/\/digitalsantotome.com.ar\/wp-content\/uploads\/2024\/09\/IMG-20240928-WA0008.jpg","datePublished":"2024-09-28T11:44:57+00:00","dateModified":"2024-09-28T11:45:31+00:00","breadcrumb":{"@id":"https:\/\/digitalsantotome.com.ar\/?p=8389#breadcrumb"},"inLanguage":"es","potentialAction":[{"@type":"ReadAction","target":["https:\/\/digitalsantotome.com.ar\/?p=8389"]}]},{"@type":"ImageObject","inLanguage":"es","@id":"https:\/\/digitalsantotome.com.ar\/?p=8389#primaryimage","url":"https:\/\/digitalsantotome.com.ar\/wp-content\/uploads\/2024\/09\/IMG-20240928-WA0008.jpg","contentUrl":"https:\/\/digitalsantotome.com.ar\/wp-content\/uploads\/2024\/09\/IMG-20240928-WA0008.jpg","width":1600,"height":1066},{"@type":"BreadcrumbList","@id":"https:\/\/digitalsantotome.com.ar\/?p=8389#breadcrumb","itemListElement":[{"@type":"ListItem","position":1,"name":"Portada","item":"https:\/\/digitalsantotome.com.ar\/"},{"@type":"ListItem","position":2,"name":"Puro brillo y espect\u00e1culo en la primera noche de la Fiesta Provincial del Mate y la Amistad"}]},{"@type":"WebSite","@id":"https:\/\/digitalsantotome.com.ar\/#website","url":"https:\/\/digitalsantotome.com.ar\/","name":"Digital Santo Tom\u00e9","description":"Noticias desde Santo Tom\u00e9 al Mundo \u2013 La informacion que decide","publisher":{"@id":"https:\/\/digitalsantotome.com.ar\/#organization"},"potentialAction":[{"@type":"SearchAction","target":{"@type":"EntryPoint","urlTemplate":"https:\/\/digitalsantotome.com.ar\/?s={search_term_string}"},"query-input":{"@type":"PropertyValueSpecification","valueRequired":true,"valueName":"search_term_string"}}],"inLanguage":"es"},{"@type":"Organization","@id":"https:\/\/digitalsantotome.com.ar\/#organization","name":"Digital Santo Tom\u00e9","url":"https:\/\/digitalsantotome.com.ar\/","logo":{"@type":"ImageObject","inLanguage":"es","@id":"https:\/\/digitalsantotome.com.ar\/#\/schema\/logo\/image\/","url":"https:\/\/digitalsantotome.com.ar\/wp-content\/uploads\/2023\/01\/facebook.jpg","contentUrl":"https:\/\/digitalsantotome.com.ar\/wp-content\/uploads\/2023\/01\/facebook.jpg","width":512,"height":376,"caption":"Digital Santo Tom\u00e9"},"image":{"@id":"https:\/\/digitalsantotome.com.ar\/#\/schema\/logo\/image\/"}},{"@type":"Person","@id":"https:\/\/digitalsantotome.com.ar\/#\/schema\/person\/8991d8822886fedd92ce7f03817e1bdf","name":"Jose Carlos Machado","url":"https:\/\/digitalsantotome.com.ar\/?author=2"}]}},"_links":{"self":[{"href":"https:\/\/digitalsantotome.com.ar\/index.php?rest_route=\/wp\/v2\/posts\/8389","targetHints":{"allow":["GET"]}}],"collection":[{"href":"https:\/\/digitalsantotome.com.ar\/index.php?rest_route=\/wp\/v2\/posts"}],"about":[{"href":"https:\/\/digitalsantotome.com.ar\/index.php?rest_route=\/wp\/v2\/types\/post"}],"author":[{"embeddable":true,"href":"https:\/\/digitalsantotome.com.ar\/index.php?rest_route=\/wp\/v2\/users\/2"}],"replies":[{"embeddable":true,"href":"https:\/\/digitalsantotome.com.ar\/index.php?rest_route=%2Fwp%2Fv2%2Fcomments&post=8389"}],"version-history":[{"count":1,"href":"https:\/\/digitalsantotome.com.ar\/index.php?rest_route=\/wp\/v2\/posts\/8389\/revisions"}],"predecessor-version":[{"id":8391,"href":"https:\/\/digitalsantotome.com.ar\/index.php?rest_route=\/wp\/v2\/posts\/8389\/revisions\/8391"}],"wp:featuredmedia":[{"embeddable":true,"href":"https:\/\/digitalsantotome.com.ar\/index.php?rest_route=\/wp\/v2\/media\/8390"}],"wp:attachment":[{"href":"https:\/\/digitalsantotome.com.ar\/index.php?rest_route=%2Fwp%2Fv2%2Fmedia&parent=8389"}],"wp:term":[{"taxonomy":"category","embeddable":true,"href":"https:\/\/digitalsantotome.com.ar\/index.php?rest_route=%2Fwp%2Fv2%2Fcategories&post=8389"},{"taxonomy":"post_tag","embeddable":true,"href":"https:\/\/digitalsantotome.com.ar\/index.php?rest_route=%2Fwp%2Fv2%2Ftags&post=8389"}],"curies":[{"name":"wp","href":"https:\/\/api.w.org\/{rel}","templated":true}]}}