{"id":8417,"date":"2024-10-01T07:45:02","date_gmt":"2024-10-01T10:45:02","guid":{"rendered":"https:\/\/digitalsantotome.com.ar\/?p=8417"},"modified":"2024-10-03T16:09:58","modified_gmt":"2024-10-03T19:09:58","slug":"la-cruz-apuesta-a-que-se-logre-construir-un-puente-internacional-con-itaqui","status":"publish","type":"post","link":"https:\/\/digitalsantotome.com.ar\/?p=8417","title":{"rendered":"La Cruz apuesta a que se logre construir un puente internacional con Itaqu\u00ed"},"content":{"rendered":"<p><strong>SANTO TOME<\/strong>. El <strong>Dr. Mario Fern\u00e1ndez<\/strong>, concejal oficialista de la localidad de <strong>La Cruz,<\/strong> se expres\u00f3 recientemente en relaci\u00f3n la iniciativa que impulsa esa comuna para la construcci\u00f3n de un Puente Internacional entre esa localidad brasile\u00f1a de<strong> Itaqu\u00ed.<\/strong> Dijo que el mismo surge porque el proyecto para que se construya en Alvear fue desatendido por m\u00e1s de 40 a\u00f1os, y porque quieren ver si a trav\u00e9s del mercado y el comercio internacional, la regi\u00f3n logra salir del estado de infradesarrollo en el que se encuentra. <strong>\u201cTenemos que buscar una salida, porque Corrientes adolece de un tremendo problema que es que al Sur del r\u00edo Corrientes somos ciudadanos de segunda, estamos abandonados a nuestra propia suerte\u201d<\/strong>, advirti\u00f3.<\/p>\n<p>Al respecto el edil de La Cruz expres\u00f3 que <strong>\u201ceste nuevo proyecto surge porque hubo un impase de m\u00e1s de 40 a\u00f1os en el que fue desatendido y pasado al olvido el proyecto para la construcci\u00f3n del Puente entre Alvear e Itaqu\u00ed, es as\u00ed que surge esta idea de impulsar la concreci\u00f3n del mismo en La Cruz, pero m\u00e1s all\u00e1 de eso, va a beneficiar tambi\u00e9n a Alvear y a toda una basta regi\u00f3n que hoy por hoy se encuentra en un infradesarrollo, es decir, carecemos de todo tipo de servicios contando desde salud, educaci\u00f3n, energ\u00eda, comunicaci\u00f3n, transporte, seguridad, justicia, entre otros; que para nuestra zona es de vital importancia, y bien sabemos, que el mercado trae comercio y el comercio trae consigo servicios; lamentablemente en este momento nuestro mercado es microsc\u00f3pico, un mercado muy peque\u00f1o porque si miramos al Sur tenemos Entre R\u00edos que es autosuficiente y al Norte tenemos Misiones que tambi\u00e9n est\u00e1 en autosuficiencia, al Oeste tenemos la Laguna del Iber\u00e1, no tenemos con quien realizar ning\u00fan tipo de transacci\u00f3n, y al Este tenemos el r\u00edo Uruguay, por lo que podemos decir que estamos en una c\u00e1rcel econ\u00f3mica y de mercado, pero a trav\u00e9s del r\u00edo podemos tener acceso a un mercado muy amplio que es el mercado brasilero, un mercado internacional; y un mercado como ese nos puede permitir el ingreso de divisas genuinas para nuestra zona que lo carece\u201d.<\/strong><\/p>\n<p><img fetchpriority=\"high\" decoding=\"async\" class=\"alignnone size-full wp-image-8419\" src=\"https:\/\/digitalsantotome.com.ar\/wp-content\/uploads\/2024\/10\/IMG-20240909-WA0057.jpg\" alt=\"\" width=\"1280\" height=\"960\" srcset=\"https:\/\/digitalsantotome.com.ar\/wp-content\/uploads\/2024\/10\/IMG-20240909-WA0057.jpg 1280w, https:\/\/digitalsantotome.com.ar\/wp-content\/uploads\/2024\/10\/IMG-20240909-WA0057-300x225.jpg 300w, https:\/\/digitalsantotome.com.ar\/wp-content\/uploads\/2024\/10\/IMG-20240909-WA0057-1024x768.jpg 1024w, https:\/\/digitalsantotome.com.ar\/wp-content\/uploads\/2024\/10\/IMG-20240909-WA0057-768x576.jpg 768w\" sizes=\"(max-width: 1280px) 100vw, 1280px\" \/><\/p>\n<p>Agreg\u00f3 adem\u00e1s que <strong>\u201cexisten ya tratativas a nivel local entre ambas ciudades, es decir, en Itaqu\u00ed tenemos la declaraci\u00f3n de inter\u00e9s por parte de la C\u00e1mara de Vereadores de esa ciudad como por parte del Poder Ejecutivo, y as\u00ed tambi\u00e9n en La Cruz esta iniciativa fue aprobada por unanimidad, en m\u00e1s, existe un acuerdo entre las dos intendencias para realizar una reuni\u00f3n binacional, lo que viene teniendo grandes repercusiones tanto a nivel p\u00fablico como en el \u00e1mbito empresarial que est\u00e1 muy interesado en que este Puente se lleve a cabo\u201d,<\/strong> asegur\u00f3.<\/p>\n<p>Dicho esto, Fern\u00e1ndez agreg\u00f3:<strong> \u201cComo punto de partida de este proyecto, hemos asistido un par de semanas atr\u00e1s a una reuni\u00f3n en la Jefatura de Gabinete Nacional con la encargada de la Comisi\u00f3n de l\u00edmites y frontera donde fuimos excelentemente atendidos con una amabilidad y una puntualidad que en nuestra provincia desconocemos\u201d,<\/strong> subray\u00f3.<\/p>\n<p>En cuanto a la postura del gobierno provincial Fern\u00e1ndez sostuvo que\u00a0<strong> \u201cen la provincia tenemos la declaraci\u00f3n de inter\u00e9s de la C\u00e1mara de Diputados gracias a una gesti\u00f3n bien llevada a cabo por el Dr. Casani y el Dr. Hugo Vallejos quienes r\u00e1pidamente respondieron a nuestra solicitud, no as\u00ed por parte de la C\u00e1mara de Senadores y del Ejecutivo. En la C\u00e1mara de Senadores y en la gobernaci\u00f3n el proyecto est\u00e1 siendo resistido por problemas pol\u00edticos por la presencia de Alvear, y haciendo un poco de humor al respecto digo que Alvear abandon\u00f3 la novia en el altar y hoy esa novia tiene otro novio que es La Cruz, entonces Alvear se siente desplazado\u201d,<\/strong> enfatiz\u00f3 el edil cruce\u00f1o.<\/p>\n<p>Consultado si realmente cree que se va a construir un Puente Internacional teniendo en cuenta que el Gobierno Nacional ha abandonado casi por completo la obra p\u00fablica, manifest\u00f3:<strong> \u201cy bueno, habr\u00eda que buscar realizarlo con capitales privados, y para ello, estamos en comunicaci\u00f3n con el Banco Interamericano de Desarrollo (BID) a trav\u00e9s de dos instrumentos, uno de ellos es el BID Investiment, en este tema espec\u00edficamente los que est\u00e1n abocados son los empresarios interesados\u201d,<\/strong> coment\u00f3.<\/p>\n<p>Haciendo un poco de futurolog\u00eda, coincidi\u00f3 con lo expresado por el intendente Carlos Fagundez quien afirm\u00f3 que no va a ser \u00e9l ni el gobernador Vald\u00e9s quienes van a cortar la cinta, dejando entrever de esta forma que es un proyecto a mediano y largo plazo.<\/p>\n<p><strong>\u201cYo creo que todav\u00eda falta, pero no vamos a esperar 40 a\u00f1os, porque para ese entonces yo estar\u00eda con 105 a\u00f1os y seguramente mirando la lechuga desde abajo, por lo que hay que salir a hacer presi\u00f3n en todos los niveles para que la obra sea una realidad al menor plazo posible, y por eso estamos interesando a las empresas para que inviertan en esto porque hoy d\u00eda los tiempos financieros son muy r\u00e1pidos, de manera que no podemos esperar 40 a\u00f1os\u201d<\/strong> dijo Fern\u00e1ndez.<\/p>\n<p>En el tramo final de la entrevista, Fern\u00e1ndez asegur\u00f3 que <strong>\u201cCorrientes adolece de un tremendo problema que es que al Sur del r\u00edo Corrientes somos ciudadanos de segunda, siempre las obras se dan primero en la costa del Paran\u00e1, y por \u00faltimo en la costa del r\u00edo Uruguay, por lo que nosotros estamos empe\u00f1ados en que se revierta esta situaci\u00f3n; porque si analizamos, cuando vamos a Corrientes nos tomamos dos, tres, cuatro y hasta 5 horas de juntar orina en las puertas de las dependencias, y cuando te dejan pasar te atiende una secretaria de tercera o cuarta l\u00ednea, esto es lo que tenemos que rever; tenemos que tener un desarrollo que nos permita una independencia econ\u00f3mica, social, y cultural porque en este momento estamos pr\u00e1cticamente olvidados, abandonados a nuestra propia suerte, y si a alguien esto le produce alg\u00fan prurito que nos enfrentemos cara a cara y nos digamos la realidad como es\u201d,<\/strong> puntualiz\u00f3.<\/p>\n","protected":false},"excerpt":{"rendered":"<p>SANTO TOME. El Dr. Mario Fern\u00e1ndez, concejal oficialista de la localidad de La Cruz, se expres\u00f3 recientemente en relaci\u00f3n la iniciativa que impulsa esa comuna para la construcci\u00f3n de un Puente Internacional entre esa localidad brasile\u00f1a de Itaqu\u00ed. Dijo que el mismo surge porque el proyecto para que se construya en Alvear fue desatendido por&#8230;<\/p>\n","protected":false},"author":2,"featured_media":8418,"comment_status":"closed","ping_status":"closed","sticky":false,"template":"","format":"standard","meta":{"_kad_post_transparent":"default","_kad_post_title":"default","_kad_post_layout":"default","_kad_post_sidebar_id":"","_kad_post_content_style":"default","_kad_post_vertical_padding":"default","_kad_post_feature":"","_kad_post_feature_position":"","_kad_post_header":false,"_kad_post_footer":false,"_kad_post_classname":"","footnotes":""},"categories":[1],"tags":[],"class_list":["post-8417","post","type-post","status-publish","format-standard","has-post-thumbnail","hentry","category-locales"],"a3_pvc":{"activated":false,"total_views":0,"today_views":0},"yoast_head":"<!-- This site is optimized with the Yoast SEO plugin v27.5 - https:\/\/yoast.com\/product\/yoast-seo-wordpress\/ -->\n<title>La Cruz apuesta a que se logre construir un puente internacional con Itaqu\u00ed - Digital Santo Tom\u00e9<\/title>\n<meta name=\"robots\" content=\"index, follow, max-snippet:-1, max-image-preview:large, max-video-preview:-1\" \/>\n<link rel=\"canonical\" href=\"https:\/\/digitalsantotome.com.ar\/?p=8417\" \/>\n<meta property=\"og:locale\" content=\"es_ES\" \/>\n<meta property=\"og:type\" content=\"article\" \/>\n<meta property=\"og:title\" content=\"La Cruz apuesta a que se logre construir un puente internacional con Itaqu\u00ed - Digital Santo Tom\u00e9\" \/>\n<meta property=\"og:description\" content=\"SANTO TOME. El Dr. Mario Fern\u00e1ndez, concejal oficialista de la localidad de La Cruz, se expres\u00f3 recientemente en relaci\u00f3n la iniciativa que impulsa esa comuna para la construcci\u00f3n de un Puente Internacional entre esa localidad brasile\u00f1a de Itaqu\u00ed. Dijo que el mismo surge porque el proyecto para que se construya en Alvear fue desatendido por...\" \/>\n<meta property=\"og:url\" content=\"https:\/\/digitalsantotome.com.ar\/?p=8417\" \/>\n<meta property=\"og:site_name\" content=\"Digital Santo Tom\u00e9\" \/>\n<meta property=\"article:published_time\" content=\"2024-10-01T10:45:02+00:00\" \/>\n<meta property=\"article:modified_time\" content=\"2024-10-03T19:09:58+00:00\" \/>\n<meta property=\"og:image\" content=\"https:\/\/digitalsantotome.com.ar\/wp-content\/uploads\/2024\/10\/IMG-20240909-WA0055.jpg\" \/>\n\t<meta property=\"og:image:width\" content=\"960\" \/>\n\t<meta property=\"og:image:height\" content=\"860\" \/>\n\t<meta property=\"og:image:type\" content=\"image\/jpeg\" \/>\n<meta name=\"author\" content=\"Jose Carlos Machado\" \/>\n<meta name=\"twitter:card\" content=\"summary_large_image\" \/>\n<meta name=\"twitter:label1\" content=\"Escrito por\" \/>\n\t<meta name=\"twitter:data1\" content=\"Jose Carlos Machado\" \/>\n\t<meta name=\"twitter:label2\" content=\"Tiempo de lectura\" \/>\n\t<meta name=\"twitter:data2\" content=\"5 minutos\" \/>\n<script type=\"application\/ld+json\" class=\"yoast-schema-graph\">{\"@context\":\"https:\\\/\\\/schema.org\",\"@graph\":[{\"@type\":\"Article\",\"@id\":\"https:\\\/\\\/digitalsantotome.com.ar\\\/?p=8417#article\",\"isPartOf\":{\"@id\":\"https:\\\/\\\/digitalsantotome.com.ar\\\/?p=8417\"},\"author\":{\"name\":\"Jose Carlos Machado\",\"@id\":\"https:\\\/\\\/digitalsantotome.com.ar\\\/#\\\/schema\\\/person\\\/8991d8822886fedd92ce7f03817e1bdf\"},\"headline\":\"La Cruz apuesta a que se logre construir un puente internacional con Itaqu\u00ed\",\"datePublished\":\"2024-10-01T10:45:02+00:00\",\"dateModified\":\"2024-10-03T19:09:58+00:00\",\"mainEntityOfPage\":{\"@id\":\"https:\\\/\\\/digitalsantotome.com.ar\\\/?p=8417\"},\"wordCount\":1059,\"publisher\":{\"@id\":\"https:\\\/\\\/digitalsantotome.com.ar\\\/#organization\"},\"image\":{\"@id\":\"https:\\\/\\\/digitalsantotome.com.ar\\\/?p=8417#primaryimage\"},\"thumbnailUrl\":\"https:\\\/\\\/digitalsantotome.com.ar\\\/wp-content\\\/uploads\\\/2024\\\/10\\\/IMG-20240909-WA0055.jpg\",\"articleSection\":[\"Locales\"],\"inLanguage\":\"es\"},{\"@type\":\"WebPage\",\"@id\":\"https:\\\/\\\/digitalsantotome.com.ar\\\/?p=8417\",\"url\":\"https:\\\/\\\/digitalsantotome.com.ar\\\/?p=8417\",\"name\":\"La Cruz apuesta a que se logre construir un puente internacional con Itaqu\u00ed - Digital Santo Tom\u00e9\",\"isPartOf\":{\"@id\":\"https:\\\/\\\/digitalsantotome.com.ar\\\/#website\"},\"primaryImageOfPage\":{\"@id\":\"https:\\\/\\\/digitalsantotome.com.ar\\\/?p=8417#primaryimage\"},\"image\":{\"@id\":\"https:\\\/\\\/digitalsantotome.com.ar\\\/?p=8417#primaryimage\"},\"thumbnailUrl\":\"https:\\\/\\\/digitalsantotome.com.ar\\\/wp-content\\\/uploads\\\/2024\\\/10\\\/IMG-20240909-WA0055.jpg\",\"datePublished\":\"2024-10-01T10:45:02+00:00\",\"dateModified\":\"2024-10-03T19:09:58+00:00\",\"breadcrumb\":{\"@id\":\"https:\\\/\\\/digitalsantotome.com.ar\\\/?p=8417#breadcrumb\"},\"inLanguage\":\"es\",\"potentialAction\":[{\"@type\":\"ReadAction\",\"target\":[\"https:\\\/\\\/digitalsantotome.com.ar\\\/?p=8417\"]}]},{\"@type\":\"ImageObject\",\"inLanguage\":\"es\",\"@id\":\"https:\\\/\\\/digitalsantotome.com.ar\\\/?p=8417#primaryimage\",\"url\":\"https:\\\/\\\/digitalsantotome.com.ar\\\/wp-content\\\/uploads\\\/2024\\\/10\\\/IMG-20240909-WA0055.jpg\",\"contentUrl\":\"https:\\\/\\\/digitalsantotome.com.ar\\\/wp-content\\\/uploads\\\/2024\\\/10\\\/IMG-20240909-WA0055.jpg\",\"width\":960,\"height\":860},{\"@type\":\"BreadcrumbList\",\"@id\":\"https:\\\/\\\/digitalsantotome.com.ar\\\/?p=8417#breadcrumb\",\"itemListElement\":[{\"@type\":\"ListItem\",\"position\":1,\"name\":\"Portada\",\"item\":\"https:\\\/\\\/digitalsantotome.com.ar\\\/\"},{\"@type\":\"ListItem\",\"position\":2,\"name\":\"La Cruz apuesta a que se logre construir un puente internacional con Itaqu\u00ed\"}]},{\"@type\":\"WebSite\",\"@id\":\"https:\\\/\\\/digitalsantotome.com.ar\\\/#website\",\"url\":\"https:\\\/\\\/digitalsantotome.com.ar\\\/\",\"name\":\"Digital Santo Tom\u00e9\",\"description\":\"Noticias desde Santo Tom\u00e9 al Mundo \u2013 La informacion que decide\",\"publisher\":{\"@id\":\"https:\\\/\\\/digitalsantotome.com.ar\\\/#organization\"},\"potentialAction\":[{\"@type\":\"SearchAction\",\"target\":{\"@type\":\"EntryPoint\",\"urlTemplate\":\"https:\\\/\\\/digitalsantotome.com.ar\\\/?s={search_term_string}\"},\"query-input\":{\"@type\":\"PropertyValueSpecification\",\"valueRequired\":true,\"valueName\":\"search_term_string\"}}],\"inLanguage\":\"es\"},{\"@type\":\"Organization\",\"@id\":\"https:\\\/\\\/digitalsantotome.com.ar\\\/#organization\",\"name\":\"Digital Santo Tom\u00e9\",\"url\":\"https:\\\/\\\/digitalsantotome.com.ar\\\/\",\"logo\":{\"@type\":\"ImageObject\",\"inLanguage\":\"es\",\"@id\":\"https:\\\/\\\/digitalsantotome.com.ar\\\/#\\\/schema\\\/logo\\\/image\\\/\",\"url\":\"https:\\\/\\\/digitalsantotome.com.ar\\\/wp-content\\\/uploads\\\/2023\\\/01\\\/facebook.jpg\",\"contentUrl\":\"https:\\\/\\\/digitalsantotome.com.ar\\\/wp-content\\\/uploads\\\/2023\\\/01\\\/facebook.jpg\",\"width\":512,\"height\":376,\"caption\":\"Digital Santo Tom\u00e9\"},\"image\":{\"@id\":\"https:\\\/\\\/digitalsantotome.com.ar\\\/#\\\/schema\\\/logo\\\/image\\\/\"}},{\"@type\":\"Person\",\"@id\":\"https:\\\/\\\/digitalsantotome.com.ar\\\/#\\\/schema\\\/person\\\/8991d8822886fedd92ce7f03817e1bdf\",\"name\":\"Jose Carlos Machado\",\"url\":\"https:\\\/\\\/digitalsantotome.com.ar\\\/?author=2\"}]}<\/script>\n<!-- \/ Yoast SEO plugin. -->","yoast_head_json":{"title":"La Cruz apuesta a que se logre construir un puente internacional con Itaqu\u00ed - Digital Santo Tom\u00e9","robots":{"index":"index","follow":"follow","max-snippet":"max-snippet:-1","max-image-preview":"max-image-preview:large","max-video-preview":"max-video-preview:-1"},"canonical":"https:\/\/digitalsantotome.com.ar\/?p=8417","og_locale":"es_ES","og_type":"article","og_title":"La Cruz apuesta a que se logre construir un puente internacional con Itaqu\u00ed - Digital Santo Tom\u00e9","og_description":"SANTO TOME. El Dr. Mario Fern\u00e1ndez, concejal oficialista de la localidad de La Cruz, se expres\u00f3 recientemente en relaci\u00f3n la iniciativa que impulsa esa comuna para la construcci\u00f3n de un Puente Internacional entre esa localidad brasile\u00f1a de Itaqu\u00ed. Dijo que el mismo surge porque el proyecto para que se construya en Alvear fue desatendido por...","og_url":"https:\/\/digitalsantotome.com.ar\/?p=8417","og_site_name":"Digital Santo Tom\u00e9","article_published_time":"2024-10-01T10:45:02+00:00","article_modified_time":"2024-10-03T19:09:58+00:00","og_image":[{"width":960,"height":860,"url":"https:\/\/digitalsantotome.com.ar\/wp-content\/uploads\/2024\/10\/IMG-20240909-WA0055.jpg","type":"image\/jpeg"}],"author":"Jose Carlos Machado","twitter_card":"summary_large_image","twitter_misc":{"Escrito por":"Jose Carlos Machado","Tiempo de lectura":"5 minutos"},"schema":{"@context":"https:\/\/schema.org","@graph":[{"@type":"Article","@id":"https:\/\/digitalsantotome.com.ar\/?p=8417#article","isPartOf":{"@id":"https:\/\/digitalsantotome.com.ar\/?p=8417"},"author":{"name":"Jose Carlos Machado","@id":"https:\/\/digitalsantotome.com.ar\/#\/schema\/person\/8991d8822886fedd92ce7f03817e1bdf"},"headline":"La Cruz apuesta a que se logre construir un puente internacional con Itaqu\u00ed","datePublished":"2024-10-01T10:45:02+00:00","dateModified":"2024-10-03T19:09:58+00:00","mainEntityOfPage":{"@id":"https:\/\/digitalsantotome.com.ar\/?p=8417"},"wordCount":1059,"publisher":{"@id":"https:\/\/digitalsantotome.com.ar\/#organization"},"image":{"@id":"https:\/\/digitalsantotome.com.ar\/?p=8417#primaryimage"},"thumbnailUrl":"https:\/\/digitalsantotome.com.ar\/wp-content\/uploads\/2024\/10\/IMG-20240909-WA0055.jpg","articleSection":["Locales"],"inLanguage":"es"},{"@type":"WebPage","@id":"https:\/\/digitalsantotome.com.ar\/?p=8417","url":"https:\/\/digitalsantotome.com.ar\/?p=8417","name":"La Cruz apuesta a que se logre construir un puente internacional con Itaqu\u00ed - Digital Santo Tom\u00e9","isPartOf":{"@id":"https:\/\/digitalsantotome.com.ar\/#website"},"primaryImageOfPage":{"@id":"https:\/\/digitalsantotome.com.ar\/?p=8417#primaryimage"},"image":{"@id":"https:\/\/digitalsantotome.com.ar\/?p=8417#primaryimage"},"thumbnailUrl":"https:\/\/digitalsantotome.com.ar\/wp-content\/uploads\/2024\/10\/IMG-20240909-WA0055.jpg","datePublished":"2024-10-01T10:45:02+00:00","dateModified":"2024-10-03T19:09:58+00:00","breadcrumb":{"@id":"https:\/\/digitalsantotome.com.ar\/?p=8417#breadcrumb"},"inLanguage":"es","potentialAction":[{"@type":"ReadAction","target":["https:\/\/digitalsantotome.com.ar\/?p=8417"]}]},{"@type":"ImageObject","inLanguage":"es","@id":"https:\/\/digitalsantotome.com.ar\/?p=8417#primaryimage","url":"https:\/\/digitalsantotome.com.ar\/wp-content\/uploads\/2024\/10\/IMG-20240909-WA0055.jpg","contentUrl":"https:\/\/digitalsantotome.com.ar\/wp-content\/uploads\/2024\/10\/IMG-20240909-WA0055.jpg","width":960,"height":860},{"@type":"BreadcrumbList","@id":"https:\/\/digitalsantotome.com.ar\/?p=8417#breadcrumb","itemListElement":[{"@type":"ListItem","position":1,"name":"Portada","item":"https:\/\/digitalsantotome.com.ar\/"},{"@type":"ListItem","position":2,"name":"La Cruz apuesta a que se logre construir un puente internacional con Itaqu\u00ed"}]},{"@type":"WebSite","@id":"https:\/\/digitalsantotome.com.ar\/#website","url":"https:\/\/digitalsantotome.com.ar\/","name":"Digital Santo Tom\u00e9","description":"Noticias desde Santo Tom\u00e9 al Mundo \u2013 La informacion que decide","publisher":{"@id":"https:\/\/digitalsantotome.com.ar\/#organization"},"potentialAction":[{"@type":"SearchAction","target":{"@type":"EntryPoint","urlTemplate":"https:\/\/digitalsantotome.com.ar\/?s={search_term_string}"},"query-input":{"@type":"PropertyValueSpecification","valueRequired":true,"valueName":"search_term_string"}}],"inLanguage":"es"},{"@type":"Organization","@id":"https:\/\/digitalsantotome.com.ar\/#organization","name":"Digital Santo Tom\u00e9","url":"https:\/\/digitalsantotome.com.ar\/","logo":{"@type":"ImageObject","inLanguage":"es","@id":"https:\/\/digitalsantotome.com.ar\/#\/schema\/logo\/image\/","url":"https:\/\/digitalsantotome.com.ar\/wp-content\/uploads\/2023\/01\/facebook.jpg","contentUrl":"https:\/\/digitalsantotome.com.ar\/wp-content\/uploads\/2023\/01\/facebook.jpg","width":512,"height":376,"caption":"Digital Santo Tom\u00e9"},"image":{"@id":"https:\/\/digitalsantotome.com.ar\/#\/schema\/logo\/image\/"}},{"@type":"Person","@id":"https:\/\/digitalsantotome.com.ar\/#\/schema\/person\/8991d8822886fedd92ce7f03817e1bdf","name":"Jose Carlos Machado","url":"https:\/\/digitalsantotome.com.ar\/?author=2"}]}},"_links":{"self":[{"href":"https:\/\/digitalsantotome.com.ar\/index.php?rest_route=\/wp\/v2\/posts\/8417","targetHints":{"allow":["GET"]}}],"collection":[{"href":"https:\/\/digitalsantotome.com.ar\/index.php?rest_route=\/wp\/v2\/posts"}],"about":[{"href":"https:\/\/digitalsantotome.com.ar\/index.php?rest_route=\/wp\/v2\/types\/post"}],"author":[{"embeddable":true,"href":"https:\/\/digitalsantotome.com.ar\/index.php?rest_route=\/wp\/v2\/users\/2"}],"replies":[{"embeddable":true,"href":"https:\/\/digitalsantotome.com.ar\/index.php?rest_route=%2Fwp%2Fv2%2Fcomments&post=8417"}],"version-history":[{"count":1,"href":"https:\/\/digitalsantotome.com.ar\/index.php?rest_route=\/wp\/v2\/posts\/8417\/revisions"}],"predecessor-version":[{"id":8420,"href":"https:\/\/digitalsantotome.com.ar\/index.php?rest_route=\/wp\/v2\/posts\/8417\/revisions\/8420"}],"wp:featuredmedia":[{"embeddable":true,"href":"https:\/\/digitalsantotome.com.ar\/index.php?rest_route=\/wp\/v2\/media\/8418"}],"wp:attachment":[{"href":"https:\/\/digitalsantotome.com.ar\/index.php?rest_route=%2Fwp%2Fv2%2Fmedia&parent=8417"}],"wp:term":[{"taxonomy":"category","embeddable":true,"href":"https:\/\/digitalsantotome.com.ar\/index.php?rest_route=%2Fwp%2Fv2%2Fcategories&post=8417"},{"taxonomy":"post_tag","embeddable":true,"href":"https:\/\/digitalsantotome.com.ar\/index.php?rest_route=%2Fwp%2Fv2%2Ftags&post=8417"}],"curies":[{"name":"wp","href":"https:\/\/api.w.org\/{rel}","templated":true}]}}