{"id":8434,"date":"2024-10-04T15:38:54","date_gmt":"2024-10-04T18:38:54","guid":{"rendered":"https:\/\/digitalsantotome.com.ar\/?p=8434"},"modified":"2024-10-05T17:02:46","modified_gmt":"2024-10-05T20:02:46","slug":"puente-internacional-consideraron-como-positivo-que-se-hayan-realizado-audiencias-publicas","status":"publish","type":"post","link":"https:\/\/digitalsantotome.com.ar\/?p=8434","title":{"rendered":"Puente internacional: Consideran como positivo que se hayan realizado audiencias p\u00fablicas"},"content":{"rendered":"<p>SANTO TOME. Wilmar De Almeida, el referente de los aduaneros de Santo Tom\u00e9, brind\u00f3 su opini\u00f3n en relaci\u00f3n a las audiencias p\u00fablicas que se realizaron recientemente en esta ciudad y en Sao Borja para escuchar los planteos de las dos comunidades involucradas ante el llamado a licitaci\u00f3n para una nueva concesi\u00f3n del <strong>Puente Internacional Santo Tom\u00e9 \u2013 Sao Borja<\/strong>. Calific\u00f3 de positiva la medida, pero advirti\u00f3 que no bastar\u00e1 con realizar ampliaciones y mejoras estructurales en Centro Unificado, <strong>\u201chabr\u00e1 que trabajar 24 horas y modernizar el sistema\u201d,<\/strong> advirti\u00f3. M\u00e1s all\u00e1 de esto, destac\u00f3 los avances alcanzados, y que los gobiernos est\u00e9n tomando nota de los planteos locales.<\/p>\n<p><img fetchpriority=\"high\" decoding=\"async\" class=\"size-full wp-image-8436\" src=\"https:\/\/digitalsantotome.com.ar\/wp-content\/uploads\/2024\/10\/audiencia2.jpg\" alt=\"\" width=\"800\" height=\"478\" srcset=\"https:\/\/digitalsantotome.com.ar\/wp-content\/uploads\/2024\/10\/audiencia2.jpg 800w, https:\/\/digitalsantotome.com.ar\/wp-content\/uploads\/2024\/10\/audiencia2-300x179.jpg 300w, https:\/\/digitalsantotome.com.ar\/wp-content\/uploads\/2024\/10\/audiencia2-768x459.jpg 768w\" sizes=\"(max-width: 800px) 100vw, 800px\" \/><\/p>\n<p>Al respecto el despachante de Aduana Wilmar de Almeida sostuvo: <strong>\u201cEs un gran logro tener la posibilidad de una nueva licitaci\u00f3n, algo que hasta hace poco tiempo atr\u00e1s era impensado. Con mucha gesti\u00f3n, informaci\u00f3n y datos que se elev\u00f3 a los Estados donde se manifest\u00f3 que era muy importante que esta Aduana se mantenga en este modelo de trabajo simult\u00e1neo que es un modelo exitoso, que funcion\u00f3 muy bien donde, en un espacio reducido hay una cantidad enorme de operaciones comparando con otras fronteras. Por suerte se les hizo entender a los Estados involucrados y es satisfactorio ver, primero, los Estados trabajando juntos, y en segundo lugar, estas audiencias p\u00fablicas para que nos escuchen, para que podamos elevar nuestras propuestas porque nosotros somos los que estamos el d\u00eda a d\u00eda, conocemos el funcionamiento, las necesidades y podemos aportar; y esto es importante porque los funcionarios en los sillones de Buenos Aires o de Brasilia no conocen las particularidades, por lo que s\u00ed son importantes estas audiencias de la que particip\u00e9 en Argentina y en Brasil. Entiendo que posteriormente a la licitaci\u00f3n los Estados nos seguir\u00e1n dando posibilidades de aportar porque para eso estamos\u201d,<\/strong> subray\u00f3.<\/p>\n<p>Consultado si le sorprendi\u00f3 el hecho de que los Estados hayan decidido hacer dos audiencias p\u00fablicas teniendo en cuenta que es la primera vez que se abren a la comunidad, el despachante de aduana expres\u00f3: <strong>\u201cDe cierto modo s\u00ed, y creo que obedece a que nos ven\u00edamos manifestando, creo que creamos la necesidad al darse cuenta ellos que nosotros todo el tiempo estuvimos preguntando y haciendo presentaciones constantemente tanto los despachantes argentinos como brasile\u00f1os, es decir, estuvimos trabajando y pidiendo la participaci\u00f3n; yo creo que generamos una situaci\u00f3n donde los Estados se vieron obligados a darnos la posibilidad de participar\u201d<\/strong>, afirm\u00f3.<\/p>\n<p>En cuanto a los planteos realizados por los aduaneros para que los nuevos concesionarios inviertan en la ampliaci\u00f3n y mejora del patio de camiones y otras cuestiones, dijo:<strong> \u201cNosotros hicimos varios planteos de forma escrita, como as\u00ed tambi\u00e9n algunas preguntas sobre temas que no nos quedaban claros, y la realidad es que, si hoy tenemos un patio con una capacidad operativa de 700 a 1000 camiones dentro del patio, con un desagote diario de 350 por d\u00eda. Lo que yo not\u00e9 en las presentaciones es que est\u00e1n programando pavimentar los patios que actualmente son de tierra y algunas otras mejoras, pero no es una gran inversi\u00f3n, lo que preocupa porque con las horas de trabajo que tiene hoy la Aduana que va de 07:00 de la ma\u00f1ana a 19:00 horas aproximadamente, no hay capacidad de liberar m\u00e1s, y si ellos van a bajar el peaje los primeros a\u00f1os para atraer m\u00e1s operaciones a este cruce fronterizo lo \u00fanico que van a lograr es que colapse el sistema, por lo que se tendr\u00e1 que trabajar 24 horas o ampliar el patio y la parte de recursos humanos. Planteamos adem\u00e1s algunas cuestiones inherentes a protocolos y presentaciones que son manuales y pasarlos a digitales para mejorar la administraci\u00f3n porque estos procedimientos ya vienen de m\u00e1s de 25 a\u00f1os por lo que la modernizaci\u00f3n le podr\u00eda dar mayor din\u00e1mica\u201d,<\/strong> mencion\u00f3.<\/p>\n<p>De Almeida coincidi\u00f3 tambi\u00e9n en que se avanz\u00f3 r\u00e1pidamente con el llamado a licitaci\u00f3n del \u00faltimo a\u00f1o a esta parte, el se\u00f1alar:<strong> \u201cNosotros rescatamos que la gente de Brasil siempre estuvo convencida de que hab\u00eda que hacer la licitaci\u00f3n, la presidente de la COMAB Viviane Esse fue la que m\u00e1s r\u00e1pido actu\u00f3, creemos que ella fue clave, que fue una de las personas principales para que se haya agilizado el tr\u00e1mite, como as\u00ed tambi\u00e9n el cambio de gobierno en Argentina porque entendieron que el Estado esta para otra cosa, no para estar administrando fronteras, hay que dejar que los privados desarrollen este tipo de actividades; el Estado solo debe realizar el contralor y en este caso ya esta establecido que la DELCON es el organismo regulador para que se cumpla con el contrato\u201d,<\/strong> resalt\u00f3.<\/p>\n<p>Dicho esto, dej\u00f3 entrever que sus colegas de San Borja tambi\u00e9n se llevaron una buena impresi\u00f3n de lo tratado en estas audiencias.<\/p>\n<p><strong>\u201cNunca se conforma a todos, pero en l\u00edneas generales est\u00e1n satisfecho porque todos tuvieron la oportunidad de hacer sus planteos, y yo creo que, si realmente los gobiernos toman nota de todo lo que se le esta diciendo, seguramente vamos a poder seguir avanzando y esto va a ser un \u00e9xito y un \u00edcono en lo que es comercio exterior\u201d<\/strong>, asegur\u00f3.<\/p>\n<p>Para finalizar agreg\u00f3: <strong>\u201cPara el 19 de diciembre pr\u00f3ximo esta prevista la apertura de sobres, y ah\u00ed va a comenzar el proceso de transici\u00f3n, lo que es algo que nos preocupa, pero nos estuvieron explicando que ya tienen decidido el m\u00e9todo que van a aplicar para que al mismo tiempo trabajen la concesionaria saliente y la nueva de tal manera que no se pierda el ritmo de trabajo; y la idea es que se intente mantener los recursos humanos capacitados que ya vienen trabajando en el Centro Unificado de Frontera lo que le da un poco de tranquilidad a las personas que est\u00e1n trabajando actualmente\u201d,<\/strong> enfatiz\u00f3.<\/p>\n<p>&nbsp;<\/p>\n","protected":false},"excerpt":{"rendered":"<p>SANTO TOME. Wilmar De Almeida, el referente de los aduaneros de Santo Tom\u00e9, brind\u00f3 su opini\u00f3n en relaci\u00f3n a las audiencias p\u00fablicas que se realizaron recientemente en esta ciudad y en Sao Borja para escuchar los planteos de las dos comunidades involucradas ante el llamado a licitaci\u00f3n para una nueva concesi\u00f3n del Puente Internacional Santo&#8230;<\/p>\n","protected":false},"author":2,"featured_media":8435,"comment_status":"closed","ping_status":"closed","sticky":false,"template":"","format":"standard","meta":{"_kad_post_transparent":"default","_kad_post_title":"default","_kad_post_layout":"default","_kad_post_sidebar_id":"","_kad_post_content_style":"default","_kad_post_vertical_padding":"default","_kad_post_feature":"","_kad_post_feature_position":"","_kad_post_header":false,"_kad_post_footer":false,"_kad_post_classname":"","footnotes":""},"categories":[1],"tags":[],"class_list":["post-8434","post","type-post","status-publish","format-standard","has-post-thumbnail","hentry","category-locales"],"a3_pvc":{"activated":false,"total_views":0,"today_views":0},"yoast_head":"<!-- This site is optimized with the Yoast SEO plugin v27.5 - https:\/\/yoast.com\/product\/yoast-seo-wordpress\/ -->\n<title>Puente internacional: Consideran como positivo que se hayan realizado audiencias p\u00fablicas - Digital Santo Tom\u00e9<\/title>\n<meta name=\"robots\" content=\"index, follow, max-snippet:-1, max-image-preview:large, max-video-preview:-1\" \/>\n<link rel=\"canonical\" href=\"https:\/\/digitalsantotome.com.ar\/?p=8434\" \/>\n<meta property=\"og:locale\" content=\"es_ES\" \/>\n<meta property=\"og:type\" content=\"article\" \/>\n<meta property=\"og:title\" content=\"Puente internacional: Consideran como positivo que se hayan realizado audiencias p\u00fablicas - Digital Santo Tom\u00e9\" \/>\n<meta property=\"og:description\" content=\"SANTO TOME. Wilmar De Almeida, el referente de los aduaneros de Santo Tom\u00e9, brind\u00f3 su opini\u00f3n en relaci\u00f3n a las audiencias p\u00fablicas que se realizaron recientemente en esta ciudad y en Sao Borja para escuchar los planteos de las dos comunidades involucradas ante el llamado a licitaci\u00f3n para una nueva concesi\u00f3n del Puente Internacional Santo...\" \/>\n<meta property=\"og:url\" content=\"https:\/\/digitalsantotome.com.ar\/?p=8434\" \/>\n<meta property=\"og:site_name\" content=\"Digital Santo Tom\u00e9\" \/>\n<meta property=\"article:published_time\" content=\"2024-10-04T18:38:54+00:00\" \/>\n<meta property=\"article:modified_time\" content=\"2024-10-05T20:02:46+00:00\" \/>\n<meta property=\"og:image\" content=\"https:\/\/digitalsantotome.com.ar\/wp-content\/uploads\/2024\/10\/wilmar.jpg\" \/>\n\t<meta property=\"og:image:width\" content=\"800\" \/>\n\t<meta property=\"og:image:height\" content=\"491\" \/>\n\t<meta property=\"og:image:type\" content=\"image\/jpeg\" \/>\n<meta name=\"author\" content=\"Jose Carlos Machado\" \/>\n<meta name=\"twitter:card\" content=\"summary_large_image\" \/>\n<meta name=\"twitter:label1\" content=\"Escrito por\" \/>\n\t<meta name=\"twitter:data1\" content=\"Jose Carlos Machado\" \/>\n\t<meta name=\"twitter:label2\" content=\"Tiempo de lectura\" \/>\n\t<meta name=\"twitter:data2\" content=\"5 minutos\" \/>\n<script type=\"application\/ld+json\" class=\"yoast-schema-graph\">{\"@context\":\"https:\\\/\\\/schema.org\",\"@graph\":[{\"@type\":\"Article\",\"@id\":\"https:\\\/\\\/digitalsantotome.com.ar\\\/?p=8434#article\",\"isPartOf\":{\"@id\":\"https:\\\/\\\/digitalsantotome.com.ar\\\/?p=8434\"},\"author\":{\"name\":\"Jose Carlos Machado\",\"@id\":\"https:\\\/\\\/digitalsantotome.com.ar\\\/#\\\/schema\\\/person\\\/8991d8822886fedd92ce7f03817e1bdf\"},\"headline\":\"Puente internacional: Consideran como positivo que se hayan realizado audiencias p\u00fablicas\",\"datePublished\":\"2024-10-04T18:38:54+00:00\",\"dateModified\":\"2024-10-05T20:02:46+00:00\",\"mainEntityOfPage\":{\"@id\":\"https:\\\/\\\/digitalsantotome.com.ar\\\/?p=8434\"},\"wordCount\":1012,\"publisher\":{\"@id\":\"https:\\\/\\\/digitalsantotome.com.ar\\\/#organization\"},\"image\":{\"@id\":\"https:\\\/\\\/digitalsantotome.com.ar\\\/?p=8434#primaryimage\"},\"thumbnailUrl\":\"https:\\\/\\\/digitalsantotome.com.ar\\\/wp-content\\\/uploads\\\/2024\\\/10\\\/wilmar.jpg\",\"articleSection\":[\"Locales\"],\"inLanguage\":\"es\"},{\"@type\":\"WebPage\",\"@id\":\"https:\\\/\\\/digitalsantotome.com.ar\\\/?p=8434\",\"url\":\"https:\\\/\\\/digitalsantotome.com.ar\\\/?p=8434\",\"name\":\"Puente internacional: Consideran como positivo que se hayan realizado audiencias p\u00fablicas - Digital Santo Tom\u00e9\",\"isPartOf\":{\"@id\":\"https:\\\/\\\/digitalsantotome.com.ar\\\/#website\"},\"primaryImageOfPage\":{\"@id\":\"https:\\\/\\\/digitalsantotome.com.ar\\\/?p=8434#primaryimage\"},\"image\":{\"@id\":\"https:\\\/\\\/digitalsantotome.com.ar\\\/?p=8434#primaryimage\"},\"thumbnailUrl\":\"https:\\\/\\\/digitalsantotome.com.ar\\\/wp-content\\\/uploads\\\/2024\\\/10\\\/wilmar.jpg\",\"datePublished\":\"2024-10-04T18:38:54+00:00\",\"dateModified\":\"2024-10-05T20:02:46+00:00\",\"breadcrumb\":{\"@id\":\"https:\\\/\\\/digitalsantotome.com.ar\\\/?p=8434#breadcrumb\"},\"inLanguage\":\"es\",\"potentialAction\":[{\"@type\":\"ReadAction\",\"target\":[\"https:\\\/\\\/digitalsantotome.com.ar\\\/?p=8434\"]}]},{\"@type\":\"ImageObject\",\"inLanguage\":\"es\",\"@id\":\"https:\\\/\\\/digitalsantotome.com.ar\\\/?p=8434#primaryimage\",\"url\":\"https:\\\/\\\/digitalsantotome.com.ar\\\/wp-content\\\/uploads\\\/2024\\\/10\\\/wilmar.jpg\",\"contentUrl\":\"https:\\\/\\\/digitalsantotome.com.ar\\\/wp-content\\\/uploads\\\/2024\\\/10\\\/wilmar.jpg\",\"width\":800,\"height\":491,\"caption\":\"????????????????????????????????????\"},{\"@type\":\"BreadcrumbList\",\"@id\":\"https:\\\/\\\/digitalsantotome.com.ar\\\/?p=8434#breadcrumb\",\"itemListElement\":[{\"@type\":\"ListItem\",\"position\":1,\"name\":\"Portada\",\"item\":\"https:\\\/\\\/digitalsantotome.com.ar\\\/\"},{\"@type\":\"ListItem\",\"position\":2,\"name\":\"Puente internacional: Consideran como positivo que se hayan realizado audiencias p\u00fablicas\"}]},{\"@type\":\"WebSite\",\"@id\":\"https:\\\/\\\/digitalsantotome.com.ar\\\/#website\",\"url\":\"https:\\\/\\\/digitalsantotome.com.ar\\\/\",\"name\":\"Digital Santo Tom\u00e9\",\"description\":\"Noticias desde Santo Tom\u00e9 al Mundo \u2013 La informacion que decide\",\"publisher\":{\"@id\":\"https:\\\/\\\/digitalsantotome.com.ar\\\/#organization\"},\"potentialAction\":[{\"@type\":\"SearchAction\",\"target\":{\"@type\":\"EntryPoint\",\"urlTemplate\":\"https:\\\/\\\/digitalsantotome.com.ar\\\/?s={search_term_string}\"},\"query-input\":{\"@type\":\"PropertyValueSpecification\",\"valueRequired\":true,\"valueName\":\"search_term_string\"}}],\"inLanguage\":\"es\"},{\"@type\":\"Organization\",\"@id\":\"https:\\\/\\\/digitalsantotome.com.ar\\\/#organization\",\"name\":\"Digital Santo Tom\u00e9\",\"url\":\"https:\\\/\\\/digitalsantotome.com.ar\\\/\",\"logo\":{\"@type\":\"ImageObject\",\"inLanguage\":\"es\",\"@id\":\"https:\\\/\\\/digitalsantotome.com.ar\\\/#\\\/schema\\\/logo\\\/image\\\/\",\"url\":\"https:\\\/\\\/digitalsantotome.com.ar\\\/wp-content\\\/uploads\\\/2023\\\/01\\\/facebook.jpg\",\"contentUrl\":\"https:\\\/\\\/digitalsantotome.com.ar\\\/wp-content\\\/uploads\\\/2023\\\/01\\\/facebook.jpg\",\"width\":512,\"height\":376,\"caption\":\"Digital Santo Tom\u00e9\"},\"image\":{\"@id\":\"https:\\\/\\\/digitalsantotome.com.ar\\\/#\\\/schema\\\/logo\\\/image\\\/\"}},{\"@type\":\"Person\",\"@id\":\"https:\\\/\\\/digitalsantotome.com.ar\\\/#\\\/schema\\\/person\\\/8991d8822886fedd92ce7f03817e1bdf\",\"name\":\"Jose Carlos Machado\",\"url\":\"https:\\\/\\\/digitalsantotome.com.ar\\\/?author=2\"}]}<\/script>\n<!-- \/ Yoast SEO plugin. -->","yoast_head_json":{"title":"Puente internacional: Consideran como positivo que se hayan realizado audiencias p\u00fablicas - Digital Santo Tom\u00e9","robots":{"index":"index","follow":"follow","max-snippet":"max-snippet:-1","max-image-preview":"max-image-preview:large","max-video-preview":"max-video-preview:-1"},"canonical":"https:\/\/digitalsantotome.com.ar\/?p=8434","og_locale":"es_ES","og_type":"article","og_title":"Puente internacional: Consideran como positivo que se hayan realizado audiencias p\u00fablicas - Digital Santo Tom\u00e9","og_description":"SANTO TOME. Wilmar De Almeida, el referente de los aduaneros de Santo Tom\u00e9, brind\u00f3 su opini\u00f3n en relaci\u00f3n a las audiencias p\u00fablicas que se realizaron recientemente en esta ciudad y en Sao Borja para escuchar los planteos de las dos comunidades involucradas ante el llamado a licitaci\u00f3n para una nueva concesi\u00f3n del Puente Internacional Santo...","og_url":"https:\/\/digitalsantotome.com.ar\/?p=8434","og_site_name":"Digital Santo Tom\u00e9","article_published_time":"2024-10-04T18:38:54+00:00","article_modified_time":"2024-10-05T20:02:46+00:00","og_image":[{"width":800,"height":491,"url":"https:\/\/digitalsantotome.com.ar\/wp-content\/uploads\/2024\/10\/wilmar.jpg","type":"image\/jpeg"}],"author":"Jose Carlos Machado","twitter_card":"summary_large_image","twitter_misc":{"Escrito por":"Jose Carlos Machado","Tiempo de lectura":"5 minutos"},"schema":{"@context":"https:\/\/schema.org","@graph":[{"@type":"Article","@id":"https:\/\/digitalsantotome.com.ar\/?p=8434#article","isPartOf":{"@id":"https:\/\/digitalsantotome.com.ar\/?p=8434"},"author":{"name":"Jose Carlos Machado","@id":"https:\/\/digitalsantotome.com.ar\/#\/schema\/person\/8991d8822886fedd92ce7f03817e1bdf"},"headline":"Puente internacional: Consideran como positivo que se hayan realizado audiencias p\u00fablicas","datePublished":"2024-10-04T18:38:54+00:00","dateModified":"2024-10-05T20:02:46+00:00","mainEntityOfPage":{"@id":"https:\/\/digitalsantotome.com.ar\/?p=8434"},"wordCount":1012,"publisher":{"@id":"https:\/\/digitalsantotome.com.ar\/#organization"},"image":{"@id":"https:\/\/digitalsantotome.com.ar\/?p=8434#primaryimage"},"thumbnailUrl":"https:\/\/digitalsantotome.com.ar\/wp-content\/uploads\/2024\/10\/wilmar.jpg","articleSection":["Locales"],"inLanguage":"es"},{"@type":"WebPage","@id":"https:\/\/digitalsantotome.com.ar\/?p=8434","url":"https:\/\/digitalsantotome.com.ar\/?p=8434","name":"Puente internacional: Consideran como positivo que se hayan realizado audiencias p\u00fablicas - Digital Santo Tom\u00e9","isPartOf":{"@id":"https:\/\/digitalsantotome.com.ar\/#website"},"primaryImageOfPage":{"@id":"https:\/\/digitalsantotome.com.ar\/?p=8434#primaryimage"},"image":{"@id":"https:\/\/digitalsantotome.com.ar\/?p=8434#primaryimage"},"thumbnailUrl":"https:\/\/digitalsantotome.com.ar\/wp-content\/uploads\/2024\/10\/wilmar.jpg","datePublished":"2024-10-04T18:38:54+00:00","dateModified":"2024-10-05T20:02:46+00:00","breadcrumb":{"@id":"https:\/\/digitalsantotome.com.ar\/?p=8434#breadcrumb"},"inLanguage":"es","potentialAction":[{"@type":"ReadAction","target":["https:\/\/digitalsantotome.com.ar\/?p=8434"]}]},{"@type":"ImageObject","inLanguage":"es","@id":"https:\/\/digitalsantotome.com.ar\/?p=8434#primaryimage","url":"https:\/\/digitalsantotome.com.ar\/wp-content\/uploads\/2024\/10\/wilmar.jpg","contentUrl":"https:\/\/digitalsantotome.com.ar\/wp-content\/uploads\/2024\/10\/wilmar.jpg","width":800,"height":491,"caption":"????????????????????????????????????"},{"@type":"BreadcrumbList","@id":"https:\/\/digitalsantotome.com.ar\/?p=8434#breadcrumb","itemListElement":[{"@type":"ListItem","position":1,"name":"Portada","item":"https:\/\/digitalsantotome.com.ar\/"},{"@type":"ListItem","position":2,"name":"Puente internacional: Consideran como positivo que se hayan realizado audiencias p\u00fablicas"}]},{"@type":"WebSite","@id":"https:\/\/digitalsantotome.com.ar\/#website","url":"https:\/\/digitalsantotome.com.ar\/","name":"Digital Santo Tom\u00e9","description":"Noticias desde Santo Tom\u00e9 al Mundo \u2013 La informacion que decide","publisher":{"@id":"https:\/\/digitalsantotome.com.ar\/#organization"},"potentialAction":[{"@type":"SearchAction","target":{"@type":"EntryPoint","urlTemplate":"https:\/\/digitalsantotome.com.ar\/?s={search_term_string}"},"query-input":{"@type":"PropertyValueSpecification","valueRequired":true,"valueName":"search_term_string"}}],"inLanguage":"es"},{"@type":"Organization","@id":"https:\/\/digitalsantotome.com.ar\/#organization","name":"Digital Santo Tom\u00e9","url":"https:\/\/digitalsantotome.com.ar\/","logo":{"@type":"ImageObject","inLanguage":"es","@id":"https:\/\/digitalsantotome.com.ar\/#\/schema\/logo\/image\/","url":"https:\/\/digitalsantotome.com.ar\/wp-content\/uploads\/2023\/01\/facebook.jpg","contentUrl":"https:\/\/digitalsantotome.com.ar\/wp-content\/uploads\/2023\/01\/facebook.jpg","width":512,"height":376,"caption":"Digital Santo Tom\u00e9"},"image":{"@id":"https:\/\/digitalsantotome.com.ar\/#\/schema\/logo\/image\/"}},{"@type":"Person","@id":"https:\/\/digitalsantotome.com.ar\/#\/schema\/person\/8991d8822886fedd92ce7f03817e1bdf","name":"Jose Carlos Machado","url":"https:\/\/digitalsantotome.com.ar\/?author=2"}]}},"_links":{"self":[{"href":"https:\/\/digitalsantotome.com.ar\/index.php?rest_route=\/wp\/v2\/posts\/8434","targetHints":{"allow":["GET"]}}],"collection":[{"href":"https:\/\/digitalsantotome.com.ar\/index.php?rest_route=\/wp\/v2\/posts"}],"about":[{"href":"https:\/\/digitalsantotome.com.ar\/index.php?rest_route=\/wp\/v2\/types\/post"}],"author":[{"embeddable":true,"href":"https:\/\/digitalsantotome.com.ar\/index.php?rest_route=\/wp\/v2\/users\/2"}],"replies":[{"embeddable":true,"href":"https:\/\/digitalsantotome.com.ar\/index.php?rest_route=%2Fwp%2Fv2%2Fcomments&post=8434"}],"version-history":[{"count":4,"href":"https:\/\/digitalsantotome.com.ar\/index.php?rest_route=\/wp\/v2\/posts\/8434\/revisions"}],"predecessor-version":[{"id":8440,"href":"https:\/\/digitalsantotome.com.ar\/index.php?rest_route=\/wp\/v2\/posts\/8434\/revisions\/8440"}],"wp:featuredmedia":[{"embeddable":true,"href":"https:\/\/digitalsantotome.com.ar\/index.php?rest_route=\/wp\/v2\/media\/8435"}],"wp:attachment":[{"href":"https:\/\/digitalsantotome.com.ar\/index.php?rest_route=%2Fwp%2Fv2%2Fmedia&parent=8434"}],"wp:term":[{"taxonomy":"category","embeddable":true,"href":"https:\/\/digitalsantotome.com.ar\/index.php?rest_route=%2Fwp%2Fv2%2Fcategories&post=8434"},{"taxonomy":"post_tag","embeddable":true,"href":"https:\/\/digitalsantotome.com.ar\/index.php?rest_route=%2Fwp%2Fv2%2Ftags&post=8434"}],"curies":[{"name":"wp","href":"https:\/\/api.w.org\/{rel}","templated":true}]}}