{"id":8552,"date":"2024-10-20T07:45:28","date_gmt":"2024-10-20T10:45:28","guid":{"rendered":"https:\/\/digitalsantotome.com.ar\/?p=8552"},"modified":"2024-10-20T08:29:45","modified_gmt":"2024-10-20T11:29:45","slug":"intendente-correntino-tomo-la-decision-de-reparar-la-autovia-14-ante-la-desidia-de-vialidad-nacional-y-caminos-del-rio-uruguay","status":"publish","type":"post","link":"https:\/\/digitalsantotome.com.ar\/?p=8552","title":{"rendered":"Tincho Asc\u00faa tom\u00f3 la decisi\u00f3n de reparar la Autov\u00eda 14 ante la desidia de Vialidad Nacional y Caminos del R\u00edo Uruguay"},"content":{"rendered":"<p>PASO DE LOS LIBRES. El intendente de Paso de los Libres, Mart\u00edn \u201cTincho\u201d Asc\u00faa, inform\u00f3 que la Municipalidad se har\u00e1 cargo de la reparaci\u00f3n provisoria de la Ruta Nacional N\u00b0 117, a pesar de no ser su responsabilidad. Tras a\u00f1os de abandono por parte de Vialidad Nacional y la concesionaria Caminos del R\u00edo Uruguay S.A., Asc\u00faa resolvi\u00f3 intervenir ante el evidente deterioro del tramo que conecta la ciudad con el Puente Internacional \u00abAgust\u00edn P. Justo &#8211; Getulio Vargas\u00bb, y que pone en peligro la vida de miles de libre\u00f1os que circulan por all\u00ed diariamente.<\/p>\n<p>En el considerando de la resoluci\u00f3n, se detalla c\u00f3mo el Municipio ha agotado todas las v\u00edas legales y administrativas posibles. A pesar de enviar cartas documento (CD 270178805 y CD 117439037) y promover una acci\u00f3n judicial de amparo ante el Juzgado Federal local, la respuesta de las entidades responsables ha sido un reconocimiento t\u00e1cito de la destrucci\u00f3n de la v\u00eda, pero sin soluciones inmediatas.<\/p>\n<p>Vialidad Nacional admiti\u00f3 en varios informes internos que desde el a\u00f1o 2001 no se ha realizado ninguna obra significativa en el tramo cr\u00edtico entre el kil\u00f3metro 8 y el inicio del puente, agravando una situaci\u00f3n que ha sido advertida desde hace a\u00f1os por memor\u00e1ndums internos y reportes de supervisi\u00f3n que nunca derivaron en acciones concretas.<\/p>\n<p>Asc\u00faa, bas\u00e1ndose en las facultades que le otorga la Constituci\u00f3n Nacional, la Constituci\u00f3n de la Provincia de Corrientes y la Carta Org\u00e1nica Municipal, resolvi\u00f3 ejecutar trabajos m\u00ednimos de reparaci\u00f3n y mantenimiento para salvaguardar la seguridad vial. La decisi\u00f3n busca evitar accidentes y proteger a la comunidad mientras los responsables nacionales y la concesionaria contin\u00faan sin dar respuestas ni comprometerse a soluciones en el corto o mediano plazo.<\/p>\n<p>Con esta acci\u00f3n, el Municipio no solo interviene para evitar el da\u00f1o, sino que reclama que los costos sean reembolsados por las entidades responsables. Amparado en el art\u00edculo 75 inciso 30 de la Constituci\u00f3n Nacional, el 234 de la Constituci\u00f3n de la Provincia de Corrientes, el art\u00edculo 1710 inciso b del C\u00f3digo Civil y Comercial de la Naci\u00f3n y el articulo 19 inciso 25 y 29 de la Carta Organica Municipal. La obra ser\u00e1 realizada con se\u00f1alizaci\u00f3n y medidas de prevenci\u00f3n adecuadas, sin cortar totalmente el tr\u00e1nsito.<\/p>\n<p>Adem\u00e1s, el intendente invit\u00f3 al Concejo Deliberante a declarar la emergencia vial en la Ruta Nacional N\u00b0 117 y respaldar institucionalmente esta medida. Con este gesto, Asc\u00faa no solo se pone del lado de los vecinos de Paso de los Libres, sino que deja claro que, ante la desidia de los organismos nacionales, es el Municipio quien tomar\u00e1 la iniciativa para garantizar la seguridad de todos.<\/p>\n<p>Fuente: El Liberal (Corrientes)<\/p>\n","protected":false},"excerpt":{"rendered":"<p>PASO DE LOS LIBRES. El intendente de Paso de los Libres, Mart\u00edn \u201cTincho\u201d Asc\u00faa, inform\u00f3 que la Municipalidad se har\u00e1 cargo de la reparaci\u00f3n provisoria de la Ruta Nacional N\u00b0 117, a pesar de no ser su responsabilidad. Tras a\u00f1os de abandono por parte de Vialidad Nacional y la concesionaria Caminos del R\u00edo Uruguay S.A.,&#8230;<\/p>\n","protected":false},"author":2,"featured_media":8553,"comment_status":"closed","ping_status":"closed","sticky":false,"template":"","format":"standard","meta":{"_kad_post_transparent":"default","_kad_post_title":"default","_kad_post_layout":"default","_kad_post_sidebar_id":"","_kad_post_content_style":"default","_kad_post_vertical_padding":"default","_kad_post_feature":"","_kad_post_feature_position":"","_kad_post_header":false,"_kad_post_footer":false,"_kad_post_classname":"","footnotes":""},"categories":[1],"tags":[],"class_list":["post-8552","post","type-post","status-publish","format-standard","has-post-thumbnail","hentry","category-locales"],"a3_pvc":{"activated":false,"total_views":0,"today_views":0},"yoast_head":"<!-- This site is optimized with the Yoast SEO plugin v27.5 - https:\/\/yoast.com\/product\/yoast-seo-wordpress\/ -->\n<title>Tincho Asc\u00faa tom\u00f3 la decisi\u00f3n de reparar la Autov\u00eda 14 ante la desidia de Vialidad Nacional y Caminos del R\u00edo Uruguay - Digital Santo Tom\u00e9<\/title>\n<meta name=\"robots\" content=\"index, follow, max-snippet:-1, max-image-preview:large, max-video-preview:-1\" \/>\n<link rel=\"canonical\" href=\"https:\/\/digitalsantotome.com.ar\/?p=8552\" \/>\n<meta property=\"og:locale\" content=\"es_ES\" \/>\n<meta property=\"og:type\" content=\"article\" \/>\n<meta property=\"og:title\" content=\"Tincho Asc\u00faa tom\u00f3 la decisi\u00f3n de reparar la Autov\u00eda 14 ante la desidia de Vialidad Nacional y Caminos del R\u00edo Uruguay - Digital Santo Tom\u00e9\" \/>\n<meta property=\"og:description\" content=\"PASO DE LOS LIBRES. El intendente de Paso de los Libres, Mart\u00edn \u201cTincho\u201d Asc\u00faa, inform\u00f3 que la Municipalidad se har\u00e1 cargo de la reparaci\u00f3n provisoria de la Ruta Nacional N\u00b0 117, a pesar de no ser su responsabilidad. Tras a\u00f1os de abandono por parte de Vialidad Nacional y la concesionaria Caminos del R\u00edo Uruguay S.A.,...\" \/>\n<meta property=\"og:url\" content=\"https:\/\/digitalsantotome.com.ar\/?p=8552\" \/>\n<meta property=\"og:site_name\" content=\"Digital Santo Tom\u00e9\" \/>\n<meta property=\"article:published_time\" content=\"2024-10-20T10:45:28+00:00\" \/>\n<meta property=\"article:modified_time\" content=\"2024-10-20T11:29:45+00:00\" \/>\n<meta property=\"og:image\" content=\"https:\/\/digitalsantotome.com.ar\/wp-content\/uploads\/2024\/10\/tincho68.jpg\" \/>\n\t<meta property=\"og:image:width\" content=\"648\" \/>\n\t<meta property=\"og:image:height\" content=\"362\" \/>\n\t<meta property=\"og:image:type\" content=\"image\/jpeg\" \/>\n<meta name=\"author\" content=\"Jose Carlos Machado\" \/>\n<meta name=\"twitter:card\" content=\"summary_large_image\" \/>\n<meta name=\"twitter:label1\" content=\"Escrito por\" \/>\n\t<meta name=\"twitter:data1\" content=\"Jose Carlos Machado\" \/>\n\t<meta name=\"twitter:label2\" content=\"Tiempo de lectura\" \/>\n\t<meta name=\"twitter:data2\" content=\"3 minutos\" \/>\n<script type=\"application\/ld+json\" class=\"yoast-schema-graph\">{\"@context\":\"https:\\\/\\\/schema.org\",\"@graph\":[{\"@type\":\"Article\",\"@id\":\"https:\\\/\\\/digitalsantotome.com.ar\\\/?p=8552#article\",\"isPartOf\":{\"@id\":\"https:\\\/\\\/digitalsantotome.com.ar\\\/?p=8552\"},\"author\":{\"name\":\"Jose Carlos Machado\",\"@id\":\"https:\\\/\\\/digitalsantotome.com.ar\\\/#\\\/schema\\\/person\\\/8991d8822886fedd92ce7f03817e1bdf\"},\"headline\":\"Tincho Asc\u00faa tom\u00f3 la decisi\u00f3n de reparar la Autov\u00eda 14 ante la desidia de Vialidad Nacional y Caminos del R\u00edo Uruguay\",\"datePublished\":\"2024-10-20T10:45:28+00:00\",\"dateModified\":\"2024-10-20T11:29:45+00:00\",\"mainEntityOfPage\":{\"@id\":\"https:\\\/\\\/digitalsantotome.com.ar\\\/?p=8552\"},\"wordCount\":494,\"publisher\":{\"@id\":\"https:\\\/\\\/digitalsantotome.com.ar\\\/#organization\"},\"image\":{\"@id\":\"https:\\\/\\\/digitalsantotome.com.ar\\\/?p=8552#primaryimage\"},\"thumbnailUrl\":\"https:\\\/\\\/digitalsantotome.com.ar\\\/wp-content\\\/uploads\\\/2024\\\/10\\\/tincho68.jpg\",\"articleSection\":[\"Locales\"],\"inLanguage\":\"es\"},{\"@type\":\"WebPage\",\"@id\":\"https:\\\/\\\/digitalsantotome.com.ar\\\/?p=8552\",\"url\":\"https:\\\/\\\/digitalsantotome.com.ar\\\/?p=8552\",\"name\":\"Tincho Asc\u00faa tom\u00f3 la decisi\u00f3n de reparar la Autov\u00eda 14 ante la desidia de Vialidad Nacional y Caminos del R\u00edo Uruguay - Digital Santo Tom\u00e9\",\"isPartOf\":{\"@id\":\"https:\\\/\\\/digitalsantotome.com.ar\\\/#website\"},\"primaryImageOfPage\":{\"@id\":\"https:\\\/\\\/digitalsantotome.com.ar\\\/?p=8552#primaryimage\"},\"image\":{\"@id\":\"https:\\\/\\\/digitalsantotome.com.ar\\\/?p=8552#primaryimage\"},\"thumbnailUrl\":\"https:\\\/\\\/digitalsantotome.com.ar\\\/wp-content\\\/uploads\\\/2024\\\/10\\\/tincho68.jpg\",\"datePublished\":\"2024-10-20T10:45:28+00:00\",\"dateModified\":\"2024-10-20T11:29:45+00:00\",\"breadcrumb\":{\"@id\":\"https:\\\/\\\/digitalsantotome.com.ar\\\/?p=8552#breadcrumb\"},\"inLanguage\":\"es\",\"potentialAction\":[{\"@type\":\"ReadAction\",\"target\":[\"https:\\\/\\\/digitalsantotome.com.ar\\\/?p=8552\"]}]},{\"@type\":\"ImageObject\",\"inLanguage\":\"es\",\"@id\":\"https:\\\/\\\/digitalsantotome.com.ar\\\/?p=8552#primaryimage\",\"url\":\"https:\\\/\\\/digitalsantotome.com.ar\\\/wp-content\\\/uploads\\\/2024\\\/10\\\/tincho68.jpg\",\"contentUrl\":\"https:\\\/\\\/digitalsantotome.com.ar\\\/wp-content\\\/uploads\\\/2024\\\/10\\\/tincho68.jpg\",\"width\":648,\"height\":362},{\"@type\":\"BreadcrumbList\",\"@id\":\"https:\\\/\\\/digitalsantotome.com.ar\\\/?p=8552#breadcrumb\",\"itemListElement\":[{\"@type\":\"ListItem\",\"position\":1,\"name\":\"Portada\",\"item\":\"https:\\\/\\\/digitalsantotome.com.ar\\\/\"},{\"@type\":\"ListItem\",\"position\":2,\"name\":\"Tincho Asc\u00faa tom\u00f3 la decisi\u00f3n de reparar la Autov\u00eda 14 ante la desidia de Vialidad Nacional y Caminos del R\u00edo Uruguay\"}]},{\"@type\":\"WebSite\",\"@id\":\"https:\\\/\\\/digitalsantotome.com.ar\\\/#website\",\"url\":\"https:\\\/\\\/digitalsantotome.com.ar\\\/\",\"name\":\"Digital Santo Tom\u00e9\",\"description\":\"Noticias desde Santo Tom\u00e9 al Mundo \u2013 La informacion que decide\",\"publisher\":{\"@id\":\"https:\\\/\\\/digitalsantotome.com.ar\\\/#organization\"},\"potentialAction\":[{\"@type\":\"SearchAction\",\"target\":{\"@type\":\"EntryPoint\",\"urlTemplate\":\"https:\\\/\\\/digitalsantotome.com.ar\\\/?s={search_term_string}\"},\"query-input\":{\"@type\":\"PropertyValueSpecification\",\"valueRequired\":true,\"valueName\":\"search_term_string\"}}],\"inLanguage\":\"es\"},{\"@type\":\"Organization\",\"@id\":\"https:\\\/\\\/digitalsantotome.com.ar\\\/#organization\",\"name\":\"Digital Santo Tom\u00e9\",\"url\":\"https:\\\/\\\/digitalsantotome.com.ar\\\/\",\"logo\":{\"@type\":\"ImageObject\",\"inLanguage\":\"es\",\"@id\":\"https:\\\/\\\/digitalsantotome.com.ar\\\/#\\\/schema\\\/logo\\\/image\\\/\",\"url\":\"https:\\\/\\\/digitalsantotome.com.ar\\\/wp-content\\\/uploads\\\/2023\\\/01\\\/facebook.jpg\",\"contentUrl\":\"https:\\\/\\\/digitalsantotome.com.ar\\\/wp-content\\\/uploads\\\/2023\\\/01\\\/facebook.jpg\",\"width\":512,\"height\":376,\"caption\":\"Digital Santo Tom\u00e9\"},\"image\":{\"@id\":\"https:\\\/\\\/digitalsantotome.com.ar\\\/#\\\/schema\\\/logo\\\/image\\\/\"}},{\"@type\":\"Person\",\"@id\":\"https:\\\/\\\/digitalsantotome.com.ar\\\/#\\\/schema\\\/person\\\/8991d8822886fedd92ce7f03817e1bdf\",\"name\":\"Jose Carlos Machado\",\"url\":\"https:\\\/\\\/digitalsantotome.com.ar\\\/?author=2\"}]}<\/script>\n<!-- \/ Yoast SEO plugin. -->","yoast_head_json":{"title":"Tincho Asc\u00faa tom\u00f3 la decisi\u00f3n de reparar la Autov\u00eda 14 ante la desidia de Vialidad Nacional y Caminos del R\u00edo Uruguay - Digital Santo Tom\u00e9","robots":{"index":"index","follow":"follow","max-snippet":"max-snippet:-1","max-image-preview":"max-image-preview:large","max-video-preview":"max-video-preview:-1"},"canonical":"https:\/\/digitalsantotome.com.ar\/?p=8552","og_locale":"es_ES","og_type":"article","og_title":"Tincho Asc\u00faa tom\u00f3 la decisi\u00f3n de reparar la Autov\u00eda 14 ante la desidia de Vialidad Nacional y Caminos del R\u00edo Uruguay - Digital Santo Tom\u00e9","og_description":"PASO DE LOS LIBRES. El intendente de Paso de los Libres, Mart\u00edn \u201cTincho\u201d Asc\u00faa, inform\u00f3 que la Municipalidad se har\u00e1 cargo de la reparaci\u00f3n provisoria de la Ruta Nacional N\u00b0 117, a pesar de no ser su responsabilidad. Tras a\u00f1os de abandono por parte de Vialidad Nacional y la concesionaria Caminos del R\u00edo Uruguay S.A.,...","og_url":"https:\/\/digitalsantotome.com.ar\/?p=8552","og_site_name":"Digital Santo Tom\u00e9","article_published_time":"2024-10-20T10:45:28+00:00","article_modified_time":"2024-10-20T11:29:45+00:00","og_image":[{"width":648,"height":362,"url":"https:\/\/digitalsantotome.com.ar\/wp-content\/uploads\/2024\/10\/tincho68.jpg","type":"image\/jpeg"}],"author":"Jose Carlos Machado","twitter_card":"summary_large_image","twitter_misc":{"Escrito por":"Jose Carlos Machado","Tiempo de lectura":"3 minutos"},"schema":{"@context":"https:\/\/schema.org","@graph":[{"@type":"Article","@id":"https:\/\/digitalsantotome.com.ar\/?p=8552#article","isPartOf":{"@id":"https:\/\/digitalsantotome.com.ar\/?p=8552"},"author":{"name":"Jose Carlos Machado","@id":"https:\/\/digitalsantotome.com.ar\/#\/schema\/person\/8991d8822886fedd92ce7f03817e1bdf"},"headline":"Tincho Asc\u00faa tom\u00f3 la decisi\u00f3n de reparar la Autov\u00eda 14 ante la desidia de Vialidad Nacional y Caminos del R\u00edo Uruguay","datePublished":"2024-10-20T10:45:28+00:00","dateModified":"2024-10-20T11:29:45+00:00","mainEntityOfPage":{"@id":"https:\/\/digitalsantotome.com.ar\/?p=8552"},"wordCount":494,"publisher":{"@id":"https:\/\/digitalsantotome.com.ar\/#organization"},"image":{"@id":"https:\/\/digitalsantotome.com.ar\/?p=8552#primaryimage"},"thumbnailUrl":"https:\/\/digitalsantotome.com.ar\/wp-content\/uploads\/2024\/10\/tincho68.jpg","articleSection":["Locales"],"inLanguage":"es"},{"@type":"WebPage","@id":"https:\/\/digitalsantotome.com.ar\/?p=8552","url":"https:\/\/digitalsantotome.com.ar\/?p=8552","name":"Tincho Asc\u00faa tom\u00f3 la decisi\u00f3n de reparar la Autov\u00eda 14 ante la desidia de Vialidad Nacional y Caminos del R\u00edo Uruguay - Digital Santo Tom\u00e9","isPartOf":{"@id":"https:\/\/digitalsantotome.com.ar\/#website"},"primaryImageOfPage":{"@id":"https:\/\/digitalsantotome.com.ar\/?p=8552#primaryimage"},"image":{"@id":"https:\/\/digitalsantotome.com.ar\/?p=8552#primaryimage"},"thumbnailUrl":"https:\/\/digitalsantotome.com.ar\/wp-content\/uploads\/2024\/10\/tincho68.jpg","datePublished":"2024-10-20T10:45:28+00:00","dateModified":"2024-10-20T11:29:45+00:00","breadcrumb":{"@id":"https:\/\/digitalsantotome.com.ar\/?p=8552#breadcrumb"},"inLanguage":"es","potentialAction":[{"@type":"ReadAction","target":["https:\/\/digitalsantotome.com.ar\/?p=8552"]}]},{"@type":"ImageObject","inLanguage":"es","@id":"https:\/\/digitalsantotome.com.ar\/?p=8552#primaryimage","url":"https:\/\/digitalsantotome.com.ar\/wp-content\/uploads\/2024\/10\/tincho68.jpg","contentUrl":"https:\/\/digitalsantotome.com.ar\/wp-content\/uploads\/2024\/10\/tincho68.jpg","width":648,"height":362},{"@type":"BreadcrumbList","@id":"https:\/\/digitalsantotome.com.ar\/?p=8552#breadcrumb","itemListElement":[{"@type":"ListItem","position":1,"name":"Portada","item":"https:\/\/digitalsantotome.com.ar\/"},{"@type":"ListItem","position":2,"name":"Tincho Asc\u00faa tom\u00f3 la decisi\u00f3n de reparar la Autov\u00eda 14 ante la desidia de Vialidad Nacional y Caminos del R\u00edo Uruguay"}]},{"@type":"WebSite","@id":"https:\/\/digitalsantotome.com.ar\/#website","url":"https:\/\/digitalsantotome.com.ar\/","name":"Digital Santo Tom\u00e9","description":"Noticias desde Santo Tom\u00e9 al Mundo \u2013 La informacion que decide","publisher":{"@id":"https:\/\/digitalsantotome.com.ar\/#organization"},"potentialAction":[{"@type":"SearchAction","target":{"@type":"EntryPoint","urlTemplate":"https:\/\/digitalsantotome.com.ar\/?s={search_term_string}"},"query-input":{"@type":"PropertyValueSpecification","valueRequired":true,"valueName":"search_term_string"}}],"inLanguage":"es"},{"@type":"Organization","@id":"https:\/\/digitalsantotome.com.ar\/#organization","name":"Digital Santo Tom\u00e9","url":"https:\/\/digitalsantotome.com.ar\/","logo":{"@type":"ImageObject","inLanguage":"es","@id":"https:\/\/digitalsantotome.com.ar\/#\/schema\/logo\/image\/","url":"https:\/\/digitalsantotome.com.ar\/wp-content\/uploads\/2023\/01\/facebook.jpg","contentUrl":"https:\/\/digitalsantotome.com.ar\/wp-content\/uploads\/2023\/01\/facebook.jpg","width":512,"height":376,"caption":"Digital Santo Tom\u00e9"},"image":{"@id":"https:\/\/digitalsantotome.com.ar\/#\/schema\/logo\/image\/"}},{"@type":"Person","@id":"https:\/\/digitalsantotome.com.ar\/#\/schema\/person\/8991d8822886fedd92ce7f03817e1bdf","name":"Jose Carlos Machado","url":"https:\/\/digitalsantotome.com.ar\/?author=2"}]}},"_links":{"self":[{"href":"https:\/\/digitalsantotome.com.ar\/index.php?rest_route=\/wp\/v2\/posts\/8552","targetHints":{"allow":["GET"]}}],"collection":[{"href":"https:\/\/digitalsantotome.com.ar\/index.php?rest_route=\/wp\/v2\/posts"}],"about":[{"href":"https:\/\/digitalsantotome.com.ar\/index.php?rest_route=\/wp\/v2\/types\/post"}],"author":[{"embeddable":true,"href":"https:\/\/digitalsantotome.com.ar\/index.php?rest_route=\/wp\/v2\/users\/2"}],"replies":[{"embeddable":true,"href":"https:\/\/digitalsantotome.com.ar\/index.php?rest_route=%2Fwp%2Fv2%2Fcomments&post=8552"}],"version-history":[{"count":2,"href":"https:\/\/digitalsantotome.com.ar\/index.php?rest_route=\/wp\/v2\/posts\/8552\/revisions"}],"predecessor-version":[{"id":8555,"href":"https:\/\/digitalsantotome.com.ar\/index.php?rest_route=\/wp\/v2\/posts\/8552\/revisions\/8555"}],"wp:featuredmedia":[{"embeddable":true,"href":"https:\/\/digitalsantotome.com.ar\/index.php?rest_route=\/wp\/v2\/media\/8553"}],"wp:attachment":[{"href":"https:\/\/digitalsantotome.com.ar\/index.php?rest_route=%2Fwp%2Fv2%2Fmedia&parent=8552"}],"wp:term":[{"taxonomy":"category","embeddable":true,"href":"https:\/\/digitalsantotome.com.ar\/index.php?rest_route=%2Fwp%2Fv2%2Fcategories&post=8552"},{"taxonomy":"post_tag","embeddable":true,"href":"https:\/\/digitalsantotome.com.ar\/index.php?rest_route=%2Fwp%2Fv2%2Ftags&post=8552"}],"curies":[{"name":"wp","href":"https:\/\/api.w.org\/{rel}","templated":true}]}}