{"id":8607,"date":"2024-10-24T20:13:03","date_gmt":"2024-10-24T23:13:03","guid":{"rendered":"https:\/\/digitalsantotome.com.ar\/?p=8607"},"modified":"2024-10-25T16:14:47","modified_gmt":"2024-10-25T19:14:47","slug":"autoridades-del-municipio-de-santo-tome-participaron-de-la-celebracion-por-los-cien-anos-de-las-marias","status":"publish","type":"post","link":"https:\/\/digitalsantotome.com.ar\/?p=8607","title":{"rendered":"Autoridades del Municipio de Santo Tom\u00e9 participaron de la celebraci\u00f3n por los cien a\u00f1os de Las Mar\u00edas"},"content":{"rendered":"<p>SANTO TOME. El jefe comunal de Santo Tom\u00e9, Augusto Suaid, quien se encontraba acompa\u00f1ado por el Viceintendente, Carlos Farizano destac\u00f3 a la empresa centenaria, a los fundadores y a los sucesores que siguen el legado de una empresa pionera de excelencia en la regi\u00f3n y en el pa\u00eds.<\/p>\n<p>El intendente se mostr\u00f3 \u201cmuy contento de estar acompa\u00f1ando el festejo de los cien a\u00f1os de esta empresa, que es un motor de desarrollo, no solamente en la regi\u00f3n, sino en toda la Argentina, y es un ejemplo a seguir. As\u00ed que vinimos a acompa\u00f1ar con las diferentes autoridades, y a agradecer la invitaci\u00f3n de los due\u00f1os de esta gran empresa que ha venido a cambiar la realidad local y regional de toda esta zona, as\u00ed que siguiendo con los valores que el fundador de Las Mar\u00edas tuvo, un gran visionario, all\u00e1 por 1924, que hoy los resultados est\u00e1n a la vista teniendo en cuenta que hoy sus hijos, y sus nietos siguieron ese legado, y se ha convertido en una empresa pionera de excelencia, y con salida al mundo\u201d.<\/p>\n<p><img fetchpriority=\"high\" decoding=\"async\" class=\"alignnone size-full wp-image-8609\" src=\"https:\/\/digitalsantotome.com.ar\/wp-content\/uploads\/2024\/10\/IMG-20241024-WA0065.jpg\" alt=\"\" width=\"720\" height=\"480\" srcset=\"https:\/\/digitalsantotome.com.ar\/wp-content\/uploads\/2024\/10\/IMG-20241024-WA0065.jpg 720w, https:\/\/digitalsantotome.com.ar\/wp-content\/uploads\/2024\/10\/IMG-20241024-WA0065-300x200.jpg 300w\" sizes=\"(max-width: 720px) 100vw, 720px\" \/><\/p>\n<p>En el marco de los festejos, hubo un recibimiento protocolar de autoridades e invitados en el predio del Instituto Agrot\u00e9cnico y fundaci\u00f3n educativa, donde entre los presentes estuvieron el Gobernador, Gustavo Vald\u00e9s, el Vicegobernador, Pedro Braillard Poccard; el presidente de la C\u00e1mara de Diputados, funcionarios provinciales, intendentes de la zona, exgobernadores, empresarios invitados, entre otras personas destacadas. Cerca del mediod\u00eda, y ya en el predio productivo de la empresa, se desarroll\u00f3 un almuerzo de camarader\u00eda, donde las autoridades municipales de Santo Tom\u00e9 hicieron entrega de la Resoluci\u00f3n N\u00b06216\/24 mediante la cual se declara de Inter\u00e9s Municipal los festejos por los 100 a\u00f1os de Las Mar\u00edas, agradeciendo el aporte a toda la regi\u00f3n y destacando el legado que han dejado sus fundadores.<\/p>\n<p><strong>Sostener, continuar y mejorar<\/strong><\/p>\n<p>Adolfo Navajas Fournier, director de Las Mar\u00edas y presidente de la Fundaci\u00f3n Victoria Jean Navajas; expres\u00f3 su benepl\u00e1cito por la asistencia excepcional de autoridades de toda la zona.<\/p>\n<p>\u201cEstamos muy contentos por el acto que hemos organizado, por este encuentro, tenemos una asistencia excepcional de autoridades de municipios vecinos, adem\u00e1s de locales,\u00a0 de todos los poderes, de fuerzas de seguridad, amigos, el obispo Monse\u00f1or Montini. Estamos realmente contentos por la convocatoria, que en buena medida es m\u00e9rito de toda la gente que hizo Las Mar\u00edas en todo este tiempo, y que nosotros trataremos de sostener, continuar y mejorar en lo posible\u201d, afirm\u00f3 el empresario.<\/p>\n<p>A\u00f1adi\u00f3: \u201cEstamos satisfechos con los mensajes que escuchamos, tanto del Intendente de Virasoro como del se\u00f1or Gobernador, creo que fueron muy aut\u00e9nticos, fueron al \u2018carac\u00fa\u2019 de Las Mar\u00edas, y realmente los apreciamos\u201d.<\/p>\n<p>En relaci\u00f3n al papel que cumple el Estado respecto a las empresas, Navajas Fournier dijo: \u201cEl Estado es uno de los jugadores l\u00f3gicos en cualquier emprendimiento empresario. El pacto de vivir en sociedad: la empresa se dedica a producir, a generar valor, a generar trabajo,\u00a0 paga sus impuestos. Y el Gobierno, como contrapartida, devuelve en buen servicio p\u00fablico a nivel municipal, provincial o nacional, esos impuestos que la gente paga, y en el caso nuestro la empresa paga. En el caso de Corrientes, nosotros apreciamos especialmente el enfoque amistoso y de defensa que tiene el Gobernador Vald\u00e9s, creemos que tiene muy claro que son las empresas las que generan valor, y como dijo en su discurso, el Gobierno es el que tiene que facilitar, permitir que las empresas trabajen en un buen medio para generar ese valor, ese crecimiento, que en definitiva es trabajo y bienestar para mucha gente. El Gobierno tiene que dejar las cosas facilitadas para que las empresas podamos funcionar bien, y no como a veces pasa, de crear problemas, que no es el caso en Corrientes, felizmente\u201d.<\/p>\n<p><strong>Orgullo de Corrientes<\/strong><\/p>\n<p>El Gobernador Gustavo Vald\u00e9s se mostr\u00f3 muy conforme de participar en el acto por los 100 a\u00f1os de Las Mar\u00edas, y afirm\u00f3 que \u201ces un gran establecimiento de la provincia de Corrientes. Es la empresa s\u00edmbolo de la provincia, as\u00ed que un placer poder estar en estos cien a\u00f1os\u201d.<\/p>\n<p>Durante su alocuci\u00f3n, el primer mandatario provincial dijo que el Gobierno deb\u00eda ser el garante de que a la empresa le vaya bien, y luego redobl\u00f3 la apuesta: \u201cTenemos que tener la responsabilidad de lograr y poner todos los factores de producci\u00f3n para que las empresas tengan \u00e9xito, y que puedan seguir creciendo, como en este caso Las Mar\u00edas, donde se conjuga innovaci\u00f3n, sacrificio, trabajo, responsabilidad social empresaria, educaci\u00f3n, para construir una gran empresa como Las Mar\u00edas\u201d.<\/p>\n<p>Por otro lado, dijo que \u201csi no se invierte en investigaci\u00f3n, en innovaci\u00f3n, es dif\u00edcil tener \u00e9xito en un mundo cada vez m\u00e1s competitivo. Las Mar\u00edas a logrado innovar, ha logrado invertir e investigar, y eso hace que Las Mar\u00edas sea el orgullo de Corrientes\u201d.<\/p>\n<p>&nbsp;<\/p>\n<p>&nbsp;<\/p>\n","protected":false},"excerpt":{"rendered":"<p>SANTO TOME. El jefe comunal de Santo Tom\u00e9, Augusto Suaid, quien se encontraba acompa\u00f1ado por el Viceintendente, Carlos Farizano destac\u00f3 a la empresa centenaria, a los fundadores y a los sucesores que siguen el legado de una empresa pionera de excelencia en la regi\u00f3n y en el pa\u00eds. El intendente se mostr\u00f3 \u201cmuy contento de&#8230;<\/p>\n","protected":false},"author":2,"featured_media":8608,"comment_status":"closed","ping_status":"closed","sticky":false,"template":"","format":"standard","meta":{"_kad_post_transparent":"default","_kad_post_title":"default","_kad_post_layout":"default","_kad_post_sidebar_id":"","_kad_post_content_style":"default","_kad_post_vertical_padding":"default","_kad_post_feature":"","_kad_post_feature_position":"","_kad_post_header":false,"_kad_post_footer":false,"_kad_post_classname":"","footnotes":""},"categories":[1],"tags":[],"class_list":["post-8607","post","type-post","status-publish","format-standard","has-post-thumbnail","hentry","category-locales"],"a3_pvc":{"activated":false,"total_views":0,"today_views":0},"yoast_head":"<!-- This site is optimized with the Yoast SEO plugin v27.5 - https:\/\/yoast.com\/product\/yoast-seo-wordpress\/ -->\n<title>Autoridades del Municipio de Santo Tom\u00e9 participaron de la celebraci\u00f3n por los cien a\u00f1os de Las Mar\u00edas - Digital Santo Tom\u00e9<\/title>\n<meta name=\"robots\" content=\"index, follow, max-snippet:-1, max-image-preview:large, max-video-preview:-1\" \/>\n<link rel=\"canonical\" href=\"https:\/\/digitalsantotome.com.ar\/?p=8607\" \/>\n<meta property=\"og:locale\" content=\"es_ES\" \/>\n<meta property=\"og:type\" content=\"article\" \/>\n<meta property=\"og:title\" content=\"Autoridades del Municipio de Santo Tom\u00e9 participaron de la celebraci\u00f3n por los cien a\u00f1os de Las Mar\u00edas - Digital Santo Tom\u00e9\" \/>\n<meta property=\"og:description\" content=\"SANTO TOME. El jefe comunal de Santo Tom\u00e9, Augusto Suaid, quien se encontraba acompa\u00f1ado por el Viceintendente, Carlos Farizano destac\u00f3 a la empresa centenaria, a los fundadores y a los sucesores que siguen el legado de una empresa pionera de excelencia en la regi\u00f3n y en el pa\u00eds. El intendente se mostr\u00f3 \u201cmuy contento de...\" \/>\n<meta property=\"og:url\" content=\"https:\/\/digitalsantotome.com.ar\/?p=8607\" \/>\n<meta property=\"og:site_name\" content=\"Digital Santo Tom\u00e9\" \/>\n<meta property=\"article:published_time\" content=\"2024-10-24T23:13:03+00:00\" \/>\n<meta property=\"article:modified_time\" content=\"2024-10-25T19:14:47+00:00\" \/>\n<meta property=\"og:image\" content=\"https:\/\/digitalsantotome.com.ar\/wp-content\/uploads\/2024\/10\/IMG-20241024-WA0064.jpg\" \/>\n\t<meta property=\"og:image:width\" content=\"720\" \/>\n\t<meta property=\"og:image:height\" content=\"480\" \/>\n\t<meta property=\"og:image:type\" content=\"image\/jpeg\" \/>\n<meta name=\"author\" content=\"Jose Carlos Machado\" \/>\n<meta name=\"twitter:card\" content=\"summary_large_image\" \/>\n<meta name=\"twitter:label1\" content=\"Escrito por\" \/>\n\t<meta name=\"twitter:data1\" content=\"Jose Carlos Machado\" \/>\n\t<meta name=\"twitter:label2\" content=\"Tiempo de lectura\" \/>\n\t<meta name=\"twitter:data2\" content=\"5 minutos\" \/>\n<script type=\"application\/ld+json\" class=\"yoast-schema-graph\">{\"@context\":\"https:\\\/\\\/schema.org\",\"@graph\":[{\"@type\":\"Article\",\"@id\":\"https:\\\/\\\/digitalsantotome.com.ar\\\/?p=8607#article\",\"isPartOf\":{\"@id\":\"https:\\\/\\\/digitalsantotome.com.ar\\\/?p=8607\"},\"author\":{\"name\":\"Jose Carlos Machado\",\"@id\":\"https:\\\/\\\/digitalsantotome.com.ar\\\/#\\\/schema\\\/person\\\/8991d8822886fedd92ce7f03817e1bdf\"},\"headline\":\"Autoridades del Municipio de Santo Tom\u00e9 participaron de la celebraci\u00f3n por los cien a\u00f1os de Las Mar\u00edas\",\"datePublished\":\"2024-10-24T23:13:03+00:00\",\"dateModified\":\"2024-10-25T19:14:47+00:00\",\"mainEntityOfPage\":{\"@id\":\"https:\\\/\\\/digitalsantotome.com.ar\\\/?p=8607\"},\"wordCount\":868,\"publisher\":{\"@id\":\"https:\\\/\\\/digitalsantotome.com.ar\\\/#organization\"},\"image\":{\"@id\":\"https:\\\/\\\/digitalsantotome.com.ar\\\/?p=8607#primaryimage\"},\"thumbnailUrl\":\"https:\\\/\\\/digitalsantotome.com.ar\\\/wp-content\\\/uploads\\\/2024\\\/10\\\/IMG-20241024-WA0064.jpg\",\"articleSection\":[\"Locales\"],\"inLanguage\":\"es\"},{\"@type\":\"WebPage\",\"@id\":\"https:\\\/\\\/digitalsantotome.com.ar\\\/?p=8607\",\"url\":\"https:\\\/\\\/digitalsantotome.com.ar\\\/?p=8607\",\"name\":\"Autoridades del Municipio de Santo Tom\u00e9 participaron de la celebraci\u00f3n por los cien a\u00f1os de Las Mar\u00edas - Digital Santo Tom\u00e9\",\"isPartOf\":{\"@id\":\"https:\\\/\\\/digitalsantotome.com.ar\\\/#website\"},\"primaryImageOfPage\":{\"@id\":\"https:\\\/\\\/digitalsantotome.com.ar\\\/?p=8607#primaryimage\"},\"image\":{\"@id\":\"https:\\\/\\\/digitalsantotome.com.ar\\\/?p=8607#primaryimage\"},\"thumbnailUrl\":\"https:\\\/\\\/digitalsantotome.com.ar\\\/wp-content\\\/uploads\\\/2024\\\/10\\\/IMG-20241024-WA0064.jpg\",\"datePublished\":\"2024-10-24T23:13:03+00:00\",\"dateModified\":\"2024-10-25T19:14:47+00:00\",\"breadcrumb\":{\"@id\":\"https:\\\/\\\/digitalsantotome.com.ar\\\/?p=8607#breadcrumb\"},\"inLanguage\":\"es\",\"potentialAction\":[{\"@type\":\"ReadAction\",\"target\":[\"https:\\\/\\\/digitalsantotome.com.ar\\\/?p=8607\"]}]},{\"@type\":\"ImageObject\",\"inLanguage\":\"es\",\"@id\":\"https:\\\/\\\/digitalsantotome.com.ar\\\/?p=8607#primaryimage\",\"url\":\"https:\\\/\\\/digitalsantotome.com.ar\\\/wp-content\\\/uploads\\\/2024\\\/10\\\/IMG-20241024-WA0064.jpg\",\"contentUrl\":\"https:\\\/\\\/digitalsantotome.com.ar\\\/wp-content\\\/uploads\\\/2024\\\/10\\\/IMG-20241024-WA0064.jpg\",\"width\":720,\"height\":480},{\"@type\":\"BreadcrumbList\",\"@id\":\"https:\\\/\\\/digitalsantotome.com.ar\\\/?p=8607#breadcrumb\",\"itemListElement\":[{\"@type\":\"ListItem\",\"position\":1,\"name\":\"Portada\",\"item\":\"https:\\\/\\\/digitalsantotome.com.ar\\\/\"},{\"@type\":\"ListItem\",\"position\":2,\"name\":\"Autoridades del Municipio de Santo Tom\u00e9 participaron de la celebraci\u00f3n por los cien a\u00f1os de Las Mar\u00edas\"}]},{\"@type\":\"WebSite\",\"@id\":\"https:\\\/\\\/digitalsantotome.com.ar\\\/#website\",\"url\":\"https:\\\/\\\/digitalsantotome.com.ar\\\/\",\"name\":\"Digital Santo Tom\u00e9\",\"description\":\"Noticias desde Santo Tom\u00e9 al Mundo \u2013 La informacion que decide\",\"publisher\":{\"@id\":\"https:\\\/\\\/digitalsantotome.com.ar\\\/#organization\"},\"potentialAction\":[{\"@type\":\"SearchAction\",\"target\":{\"@type\":\"EntryPoint\",\"urlTemplate\":\"https:\\\/\\\/digitalsantotome.com.ar\\\/?s={search_term_string}\"},\"query-input\":{\"@type\":\"PropertyValueSpecification\",\"valueRequired\":true,\"valueName\":\"search_term_string\"}}],\"inLanguage\":\"es\"},{\"@type\":\"Organization\",\"@id\":\"https:\\\/\\\/digitalsantotome.com.ar\\\/#organization\",\"name\":\"Digital Santo Tom\u00e9\",\"url\":\"https:\\\/\\\/digitalsantotome.com.ar\\\/\",\"logo\":{\"@type\":\"ImageObject\",\"inLanguage\":\"es\",\"@id\":\"https:\\\/\\\/digitalsantotome.com.ar\\\/#\\\/schema\\\/logo\\\/image\\\/\",\"url\":\"https:\\\/\\\/digitalsantotome.com.ar\\\/wp-content\\\/uploads\\\/2023\\\/01\\\/facebook.jpg\",\"contentUrl\":\"https:\\\/\\\/digitalsantotome.com.ar\\\/wp-content\\\/uploads\\\/2023\\\/01\\\/facebook.jpg\",\"width\":512,\"height\":376,\"caption\":\"Digital Santo Tom\u00e9\"},\"image\":{\"@id\":\"https:\\\/\\\/digitalsantotome.com.ar\\\/#\\\/schema\\\/logo\\\/image\\\/\"}},{\"@type\":\"Person\",\"@id\":\"https:\\\/\\\/digitalsantotome.com.ar\\\/#\\\/schema\\\/person\\\/8991d8822886fedd92ce7f03817e1bdf\",\"name\":\"Jose Carlos Machado\",\"url\":\"https:\\\/\\\/digitalsantotome.com.ar\\\/?author=2\"}]}<\/script>\n<!-- \/ Yoast SEO plugin. -->","yoast_head_json":{"title":"Autoridades del Municipio de Santo Tom\u00e9 participaron de la celebraci\u00f3n por los cien a\u00f1os de Las Mar\u00edas - Digital Santo Tom\u00e9","robots":{"index":"index","follow":"follow","max-snippet":"max-snippet:-1","max-image-preview":"max-image-preview:large","max-video-preview":"max-video-preview:-1"},"canonical":"https:\/\/digitalsantotome.com.ar\/?p=8607","og_locale":"es_ES","og_type":"article","og_title":"Autoridades del Municipio de Santo Tom\u00e9 participaron de la celebraci\u00f3n por los cien a\u00f1os de Las Mar\u00edas - Digital Santo Tom\u00e9","og_description":"SANTO TOME. El jefe comunal de Santo Tom\u00e9, Augusto Suaid, quien se encontraba acompa\u00f1ado por el Viceintendente, Carlos Farizano destac\u00f3 a la empresa centenaria, a los fundadores y a los sucesores que siguen el legado de una empresa pionera de excelencia en la regi\u00f3n y en el pa\u00eds. El intendente se mostr\u00f3 \u201cmuy contento de...","og_url":"https:\/\/digitalsantotome.com.ar\/?p=8607","og_site_name":"Digital Santo Tom\u00e9","article_published_time":"2024-10-24T23:13:03+00:00","article_modified_time":"2024-10-25T19:14:47+00:00","og_image":[{"width":720,"height":480,"url":"https:\/\/digitalsantotome.com.ar\/wp-content\/uploads\/2024\/10\/IMG-20241024-WA0064.jpg","type":"image\/jpeg"}],"author":"Jose Carlos Machado","twitter_card":"summary_large_image","twitter_misc":{"Escrito por":"Jose Carlos Machado","Tiempo de lectura":"5 minutos"},"schema":{"@context":"https:\/\/schema.org","@graph":[{"@type":"Article","@id":"https:\/\/digitalsantotome.com.ar\/?p=8607#article","isPartOf":{"@id":"https:\/\/digitalsantotome.com.ar\/?p=8607"},"author":{"name":"Jose Carlos Machado","@id":"https:\/\/digitalsantotome.com.ar\/#\/schema\/person\/8991d8822886fedd92ce7f03817e1bdf"},"headline":"Autoridades del Municipio de Santo Tom\u00e9 participaron de la celebraci\u00f3n por los cien a\u00f1os de Las Mar\u00edas","datePublished":"2024-10-24T23:13:03+00:00","dateModified":"2024-10-25T19:14:47+00:00","mainEntityOfPage":{"@id":"https:\/\/digitalsantotome.com.ar\/?p=8607"},"wordCount":868,"publisher":{"@id":"https:\/\/digitalsantotome.com.ar\/#organization"},"image":{"@id":"https:\/\/digitalsantotome.com.ar\/?p=8607#primaryimage"},"thumbnailUrl":"https:\/\/digitalsantotome.com.ar\/wp-content\/uploads\/2024\/10\/IMG-20241024-WA0064.jpg","articleSection":["Locales"],"inLanguage":"es"},{"@type":"WebPage","@id":"https:\/\/digitalsantotome.com.ar\/?p=8607","url":"https:\/\/digitalsantotome.com.ar\/?p=8607","name":"Autoridades del Municipio de Santo Tom\u00e9 participaron de la celebraci\u00f3n por los cien a\u00f1os de Las Mar\u00edas - Digital Santo Tom\u00e9","isPartOf":{"@id":"https:\/\/digitalsantotome.com.ar\/#website"},"primaryImageOfPage":{"@id":"https:\/\/digitalsantotome.com.ar\/?p=8607#primaryimage"},"image":{"@id":"https:\/\/digitalsantotome.com.ar\/?p=8607#primaryimage"},"thumbnailUrl":"https:\/\/digitalsantotome.com.ar\/wp-content\/uploads\/2024\/10\/IMG-20241024-WA0064.jpg","datePublished":"2024-10-24T23:13:03+00:00","dateModified":"2024-10-25T19:14:47+00:00","breadcrumb":{"@id":"https:\/\/digitalsantotome.com.ar\/?p=8607#breadcrumb"},"inLanguage":"es","potentialAction":[{"@type":"ReadAction","target":["https:\/\/digitalsantotome.com.ar\/?p=8607"]}]},{"@type":"ImageObject","inLanguage":"es","@id":"https:\/\/digitalsantotome.com.ar\/?p=8607#primaryimage","url":"https:\/\/digitalsantotome.com.ar\/wp-content\/uploads\/2024\/10\/IMG-20241024-WA0064.jpg","contentUrl":"https:\/\/digitalsantotome.com.ar\/wp-content\/uploads\/2024\/10\/IMG-20241024-WA0064.jpg","width":720,"height":480},{"@type":"BreadcrumbList","@id":"https:\/\/digitalsantotome.com.ar\/?p=8607#breadcrumb","itemListElement":[{"@type":"ListItem","position":1,"name":"Portada","item":"https:\/\/digitalsantotome.com.ar\/"},{"@type":"ListItem","position":2,"name":"Autoridades del Municipio de Santo Tom\u00e9 participaron de la celebraci\u00f3n por los cien a\u00f1os de Las Mar\u00edas"}]},{"@type":"WebSite","@id":"https:\/\/digitalsantotome.com.ar\/#website","url":"https:\/\/digitalsantotome.com.ar\/","name":"Digital Santo Tom\u00e9","description":"Noticias desde Santo Tom\u00e9 al Mundo \u2013 La informacion que decide","publisher":{"@id":"https:\/\/digitalsantotome.com.ar\/#organization"},"potentialAction":[{"@type":"SearchAction","target":{"@type":"EntryPoint","urlTemplate":"https:\/\/digitalsantotome.com.ar\/?s={search_term_string}"},"query-input":{"@type":"PropertyValueSpecification","valueRequired":true,"valueName":"search_term_string"}}],"inLanguage":"es"},{"@type":"Organization","@id":"https:\/\/digitalsantotome.com.ar\/#organization","name":"Digital Santo Tom\u00e9","url":"https:\/\/digitalsantotome.com.ar\/","logo":{"@type":"ImageObject","inLanguage":"es","@id":"https:\/\/digitalsantotome.com.ar\/#\/schema\/logo\/image\/","url":"https:\/\/digitalsantotome.com.ar\/wp-content\/uploads\/2023\/01\/facebook.jpg","contentUrl":"https:\/\/digitalsantotome.com.ar\/wp-content\/uploads\/2023\/01\/facebook.jpg","width":512,"height":376,"caption":"Digital Santo Tom\u00e9"},"image":{"@id":"https:\/\/digitalsantotome.com.ar\/#\/schema\/logo\/image\/"}},{"@type":"Person","@id":"https:\/\/digitalsantotome.com.ar\/#\/schema\/person\/8991d8822886fedd92ce7f03817e1bdf","name":"Jose Carlos Machado","url":"https:\/\/digitalsantotome.com.ar\/?author=2"}]}},"_links":{"self":[{"href":"https:\/\/digitalsantotome.com.ar\/index.php?rest_route=\/wp\/v2\/posts\/8607","targetHints":{"allow":["GET"]}}],"collection":[{"href":"https:\/\/digitalsantotome.com.ar\/index.php?rest_route=\/wp\/v2\/posts"}],"about":[{"href":"https:\/\/digitalsantotome.com.ar\/index.php?rest_route=\/wp\/v2\/types\/post"}],"author":[{"embeddable":true,"href":"https:\/\/digitalsantotome.com.ar\/index.php?rest_route=\/wp\/v2\/users\/2"}],"replies":[{"embeddable":true,"href":"https:\/\/digitalsantotome.com.ar\/index.php?rest_route=%2Fwp%2Fv2%2Fcomments&post=8607"}],"version-history":[{"count":1,"href":"https:\/\/digitalsantotome.com.ar\/index.php?rest_route=\/wp\/v2\/posts\/8607\/revisions"}],"predecessor-version":[{"id":8610,"href":"https:\/\/digitalsantotome.com.ar\/index.php?rest_route=\/wp\/v2\/posts\/8607\/revisions\/8610"}],"wp:featuredmedia":[{"embeddable":true,"href":"https:\/\/digitalsantotome.com.ar\/index.php?rest_route=\/wp\/v2\/media\/8608"}],"wp:attachment":[{"href":"https:\/\/digitalsantotome.com.ar\/index.php?rest_route=%2Fwp%2Fv2%2Fmedia&parent=8607"}],"wp:term":[{"taxonomy":"category","embeddable":true,"href":"https:\/\/digitalsantotome.com.ar\/index.php?rest_route=%2Fwp%2Fv2%2Fcategories&post=8607"},{"taxonomy":"post_tag","embeddable":true,"href":"https:\/\/digitalsantotome.com.ar\/index.php?rest_route=%2Fwp%2Fv2%2Ftags&post=8607"}],"curies":[{"name":"wp","href":"https:\/\/api.w.org\/{rel}","templated":true}]}}