{"id":8670,"date":"2024-10-31T07:49:37","date_gmt":"2024-10-31T10:49:37","guid":{"rendered":"https:\/\/digitalsantotome.com.ar\/?p=8670"},"modified":"2024-10-31T16:13:39","modified_gmt":"2024-10-31T19:13:39","slug":"se-viene-la-final-del-torneo-de-primera-division-y-hubo-reunion-de-presidentes","status":"publish","type":"post","link":"https:\/\/digitalsantotome.com.ar\/?p=8670","title":{"rendered":"Se viene la final del torneo de primera divisi\u00f3n y hubo reuni\u00f3n de presidentes"},"content":{"rendered":"<p>SANTO TOME. Maximiliano Silva, el presidente de la Liga Santotome\u00f1a de F\u00fatbol, dio explicaciones respecto de la suspensi\u00f3n de la final del campeonato local de Primera Divisi\u00f3n que estaba previsto para el fin de semana \u00faltimo. Tambi\u00e9n inform\u00f3 en relaci\u00f3n a la reuni\u00f3n de presidentes de clubes que se realiz\u00f3 recientemente donde el tema central fue la seguridad, por los reiterados hechos de violencia que se vienen registrando muy de seguida fecha a fecha. <strong>\u201cLa sociedad est\u00e1 muy violenta, por lo que vamos a reforzar la seguridad para garantizar la integridad f\u00edsica tanto de los jugadores como de los espectadores\u201d,<\/strong> inform\u00f3.<\/p>\n<p>Silva explic\u00f3 que esta determinaci\u00f3n vino a ra\u00edz del lamentable hecho que ocurriera con un jugador de San Lorenzo del Cerro quien fuera asesinado recientemente en esta localidad, pero que los encuentros que ten\u00edan lugar este s\u00e1bado y domingo pasado se llevar\u00e1n a cabo este fin de semana que se avecina.<\/p>\n<p><strong>\u201cHemos decidido suspender la fecha correspondiente a este fin de semana porque se encuentra de luto el f\u00fatbol santotome\u00f1o luego de que fuera asesinado un jugador que ten\u00eda una larga trayectoria en nuestra Liga ya que supo jugar en varios clubes de Santo Tom\u00e9 y era un excelente arquero por lo que lamentamos profundamente lo ocurrido\u201d,<\/strong> enfatiz\u00f3 en la primera parte de la nota.<\/p>\n<p>Luego, en relaci\u00f3n a la reuni\u00f3n de presidentes de clubes, coment\u00f3:<strong> \u201cEl d\u00eda Jueves pasado tuvimos una importante reuni\u00f3n de presidentes en la cual abord\u00f3 el tema seguridad para la \u00faltima fecha del campeonato y bueno, el tema de la inseguridad no es algo nuevo, la sociedad esta muy violenta y tanto yo como presidente de la Liga como los presidentes de los clubes hemos decidido juntarnos para prever todo lo que tenga que ver con este tema a efectos de darle seguridad tanto a los jugadores como a los espectadores\u201d,<\/strong> indic\u00f3.<\/p>\n<p>Dicho esto, inform\u00f3: <strong>\u201cLlegamos a la conclusi\u00f3n que m\u00ednimamente 10 polic\u00edas tendr\u00edan que ser el m\u00ednimo m\u00e1s algunos refuerzos para garantizar la seguridad de los partidos. Este n\u00famero surge algunas conversaciones que mantuvimos con el Jefe de la Unidad Regional Quinta de la Polic\u00eda de Corrientes, pero tambi\u00e9n de com\u00fan acuerdo con los presidentes, llegamos a la conclusi\u00f3n que cuantos m\u00e1s polic\u00edas haya en el estadio es mejor para resguardar la seguridad de los jugadores principalmente, pero tambi\u00e9n del p\u00fablico, sobre todo en esta instancia final donde hay cuatro clubes con posibilidades de llegar que son: Ber\u00f3n de Astrada, Barcelona, Sarmiento y Villa Calma, pero los que dependen de s\u00ed mismo son Ber\u00f3n de Astrada y Barcelona\u201d,<\/strong> detall\u00f3.<\/p>\n<p>Silva dej\u00f3 entrever que esta metodolog\u00eda de aumentar el n\u00famero de polic\u00edas en los encuentros de la Liga Santotome\u00f1a de F\u00fatbol tambi\u00e9n se replicar\u00e1 en las categor\u00edas Femenino, que se va a iniciar ni bien se termine el torneo de Primera Divisi\u00f3n, como as\u00ed tambi\u00e9n el Sub 15, Sub 17.<\/p>\n<p><strong>\u201cLa verdad que me parece muy positivo esto de juntarnos los presidentes para debatir y decidir qu\u00e9 hacer con respecto a estos temas y poder as\u00ed sacar adelante todos juntos el f\u00fatbol de Santo Tom\u00e9\u201d,<\/strong> subray\u00f3.<\/p>\n<p><strong>DEFINICION DE CAMPEONATO CUESTIONADA<\/strong><\/p>\n<p>En cuanto al otro tema que se trat\u00f3 y que tiene que ver con c\u00f3mo se va a definir este campeonato, si por goles, o por una final\u00edsima, dijo: <strong>\u201cAntes de empezar cada campeonato de arma el reglamento del mismo donde queda claro c\u00f3mo se va a jugar, c\u00f3mo se va a definir el campe\u00f3n, y para este torneo qued\u00f3 labrado en acta aprobada por el Consejo Directivo que a definir por puntos, de salir empatados en puntos el que m\u00e1s goles haya convertido, y sino partido ganado entre s\u00ed, es decir, que se alzar\u00e1 con el campeonado el que haya ganado cuando se enfrentaron, y aunque hab\u00edan algunos clubes que no estaban de acuerdo, todos firmaron y avalaron el acta en cuesti\u00f3n, es decir, fue por unanimidad. Nadie esperaba que fuera un campeonato tan disputado donde llegaran dos con el mismo puntaje a la \u00faltima fecha, pero bueno, hay un partido por jugar donde las cosas pueden cambiar porque tranquilamente puede perder el Ber\u00f3n de Astrada y el Barcelona y puede llegar Sarmiento, es decir, se pueden dar diferentes resultados que pueden cambiar esta realidad\u201d,<\/strong> advirti\u00f3.<\/p>\n<p>Tambi\u00e9n record\u00f3 que el Sarmiento llega a esta instancia con posibilidades gracias a una protesta (fallo futbol\u00edstico) que llamativamente lo benefici\u00f3.<\/p>\n<p>Al respecto, Silva sostuvo que <strong>\u201cantes de empezar el torneo tambi\u00e9n se arma el reglamento para prever estas cuestiones de disciplina, y qued\u00f3 constancia en acta que se iban a regir por sistema Comet donde si un jugador no estaba incluido o cargado en el sistema se iba a sancionar, y esta situaci\u00f3n se dio en el caso de Independiente que no estaba incluido como jugador de ese club sino del Club Atl\u00e9tico, por lo que el Sarmiento protest\u00f3 y termin\u00f3 qued\u00e1ndose con los puntos\u201d,<\/strong> explic\u00f3.<\/p>\n<p>Hablando del Tribunal de Penas, y en relaci\u00f3n a la situaci\u00f3n del presidente de ese Tribunal, Miguel Mello quien hace menos de un a\u00f1o atr\u00e1s fue candidato a presidente del Club Sarmiento, se le pregunt\u00f3 si no tendr\u00eda que haberse inhibido para que su fallo no sea cuestionado, y si ten\u00eda conocimiento de esta arbitrariedad, Silva opin\u00f3:<strong> \u201cNo sab\u00eda de esa situaci\u00f3n, pero m\u00e1s all\u00e1 de eso, el Tribunal esta compuesto por tres personas, es decir, adem\u00e1s de Miguel Mello hay otras dos personas que tambi\u00e9n votaron a favor del Sarmiento que son Carlos Alves y Jos\u00e9 Matiauda quienes est\u00e1n desde el inicio resolviendo todas estas cuestiones disciplinarias con quienes yo mantengo una relaci\u00f3n muy cercana\u201d,<\/strong> admiti\u00f3. No obstante, fuentes de primera mano <strong>dan por hecho que los integrantes del tribunal de penas ser\u00edan remozados de cara al campeonato del a\u00f1o pr\u00f3ximo. Las razones es que \u00faltimamente sus fallos no convencen a nadie y una oxigenaci\u00f3n no vendr\u00eda mal.<\/strong><\/p>\n<p>Ya para finalizar, habl\u00f3 en relaci\u00f3n al siempre pol\u00e9mico tema de los \u00e1rbitros en Santo Tom\u00e9 lo que muchas veces obliga a traer \u00e1rbitros de otras localidades.<\/p>\n<p><strong>\u201cEstuvimos analizando la posibilidad de traer \u00e1rbitros de afuera, m\u00e1s precisamente de Virasoro u Ap\u00f3stoles, pero los \u00e1rbitros en cuesti\u00f3n ya est\u00e1n comprometidos y no van a poder asistir por lo que llegamos a un conceso para jugar con \u00e1rbitros locales y ya est\u00e1n definidas las ternas que son: Cachito Pimenta, Peto Viera, y el Sr. Caba\u00f1as\u201d<\/strong>, mencion\u00f3.<\/p>\n<p>En relaci\u00f3n a la posibilidad de un segundo campeonato corto para que los clubes no est\u00e9n mucho tiempo parados, dijo:<strong> \u201cVamos a analizar esa posibilidad; la intenci\u00f3n es que los jugadores no pierdan la pr\u00e1ctica, pero hay que hablar con los clubes, de ellos depende, en la semana lo estaremos definiendo\u201d,<\/strong> asegur\u00f3.<\/p>\n","protected":false},"excerpt":{"rendered":"<p>SANTO TOME. Maximiliano Silva, el presidente de la Liga Santotome\u00f1a de F\u00fatbol, dio explicaciones respecto de la suspensi\u00f3n de la final del campeonato local de Primera Divisi\u00f3n que estaba previsto para el fin de semana \u00faltimo. Tambi\u00e9n inform\u00f3 en relaci\u00f3n a la reuni\u00f3n de presidentes de clubes que se realiz\u00f3 recientemente donde el tema central&#8230;<\/p>\n","protected":false},"author":2,"featured_media":8671,"comment_status":"closed","ping_status":"closed","sticky":false,"template":"","format":"standard","meta":{"_kad_post_transparent":"default","_kad_post_title":"default","_kad_post_layout":"default","_kad_post_sidebar_id":"","_kad_post_content_style":"default","_kad_post_vertical_padding":"default","_kad_post_feature":"","_kad_post_feature_position":"","_kad_post_header":false,"_kad_post_footer":false,"_kad_post_classname":"","footnotes":""},"categories":[1],"tags":[],"class_list":["post-8670","post","type-post","status-publish","format-standard","has-post-thumbnail","hentry","category-locales"],"a3_pvc":{"activated":false,"total_views":0,"today_views":0},"yoast_head":"<!-- This site is optimized with the Yoast SEO plugin v27.5 - https:\/\/yoast.com\/product\/yoast-seo-wordpress\/ -->\n<title>Se viene la final del torneo de primera divisi\u00f3n y hubo reuni\u00f3n de presidentes - Digital Santo Tom\u00e9<\/title>\n<meta name=\"robots\" content=\"index, follow, max-snippet:-1, max-image-preview:large, max-video-preview:-1\" \/>\n<link rel=\"canonical\" href=\"https:\/\/digitalsantotome.com.ar\/?p=8670\" \/>\n<meta property=\"og:locale\" content=\"es_ES\" \/>\n<meta property=\"og:type\" content=\"article\" \/>\n<meta property=\"og:title\" content=\"Se viene la final del torneo de primera divisi\u00f3n y hubo reuni\u00f3n de presidentes - Digital Santo Tom\u00e9\" \/>\n<meta property=\"og:description\" content=\"SANTO TOME. Maximiliano Silva, el presidente de la Liga Santotome\u00f1a de F\u00fatbol, dio explicaciones respecto de la suspensi\u00f3n de la final del campeonato local de Primera Divisi\u00f3n que estaba previsto para el fin de semana \u00faltimo. Tambi\u00e9n inform\u00f3 en relaci\u00f3n a la reuni\u00f3n de presidentes de clubes que se realiz\u00f3 recientemente donde el tema central...\" \/>\n<meta property=\"og:url\" content=\"https:\/\/digitalsantotome.com.ar\/?p=8670\" \/>\n<meta property=\"og:site_name\" content=\"Digital Santo Tom\u00e9\" \/>\n<meta property=\"article:published_time\" content=\"2024-10-31T10:49:37+00:00\" \/>\n<meta property=\"article:modified_time\" content=\"2024-10-31T19:13:39+00:00\" \/>\n<meta property=\"og:image\" content=\"https:\/\/digitalsantotome.com.ar\/wp-content\/uploads\/2024\/10\/liga.jpg\" \/>\n\t<meta property=\"og:image:width\" content=\"855\" \/>\n\t<meta property=\"og:image:height\" content=\"641\" \/>\n\t<meta property=\"og:image:type\" content=\"image\/jpeg\" \/>\n<meta name=\"author\" content=\"Jose Carlos Machado\" \/>\n<meta name=\"twitter:card\" content=\"summary_large_image\" \/>\n<meta name=\"twitter:label1\" content=\"Escrito por\" \/>\n\t<meta name=\"twitter:data1\" content=\"Jose Carlos Machado\" \/>\n\t<meta name=\"twitter:label2\" content=\"Tiempo de lectura\" \/>\n\t<meta name=\"twitter:data2\" content=\"6 minutos\" \/>\n<script type=\"application\/ld+json\" class=\"yoast-schema-graph\">{\"@context\":\"https:\\\/\\\/schema.org\",\"@graph\":[{\"@type\":\"Article\",\"@id\":\"https:\\\/\\\/digitalsantotome.com.ar\\\/?p=8670#article\",\"isPartOf\":{\"@id\":\"https:\\\/\\\/digitalsantotome.com.ar\\\/?p=8670\"},\"author\":{\"name\":\"Jose Carlos Machado\",\"@id\":\"https:\\\/\\\/digitalsantotome.com.ar\\\/#\\\/schema\\\/person\\\/8991d8822886fedd92ce7f03817e1bdf\"},\"headline\":\"Se viene la final del torneo de primera divisi\u00f3n y hubo reuni\u00f3n de presidentes\",\"datePublished\":\"2024-10-31T10:49:37+00:00\",\"dateModified\":\"2024-10-31T19:13:39+00:00\",\"mainEntityOfPage\":{\"@id\":\"https:\\\/\\\/digitalsantotome.com.ar\\\/?p=8670\"},\"wordCount\":1211,\"publisher\":{\"@id\":\"https:\\\/\\\/digitalsantotome.com.ar\\\/#organization\"},\"image\":{\"@id\":\"https:\\\/\\\/digitalsantotome.com.ar\\\/?p=8670#primaryimage\"},\"thumbnailUrl\":\"https:\\\/\\\/digitalsantotome.com.ar\\\/wp-content\\\/uploads\\\/2024\\\/10\\\/liga.jpg\",\"articleSection\":[\"Locales\"],\"inLanguage\":\"es\"},{\"@type\":\"WebPage\",\"@id\":\"https:\\\/\\\/digitalsantotome.com.ar\\\/?p=8670\",\"url\":\"https:\\\/\\\/digitalsantotome.com.ar\\\/?p=8670\",\"name\":\"Se viene la final del torneo de primera divisi\u00f3n y hubo reuni\u00f3n de presidentes - Digital Santo Tom\u00e9\",\"isPartOf\":{\"@id\":\"https:\\\/\\\/digitalsantotome.com.ar\\\/#website\"},\"primaryImageOfPage\":{\"@id\":\"https:\\\/\\\/digitalsantotome.com.ar\\\/?p=8670#primaryimage\"},\"image\":{\"@id\":\"https:\\\/\\\/digitalsantotome.com.ar\\\/?p=8670#primaryimage\"},\"thumbnailUrl\":\"https:\\\/\\\/digitalsantotome.com.ar\\\/wp-content\\\/uploads\\\/2024\\\/10\\\/liga.jpg\",\"datePublished\":\"2024-10-31T10:49:37+00:00\",\"dateModified\":\"2024-10-31T19:13:39+00:00\",\"breadcrumb\":{\"@id\":\"https:\\\/\\\/digitalsantotome.com.ar\\\/?p=8670#breadcrumb\"},\"inLanguage\":\"es\",\"potentialAction\":[{\"@type\":\"ReadAction\",\"target\":[\"https:\\\/\\\/digitalsantotome.com.ar\\\/?p=8670\"]}]},{\"@type\":\"ImageObject\",\"inLanguage\":\"es\",\"@id\":\"https:\\\/\\\/digitalsantotome.com.ar\\\/?p=8670#primaryimage\",\"url\":\"https:\\\/\\\/digitalsantotome.com.ar\\\/wp-content\\\/uploads\\\/2024\\\/10\\\/liga.jpg\",\"contentUrl\":\"https:\\\/\\\/digitalsantotome.com.ar\\\/wp-content\\\/uploads\\\/2024\\\/10\\\/liga.jpg\",\"width\":855,\"height\":641},{\"@type\":\"BreadcrumbList\",\"@id\":\"https:\\\/\\\/digitalsantotome.com.ar\\\/?p=8670#breadcrumb\",\"itemListElement\":[{\"@type\":\"ListItem\",\"position\":1,\"name\":\"Portada\",\"item\":\"https:\\\/\\\/digitalsantotome.com.ar\\\/\"},{\"@type\":\"ListItem\",\"position\":2,\"name\":\"Se viene la final del torneo de primera divisi\u00f3n y hubo reuni\u00f3n de presidentes\"}]},{\"@type\":\"WebSite\",\"@id\":\"https:\\\/\\\/digitalsantotome.com.ar\\\/#website\",\"url\":\"https:\\\/\\\/digitalsantotome.com.ar\\\/\",\"name\":\"Digital Santo Tom\u00e9\",\"description\":\"Noticias desde Santo Tom\u00e9 al Mundo \u2013 La informacion que decide\",\"publisher\":{\"@id\":\"https:\\\/\\\/digitalsantotome.com.ar\\\/#organization\"},\"potentialAction\":[{\"@type\":\"SearchAction\",\"target\":{\"@type\":\"EntryPoint\",\"urlTemplate\":\"https:\\\/\\\/digitalsantotome.com.ar\\\/?s={search_term_string}\"},\"query-input\":{\"@type\":\"PropertyValueSpecification\",\"valueRequired\":true,\"valueName\":\"search_term_string\"}}],\"inLanguage\":\"es\"},{\"@type\":\"Organization\",\"@id\":\"https:\\\/\\\/digitalsantotome.com.ar\\\/#organization\",\"name\":\"Digital Santo Tom\u00e9\",\"url\":\"https:\\\/\\\/digitalsantotome.com.ar\\\/\",\"logo\":{\"@type\":\"ImageObject\",\"inLanguage\":\"es\",\"@id\":\"https:\\\/\\\/digitalsantotome.com.ar\\\/#\\\/schema\\\/logo\\\/image\\\/\",\"url\":\"https:\\\/\\\/digitalsantotome.com.ar\\\/wp-content\\\/uploads\\\/2023\\\/01\\\/facebook.jpg\",\"contentUrl\":\"https:\\\/\\\/digitalsantotome.com.ar\\\/wp-content\\\/uploads\\\/2023\\\/01\\\/facebook.jpg\",\"width\":512,\"height\":376,\"caption\":\"Digital Santo Tom\u00e9\"},\"image\":{\"@id\":\"https:\\\/\\\/digitalsantotome.com.ar\\\/#\\\/schema\\\/logo\\\/image\\\/\"}},{\"@type\":\"Person\",\"@id\":\"https:\\\/\\\/digitalsantotome.com.ar\\\/#\\\/schema\\\/person\\\/8991d8822886fedd92ce7f03817e1bdf\",\"name\":\"Jose Carlos Machado\",\"url\":\"https:\\\/\\\/digitalsantotome.com.ar\\\/?author=2\"}]}<\/script>\n<!-- \/ Yoast SEO plugin. -->","yoast_head_json":{"title":"Se viene la final del torneo de primera divisi\u00f3n y hubo reuni\u00f3n de presidentes - Digital Santo Tom\u00e9","robots":{"index":"index","follow":"follow","max-snippet":"max-snippet:-1","max-image-preview":"max-image-preview:large","max-video-preview":"max-video-preview:-1"},"canonical":"https:\/\/digitalsantotome.com.ar\/?p=8670","og_locale":"es_ES","og_type":"article","og_title":"Se viene la final del torneo de primera divisi\u00f3n y hubo reuni\u00f3n de presidentes - Digital Santo Tom\u00e9","og_description":"SANTO TOME. Maximiliano Silva, el presidente de la Liga Santotome\u00f1a de F\u00fatbol, dio explicaciones respecto de la suspensi\u00f3n de la final del campeonato local de Primera Divisi\u00f3n que estaba previsto para el fin de semana \u00faltimo. Tambi\u00e9n inform\u00f3 en relaci\u00f3n a la reuni\u00f3n de presidentes de clubes que se realiz\u00f3 recientemente donde el tema central...","og_url":"https:\/\/digitalsantotome.com.ar\/?p=8670","og_site_name":"Digital Santo Tom\u00e9","article_published_time":"2024-10-31T10:49:37+00:00","article_modified_time":"2024-10-31T19:13:39+00:00","og_image":[{"width":855,"height":641,"url":"https:\/\/digitalsantotome.com.ar\/wp-content\/uploads\/2024\/10\/liga.jpg","type":"image\/jpeg"}],"author":"Jose Carlos Machado","twitter_card":"summary_large_image","twitter_misc":{"Escrito por":"Jose Carlos Machado","Tiempo de lectura":"6 minutos"},"schema":{"@context":"https:\/\/schema.org","@graph":[{"@type":"Article","@id":"https:\/\/digitalsantotome.com.ar\/?p=8670#article","isPartOf":{"@id":"https:\/\/digitalsantotome.com.ar\/?p=8670"},"author":{"name":"Jose Carlos Machado","@id":"https:\/\/digitalsantotome.com.ar\/#\/schema\/person\/8991d8822886fedd92ce7f03817e1bdf"},"headline":"Se viene la final del torneo de primera divisi\u00f3n y hubo reuni\u00f3n de presidentes","datePublished":"2024-10-31T10:49:37+00:00","dateModified":"2024-10-31T19:13:39+00:00","mainEntityOfPage":{"@id":"https:\/\/digitalsantotome.com.ar\/?p=8670"},"wordCount":1211,"publisher":{"@id":"https:\/\/digitalsantotome.com.ar\/#organization"},"image":{"@id":"https:\/\/digitalsantotome.com.ar\/?p=8670#primaryimage"},"thumbnailUrl":"https:\/\/digitalsantotome.com.ar\/wp-content\/uploads\/2024\/10\/liga.jpg","articleSection":["Locales"],"inLanguage":"es"},{"@type":"WebPage","@id":"https:\/\/digitalsantotome.com.ar\/?p=8670","url":"https:\/\/digitalsantotome.com.ar\/?p=8670","name":"Se viene la final del torneo de primera divisi\u00f3n y hubo reuni\u00f3n de presidentes - Digital Santo Tom\u00e9","isPartOf":{"@id":"https:\/\/digitalsantotome.com.ar\/#website"},"primaryImageOfPage":{"@id":"https:\/\/digitalsantotome.com.ar\/?p=8670#primaryimage"},"image":{"@id":"https:\/\/digitalsantotome.com.ar\/?p=8670#primaryimage"},"thumbnailUrl":"https:\/\/digitalsantotome.com.ar\/wp-content\/uploads\/2024\/10\/liga.jpg","datePublished":"2024-10-31T10:49:37+00:00","dateModified":"2024-10-31T19:13:39+00:00","breadcrumb":{"@id":"https:\/\/digitalsantotome.com.ar\/?p=8670#breadcrumb"},"inLanguage":"es","potentialAction":[{"@type":"ReadAction","target":["https:\/\/digitalsantotome.com.ar\/?p=8670"]}]},{"@type":"ImageObject","inLanguage":"es","@id":"https:\/\/digitalsantotome.com.ar\/?p=8670#primaryimage","url":"https:\/\/digitalsantotome.com.ar\/wp-content\/uploads\/2024\/10\/liga.jpg","contentUrl":"https:\/\/digitalsantotome.com.ar\/wp-content\/uploads\/2024\/10\/liga.jpg","width":855,"height":641},{"@type":"BreadcrumbList","@id":"https:\/\/digitalsantotome.com.ar\/?p=8670#breadcrumb","itemListElement":[{"@type":"ListItem","position":1,"name":"Portada","item":"https:\/\/digitalsantotome.com.ar\/"},{"@type":"ListItem","position":2,"name":"Se viene la final del torneo de primera divisi\u00f3n y hubo reuni\u00f3n de presidentes"}]},{"@type":"WebSite","@id":"https:\/\/digitalsantotome.com.ar\/#website","url":"https:\/\/digitalsantotome.com.ar\/","name":"Digital Santo Tom\u00e9","description":"Noticias desde Santo Tom\u00e9 al Mundo \u2013 La informacion que decide","publisher":{"@id":"https:\/\/digitalsantotome.com.ar\/#organization"},"potentialAction":[{"@type":"SearchAction","target":{"@type":"EntryPoint","urlTemplate":"https:\/\/digitalsantotome.com.ar\/?s={search_term_string}"},"query-input":{"@type":"PropertyValueSpecification","valueRequired":true,"valueName":"search_term_string"}}],"inLanguage":"es"},{"@type":"Organization","@id":"https:\/\/digitalsantotome.com.ar\/#organization","name":"Digital Santo Tom\u00e9","url":"https:\/\/digitalsantotome.com.ar\/","logo":{"@type":"ImageObject","inLanguage":"es","@id":"https:\/\/digitalsantotome.com.ar\/#\/schema\/logo\/image\/","url":"https:\/\/digitalsantotome.com.ar\/wp-content\/uploads\/2023\/01\/facebook.jpg","contentUrl":"https:\/\/digitalsantotome.com.ar\/wp-content\/uploads\/2023\/01\/facebook.jpg","width":512,"height":376,"caption":"Digital Santo Tom\u00e9"},"image":{"@id":"https:\/\/digitalsantotome.com.ar\/#\/schema\/logo\/image\/"}},{"@type":"Person","@id":"https:\/\/digitalsantotome.com.ar\/#\/schema\/person\/8991d8822886fedd92ce7f03817e1bdf","name":"Jose Carlos Machado","url":"https:\/\/digitalsantotome.com.ar\/?author=2"}]}},"_links":{"self":[{"href":"https:\/\/digitalsantotome.com.ar\/index.php?rest_route=\/wp\/v2\/posts\/8670","targetHints":{"allow":["GET"]}}],"collection":[{"href":"https:\/\/digitalsantotome.com.ar\/index.php?rest_route=\/wp\/v2\/posts"}],"about":[{"href":"https:\/\/digitalsantotome.com.ar\/index.php?rest_route=\/wp\/v2\/types\/post"}],"author":[{"embeddable":true,"href":"https:\/\/digitalsantotome.com.ar\/index.php?rest_route=\/wp\/v2\/users\/2"}],"replies":[{"embeddable":true,"href":"https:\/\/digitalsantotome.com.ar\/index.php?rest_route=%2Fwp%2Fv2%2Fcomments&post=8670"}],"version-history":[{"count":3,"href":"https:\/\/digitalsantotome.com.ar\/index.php?rest_route=\/wp\/v2\/posts\/8670\/revisions"}],"predecessor-version":[{"id":8674,"href":"https:\/\/digitalsantotome.com.ar\/index.php?rest_route=\/wp\/v2\/posts\/8670\/revisions\/8674"}],"wp:featuredmedia":[{"embeddable":true,"href":"https:\/\/digitalsantotome.com.ar\/index.php?rest_route=\/wp\/v2\/media\/8671"}],"wp:attachment":[{"href":"https:\/\/digitalsantotome.com.ar\/index.php?rest_route=%2Fwp%2Fv2%2Fmedia&parent=8670"}],"wp:term":[{"taxonomy":"category","embeddable":true,"href":"https:\/\/digitalsantotome.com.ar\/index.php?rest_route=%2Fwp%2Fv2%2Fcategories&post=8670"},{"taxonomy":"post_tag","embeddable":true,"href":"https:\/\/digitalsantotome.com.ar\/index.php?rest_route=%2Fwp%2Fv2%2Ftags&post=8670"}],"curies":[{"name":"wp","href":"https:\/\/api.w.org\/{rel}","templated":true}]}}