{"id":8899,"date":"2024-11-13T15:46:07","date_gmt":"2024-11-13T18:46:07","guid":{"rendered":"https:\/\/digitalsantotome.com.ar\/?p=8899"},"modified":"2024-11-13T15:46:30","modified_gmt":"2024-11-13T18:46:30","slug":"barrionuevo-sobre-el-presupuesto-proponen-un-ajuste-muy-fuerte-en-educacion-y-en-salarios","status":"publish","type":"post","link":"https:\/\/digitalsantotome.com.ar\/?p=8899","title":{"rendered":"Barrionuevo sobre el Presupuesto: \u201cProponen un ajuste muy fuerte en educaci\u00f3n y en salarios\u00bb"},"content":{"rendered":"<p><i><u>CORRIENTES. El senador Mart\u00edn Barrionuevo (PJ), analiz\u00f3 en declaraciones\u00a0 radiales la reuni\u00f3n de los legisladores con el ministro de Hacienda, Marcelo Rivas Piasentini, donde abordaron el Presupuesto 2025 y la situaci\u00f3n econ\u00f3mica de la Provincia y afirm\u00f3 que la ley propone un \u201cajuste muy fuerte en educaci\u00f3n\u201d, demostr\u00f3 con n\u00fameros oficiales que los salarios p\u00fablicos jam\u00e1s superaron la inflaci\u00f3n y cuestion\u00f3 las \u201cprioridades\u201d del gobernador Gustavo Vald\u00e9s y asegur\u00f3 que buscan \u201chacer caja\u201d para la compa\u00f1a.<\/u><\/i><\/p>\n<p>El legislador se\u00f1al\u00f3 que en el c\u00f3nclave del que participaron los diputados y senadores provinciales con funcionarios de la cartera econ\u00f3mica provincial, le manifest\u00f3 al ministro Rivas Piasentini que\u00a0 \u201clos n\u00fameros publicados por usted de la Contadur\u00eda General, lo desmienten claramente\u201d, en obvias declaraciones del ministro\u00a0 respecto de que el salario en Corrientes \u201cle gana a la inflaci\u00f3n\u201d.<\/p>\n<p>\u201cLa variaci\u00f3n del salario 2024 comparado con un a\u00f1o atr\u00e1s, fue del 170% y la inflaci\u00f3n promedio es de 230 %, no hay forma que digan que el salario le ha ganado a la inflaci\u00f3n\u201d, remarc\u00f3 Barrionuevo en declaraciones a LT7.<\/p>\n<p>Y al respecto agreg\u00f3 que \u201clos empleados p\u00fablicos de Corrientes han perdido m\u00e1s de 30 puntos en los \u00faltimos diez meses. Los salarios est\u00e1n por el piso mientras hay recursos para los aumentos\u201d, cuestion\u00f3.<\/p>\n<p>En ese sentido, Barrionuevo detall\u00f3 que \u201cest\u00e1n los 125 mil millones de pesos que se ahorraron en nueve meses y esto implica casi 2 millones de pesos por cada trabajador\u201d.<\/p>\n<p>\u201cEst\u00e1n haciendo caja para gastar el a\u00f1o que viene, que es un a\u00f1o electoral\u201d, expres\u00f3 el senador del PJ en entrevista con LT7 sobre el destino de los recursos.<\/p>\n<p>Por otra parte, respecto de la reuni\u00f3n, cuestion\u00f3 la \u201cactitud de sus pares del oficialismo\u201d: pareciera ser que trabajan a Reglamento, en el Congreso de la Naci\u00f3n hay sesiones marat\u00f3nicas y ac\u00e1 los legisladores del oficialismo, pidi\u00e9ndome que no haga m\u00e1s preguntas porque ya llev\u00e1bamos dos horas\u201d.<\/p>\n<p>\u201cQuedaron muchas cosas inconclusas, pero lo que s\u00ed ha quedado claro es qu\u00e9 hay un ajuste muy fuerte en educaci\u00f3n, lamentablemente es algo que ya viene haciendo este Gobierno que es el que menor porcentaje de los recursos destina a la educaci\u00f3n\u201d.<\/p>\n<p>Y sobre esto mencion\u00f3 que la gobernaci\u00f3n de Colombi dispuso un 35% para Educaci\u00f3n, mientras que Vald\u00e9s en su primer Gobierno, el 30%\u00a0 y en el actual el 28 % , \u201cy en este Presupuesto propone un ajuste a\u00fan m\u00e1s fuerte a la educaci\u00f3n y es importante discutirlo\u201d.<\/p>\n<p>Finalmente, refiri\u00f3 a la exposici\u00f3n del ministro Piasentini que \u201cparece extra\u00f1ar los momentos en que supuestamente \u00e9ramos discriminados por Naci\u00f3n. Estuvo describiendo todos los recortes nacionales de este a\u00f1o, incentivo docente,\u00a0 obras en escuelas, viviendas , agua, cloacas, rutas nacionales, transferencias por el d\u00e9ficit en el sistema previsional\u201d.<\/p>\n<p>\u201cTodo esto lo describi\u00f3 el Ministro de Hacienda en un tono que parec\u00eda decir: \u2018cu\u00e1nto mejor est\u00e1bamos antes\u2019, no lo dijo, pero evidentemente ese era el sentido de sus palabras\u201d, concluy\u00f3 el senador Barrionuevo.<\/p>\n","protected":false},"excerpt":{"rendered":"<p>CORRIENTES. El senador Mart\u00edn Barrionuevo (PJ), analiz\u00f3 en declaraciones\u00a0 radiales la reuni\u00f3n de los legisladores con el ministro de Hacienda, Marcelo Rivas Piasentini, donde abordaron el Presupuesto 2025 y la situaci\u00f3n econ\u00f3mica de la Provincia y afirm\u00f3 que la ley propone un \u201cajuste muy fuerte en educaci\u00f3n\u201d, demostr\u00f3 con n\u00fameros oficiales que los salarios p\u00fablicos&#8230;<\/p>\n","protected":false},"author":2,"featured_media":8900,"comment_status":"closed","ping_status":"closed","sticky":false,"template":"","format":"standard","meta":{"_kad_post_transparent":"default","_kad_post_title":"default","_kad_post_layout":"default","_kad_post_sidebar_id":"","_kad_post_content_style":"default","_kad_post_vertical_padding":"default","_kad_post_feature":"","_kad_post_feature_position":"","_kad_post_header":false,"_kad_post_footer":false,"_kad_post_classname":"","footnotes":""},"categories":[2],"tags":[],"class_list":["post-8899","post","type-post","status-publish","format-standard","has-post-thumbnail","hentry","category-provinciales"],"a3_pvc":{"activated":false,"total_views":0,"today_views":0},"yoast_head":"<!-- This site is optimized with the Yoast SEO plugin v27.5 - https:\/\/yoast.com\/product\/yoast-seo-wordpress\/ -->\n<title>Barrionuevo sobre el Presupuesto: \u201cProponen un ajuste muy fuerte en educaci\u00f3n y en salarios&quot; - Digital Santo Tom\u00e9<\/title>\n<meta name=\"robots\" content=\"index, follow, max-snippet:-1, max-image-preview:large, max-video-preview:-1\" \/>\n<link rel=\"canonical\" href=\"https:\/\/digitalsantotome.com.ar\/?p=8899\" \/>\n<meta property=\"og:locale\" content=\"es_ES\" \/>\n<meta property=\"og:type\" content=\"article\" \/>\n<meta property=\"og:title\" content=\"Barrionuevo sobre el Presupuesto: \u201cProponen un ajuste muy fuerte en educaci\u00f3n y en salarios&quot; - Digital Santo Tom\u00e9\" \/>\n<meta property=\"og:description\" content=\"CORRIENTES. El senador Mart\u00edn Barrionuevo (PJ), analiz\u00f3 en declaraciones\u00a0 radiales la reuni\u00f3n de los legisladores con el ministro de Hacienda, Marcelo Rivas Piasentini, donde abordaron el Presupuesto 2025 y la situaci\u00f3n econ\u00f3mica de la Provincia y afirm\u00f3 que la ley propone un \u201cajuste muy fuerte en educaci\u00f3n\u201d, demostr\u00f3 con n\u00fameros oficiales que los salarios p\u00fablicos...\" \/>\n<meta property=\"og:url\" content=\"https:\/\/digitalsantotome.com.ar\/?p=8899\" \/>\n<meta property=\"og:site_name\" content=\"Digital Santo Tom\u00e9\" \/>\n<meta property=\"article:published_time\" content=\"2024-11-13T18:46:07+00:00\" \/>\n<meta property=\"article:modified_time\" content=\"2024-11-13T18:46:30+00:00\" \/>\n<meta property=\"og:image\" content=\"https:\/\/digitalsantotome.com.ar\/wp-content\/uploads\/2024\/11\/MB.jpeg\" \/>\n\t<meta property=\"og:image:width\" content=\"510\" \/>\n\t<meta property=\"og:image:height\" content=\"245\" \/>\n\t<meta property=\"og:image:type\" content=\"image\/jpeg\" \/>\n<meta name=\"author\" content=\"Jose Carlos Machado\" \/>\n<meta name=\"twitter:card\" content=\"summary_large_image\" \/>\n<meta name=\"twitter:label1\" content=\"Escrito por\" \/>\n\t<meta name=\"twitter:data1\" content=\"Jose Carlos Machado\" \/>\n\t<meta name=\"twitter:label2\" content=\"Tiempo de lectura\" \/>\n\t<meta name=\"twitter:data2\" content=\"3 minutos\" \/>\n<script type=\"application\/ld+json\" class=\"yoast-schema-graph\">{\"@context\":\"https:\\\/\\\/schema.org\",\"@graph\":[{\"@type\":\"Article\",\"@id\":\"https:\\\/\\\/digitalsantotome.com.ar\\\/?p=8899#article\",\"isPartOf\":{\"@id\":\"https:\\\/\\\/digitalsantotome.com.ar\\\/?p=8899\"},\"author\":{\"name\":\"Jose Carlos Machado\",\"@id\":\"https:\\\/\\\/digitalsantotome.com.ar\\\/#\\\/schema\\\/person\\\/8991d8822886fedd92ce7f03817e1bdf\"},\"headline\":\"Barrionuevo sobre el Presupuesto: \u201cProponen un ajuste muy fuerte en educaci\u00f3n y en salarios\u00bb\",\"datePublished\":\"2024-11-13T18:46:07+00:00\",\"dateModified\":\"2024-11-13T18:46:30+00:00\",\"mainEntityOfPage\":{\"@id\":\"https:\\\/\\\/digitalsantotome.com.ar\\\/?p=8899\"},\"wordCount\":539,\"publisher\":{\"@id\":\"https:\\\/\\\/digitalsantotome.com.ar\\\/#organization\"},\"image\":{\"@id\":\"https:\\\/\\\/digitalsantotome.com.ar\\\/?p=8899#primaryimage\"},\"thumbnailUrl\":\"https:\\\/\\\/digitalsantotome.com.ar\\\/wp-content\\\/uploads\\\/2024\\\/11\\\/MB.jpeg\",\"articleSection\":[\"Provinciales\"],\"inLanguage\":\"es\"},{\"@type\":\"WebPage\",\"@id\":\"https:\\\/\\\/digitalsantotome.com.ar\\\/?p=8899\",\"url\":\"https:\\\/\\\/digitalsantotome.com.ar\\\/?p=8899\",\"name\":\"Barrionuevo sobre el Presupuesto: \u201cProponen un ajuste muy fuerte en educaci\u00f3n y en salarios\\\" - Digital Santo Tom\u00e9\",\"isPartOf\":{\"@id\":\"https:\\\/\\\/digitalsantotome.com.ar\\\/#website\"},\"primaryImageOfPage\":{\"@id\":\"https:\\\/\\\/digitalsantotome.com.ar\\\/?p=8899#primaryimage\"},\"image\":{\"@id\":\"https:\\\/\\\/digitalsantotome.com.ar\\\/?p=8899#primaryimage\"},\"thumbnailUrl\":\"https:\\\/\\\/digitalsantotome.com.ar\\\/wp-content\\\/uploads\\\/2024\\\/11\\\/MB.jpeg\",\"datePublished\":\"2024-11-13T18:46:07+00:00\",\"dateModified\":\"2024-11-13T18:46:30+00:00\",\"breadcrumb\":{\"@id\":\"https:\\\/\\\/digitalsantotome.com.ar\\\/?p=8899#breadcrumb\"},\"inLanguage\":\"es\",\"potentialAction\":[{\"@type\":\"ReadAction\",\"target\":[\"https:\\\/\\\/digitalsantotome.com.ar\\\/?p=8899\"]}]},{\"@type\":\"ImageObject\",\"inLanguage\":\"es\",\"@id\":\"https:\\\/\\\/digitalsantotome.com.ar\\\/?p=8899#primaryimage\",\"url\":\"https:\\\/\\\/digitalsantotome.com.ar\\\/wp-content\\\/uploads\\\/2024\\\/11\\\/MB.jpeg\",\"contentUrl\":\"https:\\\/\\\/digitalsantotome.com.ar\\\/wp-content\\\/uploads\\\/2024\\\/11\\\/MB.jpeg\",\"width\":510,\"height\":245},{\"@type\":\"BreadcrumbList\",\"@id\":\"https:\\\/\\\/digitalsantotome.com.ar\\\/?p=8899#breadcrumb\",\"itemListElement\":[{\"@type\":\"ListItem\",\"position\":1,\"name\":\"Portada\",\"item\":\"https:\\\/\\\/digitalsantotome.com.ar\\\/\"},{\"@type\":\"ListItem\",\"position\":2,\"name\":\"Barrionuevo sobre el Presupuesto: \u201cProponen un ajuste muy fuerte en educaci\u00f3n y en salarios&#8221;\"}]},{\"@type\":\"WebSite\",\"@id\":\"https:\\\/\\\/digitalsantotome.com.ar\\\/#website\",\"url\":\"https:\\\/\\\/digitalsantotome.com.ar\\\/\",\"name\":\"Digital Santo Tom\u00e9\",\"description\":\"Noticias desde Santo Tom\u00e9 al Mundo \u2013 La informacion que decide\",\"publisher\":{\"@id\":\"https:\\\/\\\/digitalsantotome.com.ar\\\/#organization\"},\"potentialAction\":[{\"@type\":\"SearchAction\",\"target\":{\"@type\":\"EntryPoint\",\"urlTemplate\":\"https:\\\/\\\/digitalsantotome.com.ar\\\/?s={search_term_string}\"},\"query-input\":{\"@type\":\"PropertyValueSpecification\",\"valueRequired\":true,\"valueName\":\"search_term_string\"}}],\"inLanguage\":\"es\"},{\"@type\":\"Organization\",\"@id\":\"https:\\\/\\\/digitalsantotome.com.ar\\\/#organization\",\"name\":\"Digital Santo Tom\u00e9\",\"url\":\"https:\\\/\\\/digitalsantotome.com.ar\\\/\",\"logo\":{\"@type\":\"ImageObject\",\"inLanguage\":\"es\",\"@id\":\"https:\\\/\\\/digitalsantotome.com.ar\\\/#\\\/schema\\\/logo\\\/image\\\/\",\"url\":\"https:\\\/\\\/digitalsantotome.com.ar\\\/wp-content\\\/uploads\\\/2023\\\/01\\\/facebook.jpg\",\"contentUrl\":\"https:\\\/\\\/digitalsantotome.com.ar\\\/wp-content\\\/uploads\\\/2023\\\/01\\\/facebook.jpg\",\"width\":512,\"height\":376,\"caption\":\"Digital Santo Tom\u00e9\"},\"image\":{\"@id\":\"https:\\\/\\\/digitalsantotome.com.ar\\\/#\\\/schema\\\/logo\\\/image\\\/\"}},{\"@type\":\"Person\",\"@id\":\"https:\\\/\\\/digitalsantotome.com.ar\\\/#\\\/schema\\\/person\\\/8991d8822886fedd92ce7f03817e1bdf\",\"name\":\"Jose Carlos Machado\",\"url\":\"https:\\\/\\\/digitalsantotome.com.ar\\\/?author=2\"}]}<\/script>\n<!-- \/ Yoast SEO plugin. -->","yoast_head_json":{"title":"Barrionuevo sobre el Presupuesto: \u201cProponen un ajuste muy fuerte en educaci\u00f3n y en salarios\" - Digital Santo Tom\u00e9","robots":{"index":"index","follow":"follow","max-snippet":"max-snippet:-1","max-image-preview":"max-image-preview:large","max-video-preview":"max-video-preview:-1"},"canonical":"https:\/\/digitalsantotome.com.ar\/?p=8899","og_locale":"es_ES","og_type":"article","og_title":"Barrionuevo sobre el Presupuesto: \u201cProponen un ajuste muy fuerte en educaci\u00f3n y en salarios\" - Digital Santo Tom\u00e9","og_description":"CORRIENTES. El senador Mart\u00edn Barrionuevo (PJ), analiz\u00f3 en declaraciones\u00a0 radiales la reuni\u00f3n de los legisladores con el ministro de Hacienda, Marcelo Rivas Piasentini, donde abordaron el Presupuesto 2025 y la situaci\u00f3n econ\u00f3mica de la Provincia y afirm\u00f3 que la ley propone un \u201cajuste muy fuerte en educaci\u00f3n\u201d, demostr\u00f3 con n\u00fameros oficiales que los salarios p\u00fablicos...","og_url":"https:\/\/digitalsantotome.com.ar\/?p=8899","og_site_name":"Digital Santo Tom\u00e9","article_published_time":"2024-11-13T18:46:07+00:00","article_modified_time":"2024-11-13T18:46:30+00:00","og_image":[{"width":510,"height":245,"url":"https:\/\/digitalsantotome.com.ar\/wp-content\/uploads\/2024\/11\/MB.jpeg","type":"image\/jpeg"}],"author":"Jose Carlos Machado","twitter_card":"summary_large_image","twitter_misc":{"Escrito por":"Jose Carlos Machado","Tiempo de lectura":"3 minutos"},"schema":{"@context":"https:\/\/schema.org","@graph":[{"@type":"Article","@id":"https:\/\/digitalsantotome.com.ar\/?p=8899#article","isPartOf":{"@id":"https:\/\/digitalsantotome.com.ar\/?p=8899"},"author":{"name":"Jose Carlos Machado","@id":"https:\/\/digitalsantotome.com.ar\/#\/schema\/person\/8991d8822886fedd92ce7f03817e1bdf"},"headline":"Barrionuevo sobre el Presupuesto: \u201cProponen un ajuste muy fuerte en educaci\u00f3n y en salarios\u00bb","datePublished":"2024-11-13T18:46:07+00:00","dateModified":"2024-11-13T18:46:30+00:00","mainEntityOfPage":{"@id":"https:\/\/digitalsantotome.com.ar\/?p=8899"},"wordCount":539,"publisher":{"@id":"https:\/\/digitalsantotome.com.ar\/#organization"},"image":{"@id":"https:\/\/digitalsantotome.com.ar\/?p=8899#primaryimage"},"thumbnailUrl":"https:\/\/digitalsantotome.com.ar\/wp-content\/uploads\/2024\/11\/MB.jpeg","articleSection":["Provinciales"],"inLanguage":"es"},{"@type":"WebPage","@id":"https:\/\/digitalsantotome.com.ar\/?p=8899","url":"https:\/\/digitalsantotome.com.ar\/?p=8899","name":"Barrionuevo sobre el Presupuesto: \u201cProponen un ajuste muy fuerte en educaci\u00f3n y en salarios\" - Digital Santo Tom\u00e9","isPartOf":{"@id":"https:\/\/digitalsantotome.com.ar\/#website"},"primaryImageOfPage":{"@id":"https:\/\/digitalsantotome.com.ar\/?p=8899#primaryimage"},"image":{"@id":"https:\/\/digitalsantotome.com.ar\/?p=8899#primaryimage"},"thumbnailUrl":"https:\/\/digitalsantotome.com.ar\/wp-content\/uploads\/2024\/11\/MB.jpeg","datePublished":"2024-11-13T18:46:07+00:00","dateModified":"2024-11-13T18:46:30+00:00","breadcrumb":{"@id":"https:\/\/digitalsantotome.com.ar\/?p=8899#breadcrumb"},"inLanguage":"es","potentialAction":[{"@type":"ReadAction","target":["https:\/\/digitalsantotome.com.ar\/?p=8899"]}]},{"@type":"ImageObject","inLanguage":"es","@id":"https:\/\/digitalsantotome.com.ar\/?p=8899#primaryimage","url":"https:\/\/digitalsantotome.com.ar\/wp-content\/uploads\/2024\/11\/MB.jpeg","contentUrl":"https:\/\/digitalsantotome.com.ar\/wp-content\/uploads\/2024\/11\/MB.jpeg","width":510,"height":245},{"@type":"BreadcrumbList","@id":"https:\/\/digitalsantotome.com.ar\/?p=8899#breadcrumb","itemListElement":[{"@type":"ListItem","position":1,"name":"Portada","item":"https:\/\/digitalsantotome.com.ar\/"},{"@type":"ListItem","position":2,"name":"Barrionuevo sobre el Presupuesto: \u201cProponen un ajuste muy fuerte en educaci\u00f3n y en salarios&#8221;"}]},{"@type":"WebSite","@id":"https:\/\/digitalsantotome.com.ar\/#website","url":"https:\/\/digitalsantotome.com.ar\/","name":"Digital Santo Tom\u00e9","description":"Noticias desde Santo Tom\u00e9 al Mundo \u2013 La informacion que decide","publisher":{"@id":"https:\/\/digitalsantotome.com.ar\/#organization"},"potentialAction":[{"@type":"SearchAction","target":{"@type":"EntryPoint","urlTemplate":"https:\/\/digitalsantotome.com.ar\/?s={search_term_string}"},"query-input":{"@type":"PropertyValueSpecification","valueRequired":true,"valueName":"search_term_string"}}],"inLanguage":"es"},{"@type":"Organization","@id":"https:\/\/digitalsantotome.com.ar\/#organization","name":"Digital Santo Tom\u00e9","url":"https:\/\/digitalsantotome.com.ar\/","logo":{"@type":"ImageObject","inLanguage":"es","@id":"https:\/\/digitalsantotome.com.ar\/#\/schema\/logo\/image\/","url":"https:\/\/digitalsantotome.com.ar\/wp-content\/uploads\/2023\/01\/facebook.jpg","contentUrl":"https:\/\/digitalsantotome.com.ar\/wp-content\/uploads\/2023\/01\/facebook.jpg","width":512,"height":376,"caption":"Digital Santo Tom\u00e9"},"image":{"@id":"https:\/\/digitalsantotome.com.ar\/#\/schema\/logo\/image\/"}},{"@type":"Person","@id":"https:\/\/digitalsantotome.com.ar\/#\/schema\/person\/8991d8822886fedd92ce7f03817e1bdf","name":"Jose Carlos Machado","url":"https:\/\/digitalsantotome.com.ar\/?author=2"}]}},"_links":{"self":[{"href":"https:\/\/digitalsantotome.com.ar\/index.php?rest_route=\/wp\/v2\/posts\/8899","targetHints":{"allow":["GET"]}}],"collection":[{"href":"https:\/\/digitalsantotome.com.ar\/index.php?rest_route=\/wp\/v2\/posts"}],"about":[{"href":"https:\/\/digitalsantotome.com.ar\/index.php?rest_route=\/wp\/v2\/types\/post"}],"author":[{"embeddable":true,"href":"https:\/\/digitalsantotome.com.ar\/index.php?rest_route=\/wp\/v2\/users\/2"}],"replies":[{"embeddable":true,"href":"https:\/\/digitalsantotome.com.ar\/index.php?rest_route=%2Fwp%2Fv2%2Fcomments&post=8899"}],"version-history":[{"count":1,"href":"https:\/\/digitalsantotome.com.ar\/index.php?rest_route=\/wp\/v2\/posts\/8899\/revisions"}],"predecessor-version":[{"id":8901,"href":"https:\/\/digitalsantotome.com.ar\/index.php?rest_route=\/wp\/v2\/posts\/8899\/revisions\/8901"}],"wp:featuredmedia":[{"embeddable":true,"href":"https:\/\/digitalsantotome.com.ar\/index.php?rest_route=\/wp\/v2\/media\/8900"}],"wp:attachment":[{"href":"https:\/\/digitalsantotome.com.ar\/index.php?rest_route=%2Fwp%2Fv2%2Fmedia&parent=8899"}],"wp:term":[{"taxonomy":"category","embeddable":true,"href":"https:\/\/digitalsantotome.com.ar\/index.php?rest_route=%2Fwp%2Fv2%2Fcategories&post=8899"},{"taxonomy":"post_tag","embeddable":true,"href":"https:\/\/digitalsantotome.com.ar\/index.php?rest_route=%2Fwp%2Fv2%2Ftags&post=8899"}],"curies":[{"name":"wp","href":"https:\/\/api.w.org\/{rel}","templated":true}]}}