{"id":8938,"date":"2024-11-16T19:38:54","date_gmt":"2024-11-16T22:38:54","guid":{"rendered":"https:\/\/digitalsantotome.com.ar\/?p=8938"},"modified":"2024-11-16T19:41:56","modified_gmt":"2024-11-16T22:41:56","slug":"convocan-a-una-audiencia-para-definir-el-cuadro-tarifario-del-servicio-de-la-dpec","status":"publish","type":"post","link":"https:\/\/digitalsantotome.com.ar\/?p=8938","title":{"rendered":"Convocan a una audiencia para definir el cuadro tarifario del servicio de la Dpec"},"content":{"rendered":"<p>CORRIENTES. Los ajustes tarifarios continuar\u00e1n durante el 2025, es que la pol\u00edtica de quita gradual de los subsidios a la energ\u00eda para los hogares es parte de la hoja de <span style=\"font-family: var(--global-body-font-family);\">ruta para consolidar el equilibrio fiscal que busca el Gobierno nacional. Se realizar\u00e1 a mediados de diciembre en la localidad de Alvear. No trascendi\u00f3 el porcentaje de incremento, pero ya tuvo una suba significativa.\u00a0<\/span><\/p>\n<p>En esa l\u00ednea, el Ente Provincial Regulador El\u00e9ctrico (Epre) de la provincia de Corrientes public\u00f3 -en las \u00faltimas horas- la convocatoria a Audiencia P\u00fablica para el 13 de diciembre, en la que se pondr\u00e1 a consideraci\u00f3n la propuesta del Cuadro Tarifario 2025 del servicio de energ\u00eda de la Dpec.<\/p>\n<p>Lo llamativo, en esta oportunidad es que el debate del c\u00e1lculo tarifario se realice en diciembre y no en febrero como en los \u00faltimos a\u00f1os.<\/p>\n<p>La convocatoria fue realizada por el Epre a trav\u00e9s de la N\u00ba 34\/2024 para la puesta en conocimiento y an\u00e1lisis de la opini\u00f3n de los sectores interesados referidos a la aprobaci\u00f3n por parte del Ejecutivo de la actualizaci\u00f3n tarifaria para el servicio de distribuci\u00f3n de la energ\u00eda el\u00e9ctrica de la Dpec.<\/p>\n<p>La Audiencia P\u00fablica fue convocada para el 13 de diciembre de 2024, a las 8, en el Centro de Jubilados Nacionales de la localidad de Alvear.<\/p>\n<p>La implementaci\u00f3n y organizaci\u00f3n general de la Audiencia P\u00fablica estar\u00e1 a cargo de la Direcci\u00f3n de Asuntos Legales y Administrativos del Departamento de Asesor\u00eda Legal de la Secretar\u00eda de Energ\u00eda de Corrientes.<\/p>\n<p>El per\u00edodo de inscripci\u00f3n para la Audiencia y de consulta del expediente de propuesta del nuevo cuadro tarifario 2025 ser\u00e1 entre el 25 de noviembre y el 11 de diciembre en la sede administrativa de la Secretar\u00eda de Energ\u00eda.<\/p>\n<p>Cabe recordar que concluida la Audiencia P\u00fablica, el \u00e1rea de Implementaci\u00f3n elevar\u00e1 a la presidencia en el plazo de 10 d\u00edas el Informe de Cierre de la Audiencia, y dentro de los 30 d\u00edas de recibido el referido informe se proceder\u00e1 a adoptar la Resoluci\u00f3n Final sobre la cuesti\u00f3n puesta en consulta en el nuevo cuadro tarifario.<\/p>\n<p>El llamado a discutir las tarifas se realiza en un contexto de quita de subsidios por parte de la Naci\u00f3n y que el Gobierno provincial est\u00e1 trasladando a las tarifas, aunque de manera gradual y escalonada.<\/p>\n<p>En el a\u00f1o 2023 ya se hab\u00edan aplicado las tarifas en tres etapas, mientras que el cuadro tarifario 2024, m\u00e1s afectado por la falta de subsidios nacionales, tuvo una aplicaci\u00f3n en dos etapas.<\/p>\n<p>&lt;\/SUBTITULO&gt;SUBAS EN 2024<\/p>\n<p>A principios de abril, el Poder Ejecutivo de Corrientes estableci\u00f3 los valores para la primera de las dos etapas de aumentos definidas para el cuadro tarifario. La primera etapa entr\u00f3 en vigencia de manera inmediata. Para el Nivel 1, el 100 por ciento de usuarios residenciales, casi el 65 por ciento consume hasta 600 kW por bimestre. Es decir, 300 kW por mes, recibir\u00e1 una factura de 16.000 pesos<\/p>\n<p>-Si consumi\u00f3 m\u00e1s de 600 kW, pero menos de 1.300, va a terminar pagando 50.000 pesos.<\/p>\n<p>&#8211; Si consumen por sobre 1.300 kW por bimestre, abonar\u00e1n con la tarifa plena 120.000 pesos.<\/p>\n<p>Para el Nivel 2, el 62 por ciento de los usuarios est\u00e1 en rango de consumo hasta 600 kW. Esos usuarios van a pagar una factura de 14.000 pesos.<\/p>\n<p>-Los que facturaron por sobre los 600 kW tendr\u00e1n una tarifa que var\u00eda entre 30.000 y 60.000 pesos, seg\u00fan el consumo.<\/p>\n<p>-Si consumen por sobre 1.300 kW por bimestre, pagar\u00e1n una tarifa aproximada de 80.000 pesos.<\/p>\n<p>Los consumos de julio tuvieron impacto en Corrientes. En ese momento se fij\u00f3 un costo de la energ\u00eda mayorista, que implica incrementos superiores al 100 por ciento para los usuarios de ingresos bajos y medios y un incremento m\u00e1s moderado, del 15 por ciento, para los usuarios de ingresos altos.<br \/>\nUn usuario de 500 kilovatios al mes: Ingresos bajos, pasa de pagar $16.000 a $63.000, Ingresos medios pasa de $23.000 a $73.000, y de Ingresos altos pasa de $52.000 a $86.000.<\/p>\n<p>En septiembre pasado fue del 20%, entre $15.000 y $30.000 m\u00e1s, dentro del llamado \u00abconsumo cuidado\u00bb. Como ocurre desde hace meses, las actualizaciones en el costo de la distribuci\u00f3n energ\u00e9tica se deben, seg\u00fan la fundamentaci\u00f3n oficial de la Dpec, a que los costos mayoristas deben ser trasladados a los usuarios.<\/p>\n<p>La modificaci\u00f3n tarifaria en esa oportunidad correspond\u00eda al (Direcci\u00f3n Provincial de Energ\u00eda de Corrientes) Valor Agregado de Distribuci\u00f3n (VAD) y se trata del tercer aumento local en lo que va del a\u00f1o.<\/p>\n<p>Finalmente en noviembre, el nuevo aumento tiene que ver con los precios mayoristas que se actualizan. En este caso, el incremento de precios mayoristas ronda aproximadamente un 12%, y alcanza a todos los usuarios<\/p>\n<p>La empresa provincial Dpec inform\u00f3 que hay 78.000 usuarios que todav\u00eda no se inscribieron para continuar recibiendo los subsidios a la tarifa energ\u00e9tica.<\/p>\n<p><strong>NORTE CORRIENTES<\/strong><\/p>\n","protected":false},"excerpt":{"rendered":"<p>CORRIENTES. Los ajustes tarifarios continuar\u00e1n durante el 2025, es que la pol\u00edtica de quita gradual de los subsidios a la energ\u00eda para los hogares es parte de la hoja de ruta para consolidar el equilibrio fiscal que busca el Gobierno nacional. Se realizar\u00e1 a mediados de diciembre en la localidad de Alvear. No trascendi\u00f3 el&#8230;<\/p>\n","protected":false},"author":2,"featured_media":8939,"comment_status":"closed","ping_status":"closed","sticky":false,"template":"","format":"standard","meta":{"_kad_post_transparent":"default","_kad_post_title":"default","_kad_post_layout":"default","_kad_post_sidebar_id":"","_kad_post_content_style":"default","_kad_post_vertical_padding":"default","_kad_post_feature":"","_kad_post_feature_position":"","_kad_post_header":false,"_kad_post_footer":false,"_kad_post_classname":"","footnotes":""},"categories":[3],"tags":[],"class_list":["post-8938","post","type-post","status-publish","format-standard","has-post-thumbnail","hentry","category-noticias-breves"],"a3_pvc":{"activated":false,"total_views":0,"today_views":0},"yoast_head":"<!-- This site is optimized with the Yoast SEO plugin v27.5 - https:\/\/yoast.com\/product\/yoast-seo-wordpress\/ -->\n<title>Convocan a una audiencia para definir el cuadro tarifario del servicio de la Dpec - Digital Santo Tom\u00e9<\/title>\n<meta name=\"robots\" content=\"index, follow, max-snippet:-1, max-image-preview:large, max-video-preview:-1\" \/>\n<link rel=\"canonical\" href=\"https:\/\/digitalsantotome.com.ar\/?p=8938\" \/>\n<meta property=\"og:locale\" content=\"es_ES\" \/>\n<meta property=\"og:type\" content=\"article\" \/>\n<meta property=\"og:title\" content=\"Convocan a una audiencia para definir el cuadro tarifario del servicio de la Dpec - Digital Santo Tom\u00e9\" \/>\n<meta property=\"og:description\" content=\"CORRIENTES. Los ajustes tarifarios continuar\u00e1n durante el 2025, es que la pol\u00edtica de quita gradual de los subsidios a la energ\u00eda para los hogares es parte de la hoja de ruta para consolidar el equilibrio fiscal que busca el Gobierno nacional. Se realizar\u00e1 a mediados de diciembre en la localidad de Alvear. No trascendi\u00f3 el...\" \/>\n<meta property=\"og:url\" content=\"https:\/\/digitalsantotome.com.ar\/?p=8938\" \/>\n<meta property=\"og:site_name\" content=\"Digital Santo Tom\u00e9\" \/>\n<meta property=\"article:published_time\" content=\"2024-11-16T22:38:54+00:00\" \/>\n<meta property=\"article:modified_time\" content=\"2024-11-16T22:41:56+00:00\" \/>\n<meta property=\"og:image\" content=\"https:\/\/digitalsantotome.com.ar\/wp-content\/uploads\/2024\/11\/DPEC-5295-1200x500-fit.jpg\" \/>\n\t<meta property=\"og:image:width\" content=\"1200\" \/>\n\t<meta property=\"og:image:height\" content=\"500\" \/>\n\t<meta property=\"og:image:type\" content=\"image\/jpeg\" \/>\n<meta name=\"author\" content=\"Jose Carlos Machado\" \/>\n<meta name=\"twitter:card\" content=\"summary_large_image\" \/>\n<meta name=\"twitter:label1\" content=\"Escrito por\" \/>\n\t<meta name=\"twitter:data1\" content=\"Jose Carlos Machado\" \/>\n\t<meta name=\"twitter:label2\" content=\"Tiempo de lectura\" \/>\n\t<meta name=\"twitter:data2\" content=\"4 minutos\" \/>\n<script type=\"application\/ld+json\" class=\"yoast-schema-graph\">{\"@context\":\"https:\\\/\\\/schema.org\",\"@graph\":[{\"@type\":\"Article\",\"@id\":\"https:\\\/\\\/digitalsantotome.com.ar\\\/?p=8938#article\",\"isPartOf\":{\"@id\":\"https:\\\/\\\/digitalsantotome.com.ar\\\/?p=8938\"},\"author\":{\"name\":\"Jose Carlos Machado\",\"@id\":\"https:\\\/\\\/digitalsantotome.com.ar\\\/#\\\/schema\\\/person\\\/8991d8822886fedd92ce7f03817e1bdf\"},\"headline\":\"Convocan a una audiencia para definir el cuadro tarifario del servicio de la Dpec\",\"datePublished\":\"2024-11-16T22:38:54+00:00\",\"dateModified\":\"2024-11-16T22:41:56+00:00\",\"mainEntityOfPage\":{\"@id\":\"https:\\\/\\\/digitalsantotome.com.ar\\\/?p=8938\"},\"wordCount\":833,\"publisher\":{\"@id\":\"https:\\\/\\\/digitalsantotome.com.ar\\\/#organization\"},\"image\":{\"@id\":\"https:\\\/\\\/digitalsantotome.com.ar\\\/?p=8938#primaryimage\"},\"thumbnailUrl\":\"https:\\\/\\\/digitalsantotome.com.ar\\\/wp-content\\\/uploads\\\/2024\\\/11\\\/DPEC-5295-1200x500-fit.jpg\",\"articleSection\":[\"Noticias breves\"],\"inLanguage\":\"es\"},{\"@type\":\"WebPage\",\"@id\":\"https:\\\/\\\/digitalsantotome.com.ar\\\/?p=8938\",\"url\":\"https:\\\/\\\/digitalsantotome.com.ar\\\/?p=8938\",\"name\":\"Convocan a una audiencia para definir el cuadro tarifario del servicio de la Dpec - Digital Santo Tom\u00e9\",\"isPartOf\":{\"@id\":\"https:\\\/\\\/digitalsantotome.com.ar\\\/#website\"},\"primaryImageOfPage\":{\"@id\":\"https:\\\/\\\/digitalsantotome.com.ar\\\/?p=8938#primaryimage\"},\"image\":{\"@id\":\"https:\\\/\\\/digitalsantotome.com.ar\\\/?p=8938#primaryimage\"},\"thumbnailUrl\":\"https:\\\/\\\/digitalsantotome.com.ar\\\/wp-content\\\/uploads\\\/2024\\\/11\\\/DPEC-5295-1200x500-fit.jpg\",\"datePublished\":\"2024-11-16T22:38:54+00:00\",\"dateModified\":\"2024-11-16T22:41:56+00:00\",\"breadcrumb\":{\"@id\":\"https:\\\/\\\/digitalsantotome.com.ar\\\/?p=8938#breadcrumb\"},\"inLanguage\":\"es\",\"potentialAction\":[{\"@type\":\"ReadAction\",\"target\":[\"https:\\\/\\\/digitalsantotome.com.ar\\\/?p=8938\"]}]},{\"@type\":\"ImageObject\",\"inLanguage\":\"es\",\"@id\":\"https:\\\/\\\/digitalsantotome.com.ar\\\/?p=8938#primaryimage\",\"url\":\"https:\\\/\\\/digitalsantotome.com.ar\\\/wp-content\\\/uploads\\\/2024\\\/11\\\/DPEC-5295-1200x500-fit.jpg\",\"contentUrl\":\"https:\\\/\\\/digitalsantotome.com.ar\\\/wp-content\\\/uploads\\\/2024\\\/11\\\/DPEC-5295-1200x500-fit.jpg\",\"width\":1200,\"height\":500},{\"@type\":\"BreadcrumbList\",\"@id\":\"https:\\\/\\\/digitalsantotome.com.ar\\\/?p=8938#breadcrumb\",\"itemListElement\":[{\"@type\":\"ListItem\",\"position\":1,\"name\":\"Portada\",\"item\":\"https:\\\/\\\/digitalsantotome.com.ar\\\/\"},{\"@type\":\"ListItem\",\"position\":2,\"name\":\"Convocan a una audiencia para definir el cuadro tarifario del servicio de la Dpec\"}]},{\"@type\":\"WebSite\",\"@id\":\"https:\\\/\\\/digitalsantotome.com.ar\\\/#website\",\"url\":\"https:\\\/\\\/digitalsantotome.com.ar\\\/\",\"name\":\"Digital Santo Tom\u00e9\",\"description\":\"Noticias desde Santo Tom\u00e9 al Mundo \u2013 La informacion que decide\",\"publisher\":{\"@id\":\"https:\\\/\\\/digitalsantotome.com.ar\\\/#organization\"},\"potentialAction\":[{\"@type\":\"SearchAction\",\"target\":{\"@type\":\"EntryPoint\",\"urlTemplate\":\"https:\\\/\\\/digitalsantotome.com.ar\\\/?s={search_term_string}\"},\"query-input\":{\"@type\":\"PropertyValueSpecification\",\"valueRequired\":true,\"valueName\":\"search_term_string\"}}],\"inLanguage\":\"es\"},{\"@type\":\"Organization\",\"@id\":\"https:\\\/\\\/digitalsantotome.com.ar\\\/#organization\",\"name\":\"Digital Santo Tom\u00e9\",\"url\":\"https:\\\/\\\/digitalsantotome.com.ar\\\/\",\"logo\":{\"@type\":\"ImageObject\",\"inLanguage\":\"es\",\"@id\":\"https:\\\/\\\/digitalsantotome.com.ar\\\/#\\\/schema\\\/logo\\\/image\\\/\",\"url\":\"https:\\\/\\\/digitalsantotome.com.ar\\\/wp-content\\\/uploads\\\/2023\\\/01\\\/facebook.jpg\",\"contentUrl\":\"https:\\\/\\\/digitalsantotome.com.ar\\\/wp-content\\\/uploads\\\/2023\\\/01\\\/facebook.jpg\",\"width\":512,\"height\":376,\"caption\":\"Digital Santo Tom\u00e9\"},\"image\":{\"@id\":\"https:\\\/\\\/digitalsantotome.com.ar\\\/#\\\/schema\\\/logo\\\/image\\\/\"}},{\"@type\":\"Person\",\"@id\":\"https:\\\/\\\/digitalsantotome.com.ar\\\/#\\\/schema\\\/person\\\/8991d8822886fedd92ce7f03817e1bdf\",\"name\":\"Jose Carlos Machado\",\"url\":\"https:\\\/\\\/digitalsantotome.com.ar\\\/?author=2\"}]}<\/script>\n<!-- \/ Yoast SEO plugin. -->","yoast_head_json":{"title":"Convocan a una audiencia para definir el cuadro tarifario del servicio de la Dpec - Digital Santo Tom\u00e9","robots":{"index":"index","follow":"follow","max-snippet":"max-snippet:-1","max-image-preview":"max-image-preview:large","max-video-preview":"max-video-preview:-1"},"canonical":"https:\/\/digitalsantotome.com.ar\/?p=8938","og_locale":"es_ES","og_type":"article","og_title":"Convocan a una audiencia para definir el cuadro tarifario del servicio de la Dpec - Digital Santo Tom\u00e9","og_description":"CORRIENTES. Los ajustes tarifarios continuar\u00e1n durante el 2025, es que la pol\u00edtica de quita gradual de los subsidios a la energ\u00eda para los hogares es parte de la hoja de ruta para consolidar el equilibrio fiscal que busca el Gobierno nacional. Se realizar\u00e1 a mediados de diciembre en la localidad de Alvear. No trascendi\u00f3 el...","og_url":"https:\/\/digitalsantotome.com.ar\/?p=8938","og_site_name":"Digital Santo Tom\u00e9","article_published_time":"2024-11-16T22:38:54+00:00","article_modified_time":"2024-11-16T22:41:56+00:00","og_image":[{"width":1200,"height":500,"url":"https:\/\/digitalsantotome.com.ar\/wp-content\/uploads\/2024\/11\/DPEC-5295-1200x500-fit.jpg","type":"image\/jpeg"}],"author":"Jose Carlos Machado","twitter_card":"summary_large_image","twitter_misc":{"Escrito por":"Jose Carlos Machado","Tiempo de lectura":"4 minutos"},"schema":{"@context":"https:\/\/schema.org","@graph":[{"@type":"Article","@id":"https:\/\/digitalsantotome.com.ar\/?p=8938#article","isPartOf":{"@id":"https:\/\/digitalsantotome.com.ar\/?p=8938"},"author":{"name":"Jose Carlos Machado","@id":"https:\/\/digitalsantotome.com.ar\/#\/schema\/person\/8991d8822886fedd92ce7f03817e1bdf"},"headline":"Convocan a una audiencia para definir el cuadro tarifario del servicio de la Dpec","datePublished":"2024-11-16T22:38:54+00:00","dateModified":"2024-11-16T22:41:56+00:00","mainEntityOfPage":{"@id":"https:\/\/digitalsantotome.com.ar\/?p=8938"},"wordCount":833,"publisher":{"@id":"https:\/\/digitalsantotome.com.ar\/#organization"},"image":{"@id":"https:\/\/digitalsantotome.com.ar\/?p=8938#primaryimage"},"thumbnailUrl":"https:\/\/digitalsantotome.com.ar\/wp-content\/uploads\/2024\/11\/DPEC-5295-1200x500-fit.jpg","articleSection":["Noticias breves"],"inLanguage":"es"},{"@type":"WebPage","@id":"https:\/\/digitalsantotome.com.ar\/?p=8938","url":"https:\/\/digitalsantotome.com.ar\/?p=8938","name":"Convocan a una audiencia para definir el cuadro tarifario del servicio de la Dpec - Digital Santo Tom\u00e9","isPartOf":{"@id":"https:\/\/digitalsantotome.com.ar\/#website"},"primaryImageOfPage":{"@id":"https:\/\/digitalsantotome.com.ar\/?p=8938#primaryimage"},"image":{"@id":"https:\/\/digitalsantotome.com.ar\/?p=8938#primaryimage"},"thumbnailUrl":"https:\/\/digitalsantotome.com.ar\/wp-content\/uploads\/2024\/11\/DPEC-5295-1200x500-fit.jpg","datePublished":"2024-11-16T22:38:54+00:00","dateModified":"2024-11-16T22:41:56+00:00","breadcrumb":{"@id":"https:\/\/digitalsantotome.com.ar\/?p=8938#breadcrumb"},"inLanguage":"es","potentialAction":[{"@type":"ReadAction","target":["https:\/\/digitalsantotome.com.ar\/?p=8938"]}]},{"@type":"ImageObject","inLanguage":"es","@id":"https:\/\/digitalsantotome.com.ar\/?p=8938#primaryimage","url":"https:\/\/digitalsantotome.com.ar\/wp-content\/uploads\/2024\/11\/DPEC-5295-1200x500-fit.jpg","contentUrl":"https:\/\/digitalsantotome.com.ar\/wp-content\/uploads\/2024\/11\/DPEC-5295-1200x500-fit.jpg","width":1200,"height":500},{"@type":"BreadcrumbList","@id":"https:\/\/digitalsantotome.com.ar\/?p=8938#breadcrumb","itemListElement":[{"@type":"ListItem","position":1,"name":"Portada","item":"https:\/\/digitalsantotome.com.ar\/"},{"@type":"ListItem","position":2,"name":"Convocan a una audiencia para definir el cuadro tarifario del servicio de la Dpec"}]},{"@type":"WebSite","@id":"https:\/\/digitalsantotome.com.ar\/#website","url":"https:\/\/digitalsantotome.com.ar\/","name":"Digital Santo Tom\u00e9","description":"Noticias desde Santo Tom\u00e9 al Mundo \u2013 La informacion que decide","publisher":{"@id":"https:\/\/digitalsantotome.com.ar\/#organization"},"potentialAction":[{"@type":"SearchAction","target":{"@type":"EntryPoint","urlTemplate":"https:\/\/digitalsantotome.com.ar\/?s={search_term_string}"},"query-input":{"@type":"PropertyValueSpecification","valueRequired":true,"valueName":"search_term_string"}}],"inLanguage":"es"},{"@type":"Organization","@id":"https:\/\/digitalsantotome.com.ar\/#organization","name":"Digital Santo Tom\u00e9","url":"https:\/\/digitalsantotome.com.ar\/","logo":{"@type":"ImageObject","inLanguage":"es","@id":"https:\/\/digitalsantotome.com.ar\/#\/schema\/logo\/image\/","url":"https:\/\/digitalsantotome.com.ar\/wp-content\/uploads\/2023\/01\/facebook.jpg","contentUrl":"https:\/\/digitalsantotome.com.ar\/wp-content\/uploads\/2023\/01\/facebook.jpg","width":512,"height":376,"caption":"Digital Santo Tom\u00e9"},"image":{"@id":"https:\/\/digitalsantotome.com.ar\/#\/schema\/logo\/image\/"}},{"@type":"Person","@id":"https:\/\/digitalsantotome.com.ar\/#\/schema\/person\/8991d8822886fedd92ce7f03817e1bdf","name":"Jose Carlos Machado","url":"https:\/\/digitalsantotome.com.ar\/?author=2"}]}},"_links":{"self":[{"href":"https:\/\/digitalsantotome.com.ar\/index.php?rest_route=\/wp\/v2\/posts\/8938","targetHints":{"allow":["GET"]}}],"collection":[{"href":"https:\/\/digitalsantotome.com.ar\/index.php?rest_route=\/wp\/v2\/posts"}],"about":[{"href":"https:\/\/digitalsantotome.com.ar\/index.php?rest_route=\/wp\/v2\/types\/post"}],"author":[{"embeddable":true,"href":"https:\/\/digitalsantotome.com.ar\/index.php?rest_route=\/wp\/v2\/users\/2"}],"replies":[{"embeddable":true,"href":"https:\/\/digitalsantotome.com.ar\/index.php?rest_route=%2Fwp%2Fv2%2Fcomments&post=8938"}],"version-history":[{"count":2,"href":"https:\/\/digitalsantotome.com.ar\/index.php?rest_route=\/wp\/v2\/posts\/8938\/revisions"}],"predecessor-version":[{"id":8941,"href":"https:\/\/digitalsantotome.com.ar\/index.php?rest_route=\/wp\/v2\/posts\/8938\/revisions\/8941"}],"wp:featuredmedia":[{"embeddable":true,"href":"https:\/\/digitalsantotome.com.ar\/index.php?rest_route=\/wp\/v2\/media\/8939"}],"wp:attachment":[{"href":"https:\/\/digitalsantotome.com.ar\/index.php?rest_route=%2Fwp%2Fv2%2Fmedia&parent=8938"}],"wp:term":[{"taxonomy":"category","embeddable":true,"href":"https:\/\/digitalsantotome.com.ar\/index.php?rest_route=%2Fwp%2Fv2%2Fcategories&post=8938"},{"taxonomy":"post_tag","embeddable":true,"href":"https:\/\/digitalsantotome.com.ar\/index.php?rest_route=%2Fwp%2Fv2%2Ftags&post=8938"}],"curies":[{"name":"wp","href":"https:\/\/api.w.org\/{rel}","templated":true}]}}