{"id":9018,"date":"2024-11-26T22:46:18","date_gmt":"2024-11-27T01:46:18","guid":{"rendered":"https:\/\/digitalsantotome.com.ar\/?p=9018"},"modified":"2024-11-27T07:28:21","modified_gmt":"2024-11-27T10:28:21","slug":"dirigentes-del-pj-local-se-reunieron-con-cristina-y-confirmaron-que-vendra-a-corrientes","status":"publish","type":"post","link":"https:\/\/digitalsantotome.com.ar\/?p=9018","title":{"rendered":"Dirigentes del PJ local se reunieron con Cristina y confirmaron que vendr\u00e1 a Corrientes"},"content":{"rendered":"<p>CAPITAL DEDERAL. Una comitiva del PJ de Corrientes se reuni\u00f3 con Cristina Fern\u00e1ndez de Kirchner por un lapso de tres horas en CABA. El encuentro se desarroll\u00f3 en el Instituto Patria. La ex mandataria confirm\u00f3 que en marzo estar\u00e1 en la provincia de Corrientes. Expectativa en el justicialismo provincial.<\/p>\n<p>Referentes del Justicialismo correntino se reunieron por unas tres horas con Cristina Kirchner en las oficinas del Instituto Patria en Capital Federal este martes.<\/p>\n<p><img fetchpriority=\"high\" decoding=\"async\" class=\"alignnone wp-image-9021\" src=\"https:\/\/digitalsantotome.com.ar\/wp-content\/uploads\/2024\/11\/IMG-20241126-WA0082.jpg\" alt=\"\" width=\"777\" height=\"518\" srcset=\"https:\/\/digitalsantotome.com.ar\/wp-content\/uploads\/2024\/11\/IMG-20241126-WA0082.jpg 1600w, https:\/\/digitalsantotome.com.ar\/wp-content\/uploads\/2024\/11\/IMG-20241126-WA0082-300x200.jpg 300w, https:\/\/digitalsantotome.com.ar\/wp-content\/uploads\/2024\/11\/IMG-20241126-WA0082-1024x683.jpg 1024w, https:\/\/digitalsantotome.com.ar\/wp-content\/uploads\/2024\/11\/IMG-20241126-WA0082-768x512.jpg 768w, https:\/\/digitalsantotome.com.ar\/wp-content\/uploads\/2024\/11\/IMG-20241126-WA0082-1536x1024.jpg 1536w\" sizes=\"(max-width: 777px) 100vw, 777px\" \/><\/p>\n<p>La ex mandataria recibi\u00f3 a Teresa Garc\u00eda y M\u00e1ximo Rodr\u00edguez (hoy interventores del peronismo local) a quienes se sumaron legisladores nacionales, provinciales y algunos referentes territoriales relacionados con el \u00abn\u00facleo duro\u00bb del kirchnerismo en Corrientes. En represntaci\u00f3n de la costa del Uruguay estuvieron el actual intendente de Paso de los Libres, Tincho Asc\u00faa y el ex intendente santotome\u00f1o y ex senador provincial V\u00edctor Giraud.<\/p>\n<p>Cristina Kirchner analiz\u00f3 el presente del PJ correntino, aval\u00f3 a la actual intervenci\u00f3n pero abog\u00f3 por la pronta normalizaci\u00f3n partidaria.<\/p>\n<p>En el encuentro, la ex Presidente confirm\u00f3 que visitar\u00e1 Corrientes en la primera quincena de marzo de 2025.<\/p>\n<p><img decoding=\"async\" class=\"alignnone wp-image-9022\" src=\"https:\/\/digitalsantotome.com.ar\/wp-content\/uploads\/2024\/11\/IMG-20241126-WA0090-1.jpg\" alt=\"\" width=\"777\" height=\"517\" srcset=\"https:\/\/digitalsantotome.com.ar\/wp-content\/uploads\/2024\/11\/IMG-20241126-WA0090-1.jpg 1280w, https:\/\/digitalsantotome.com.ar\/wp-content\/uploads\/2024\/11\/IMG-20241126-WA0090-1-300x200.jpg 300w, https:\/\/digitalsantotome.com.ar\/wp-content\/uploads\/2024\/11\/IMG-20241126-WA0090-1-1024x682.jpg 1024w, https:\/\/digitalsantotome.com.ar\/wp-content\/uploads\/2024\/11\/IMG-20241126-WA0090-1-768x511.jpg 768w\" sizes=\"(max-width: 777px) 100vw, 777px\" \/><\/p>\n","protected":false},"excerpt":{"rendered":"<p>CAPITAL DEDERAL. Una comitiva del PJ de Corrientes se reuni\u00f3 con Cristina Fern\u00e1ndez de Kirchner por un lapso de tres horas en CABA. El encuentro se desarroll\u00f3 en el Instituto Patria. La ex mandataria confirm\u00f3 que en marzo estar\u00e1 en la provincia de Corrientes. Expectativa en el justicialismo provincial. Referentes del Justicialismo correntino se reunieron&#8230;<\/p>\n","protected":false},"author":2,"featured_media":9019,"comment_status":"closed","ping_status":"closed","sticky":false,"template":"","format":"standard","meta":{"_kad_post_transparent":"default","_kad_post_title":"default","_kad_post_layout":"default","_kad_post_sidebar_id":"","_kad_post_content_style":"default","_kad_post_vertical_padding":"default","_kad_post_feature":"","_kad_post_feature_position":"","_kad_post_header":false,"_kad_post_footer":false,"_kad_post_classname":"","footnotes":""},"categories":[1],"tags":[],"class_list":["post-9018","post","type-post","status-publish","format-standard","has-post-thumbnail","hentry","category-locales"],"a3_pvc":{"activated":false,"total_views":0,"today_views":0},"yoast_head":"<!-- This site is optimized with the Yoast SEO plugin v27.5 - https:\/\/yoast.com\/product\/yoast-seo-wordpress\/ -->\n<title>Dirigentes del PJ local se reunieron con Cristina y confirmaron que vendr\u00e1 a Corrientes - Digital Santo Tom\u00e9<\/title>\n<meta name=\"robots\" content=\"index, follow, max-snippet:-1, max-image-preview:large, max-video-preview:-1\" \/>\n<link rel=\"canonical\" href=\"https:\/\/digitalsantotome.com.ar\/?p=9018\" \/>\n<meta property=\"og:locale\" content=\"es_ES\" \/>\n<meta property=\"og:type\" content=\"article\" \/>\n<meta property=\"og:title\" content=\"Dirigentes del PJ local se reunieron con Cristina y confirmaron que vendr\u00e1 a Corrientes - Digital Santo Tom\u00e9\" \/>\n<meta property=\"og:description\" content=\"CAPITAL DEDERAL. Una comitiva del PJ de Corrientes se reuni\u00f3 con Cristina Fern\u00e1ndez de Kirchner por un lapso de tres horas en CABA. El encuentro se desarroll\u00f3 en el Instituto Patria. La ex mandataria confirm\u00f3 que en marzo estar\u00e1 en la provincia de Corrientes. Expectativa en el justicialismo provincial. Referentes del Justicialismo correntino se reunieron...\" \/>\n<meta property=\"og:url\" content=\"https:\/\/digitalsantotome.com.ar\/?p=9018\" \/>\n<meta property=\"og:site_name\" content=\"Digital Santo Tom\u00e9\" \/>\n<meta property=\"article:published_time\" content=\"2024-11-27T01:46:18+00:00\" \/>\n<meta property=\"article:modified_time\" content=\"2024-11-27T10:28:21+00:00\" \/>\n<meta property=\"og:image\" content=\"https:\/\/digitalsantotome.com.ar\/wp-content\/uploads\/2024\/11\/IMG-20241126-WA0084.jpg\" \/>\n\t<meta property=\"og:image:width\" content=\"1600\" \/>\n\t<meta property=\"og:image:height\" content=\"1067\" \/>\n\t<meta property=\"og:image:type\" content=\"image\/jpeg\" \/>\n<meta name=\"author\" content=\"Jose Carlos Machado\" \/>\n<meta name=\"twitter:card\" content=\"summary_large_image\" \/>\n<meta name=\"twitter:label1\" content=\"Escrito por\" \/>\n\t<meta name=\"twitter:data1\" content=\"Jose Carlos Machado\" \/>\n\t<meta name=\"twitter:label2\" content=\"Tiempo de lectura\" \/>\n\t<meta name=\"twitter:data2\" content=\"2 minutos\" \/>\n<script type=\"application\/ld+json\" class=\"yoast-schema-graph\">{\"@context\":\"https:\\\/\\\/schema.org\",\"@graph\":[{\"@type\":\"Article\",\"@id\":\"https:\\\/\\\/digitalsantotome.com.ar\\\/?p=9018#article\",\"isPartOf\":{\"@id\":\"https:\\\/\\\/digitalsantotome.com.ar\\\/?p=9018\"},\"author\":{\"name\":\"Jose Carlos Machado\",\"@id\":\"https:\\\/\\\/digitalsantotome.com.ar\\\/#\\\/schema\\\/person\\\/8991d8822886fedd92ce7f03817e1bdf\"},\"headline\":\"Dirigentes del PJ local se reunieron con Cristina y confirmaron que vendr\u00e1 a Corrientes\",\"datePublished\":\"2024-11-27T01:46:18+00:00\",\"dateModified\":\"2024-11-27T10:28:21+00:00\",\"mainEntityOfPage\":{\"@id\":\"https:\\\/\\\/digitalsantotome.com.ar\\\/?p=9018\"},\"wordCount\":199,\"publisher\":{\"@id\":\"https:\\\/\\\/digitalsantotome.com.ar\\\/#organization\"},\"image\":{\"@id\":\"https:\\\/\\\/digitalsantotome.com.ar\\\/?p=9018#primaryimage\"},\"thumbnailUrl\":\"https:\\\/\\\/digitalsantotome.com.ar\\\/wp-content\\\/uploads\\\/2024\\\/11\\\/IMG-20241126-WA0084.jpg\",\"articleSection\":[\"Locales\"],\"inLanguage\":\"es\"},{\"@type\":\"WebPage\",\"@id\":\"https:\\\/\\\/digitalsantotome.com.ar\\\/?p=9018\",\"url\":\"https:\\\/\\\/digitalsantotome.com.ar\\\/?p=9018\",\"name\":\"Dirigentes del PJ local se reunieron con Cristina y confirmaron que vendr\u00e1 a Corrientes - Digital Santo Tom\u00e9\",\"isPartOf\":{\"@id\":\"https:\\\/\\\/digitalsantotome.com.ar\\\/#website\"},\"primaryImageOfPage\":{\"@id\":\"https:\\\/\\\/digitalsantotome.com.ar\\\/?p=9018#primaryimage\"},\"image\":{\"@id\":\"https:\\\/\\\/digitalsantotome.com.ar\\\/?p=9018#primaryimage\"},\"thumbnailUrl\":\"https:\\\/\\\/digitalsantotome.com.ar\\\/wp-content\\\/uploads\\\/2024\\\/11\\\/IMG-20241126-WA0084.jpg\",\"datePublished\":\"2024-11-27T01:46:18+00:00\",\"dateModified\":\"2024-11-27T10:28:21+00:00\",\"breadcrumb\":{\"@id\":\"https:\\\/\\\/digitalsantotome.com.ar\\\/?p=9018#breadcrumb\"},\"inLanguage\":\"es\",\"potentialAction\":[{\"@type\":\"ReadAction\",\"target\":[\"https:\\\/\\\/digitalsantotome.com.ar\\\/?p=9018\"]}]},{\"@type\":\"ImageObject\",\"inLanguage\":\"es\",\"@id\":\"https:\\\/\\\/digitalsantotome.com.ar\\\/?p=9018#primaryimage\",\"url\":\"https:\\\/\\\/digitalsantotome.com.ar\\\/wp-content\\\/uploads\\\/2024\\\/11\\\/IMG-20241126-WA0084.jpg\",\"contentUrl\":\"https:\\\/\\\/digitalsantotome.com.ar\\\/wp-content\\\/uploads\\\/2024\\\/11\\\/IMG-20241126-WA0084.jpg\",\"width\":1600,\"height\":1067},{\"@type\":\"BreadcrumbList\",\"@id\":\"https:\\\/\\\/digitalsantotome.com.ar\\\/?p=9018#breadcrumb\",\"itemListElement\":[{\"@type\":\"ListItem\",\"position\":1,\"name\":\"Portada\",\"item\":\"https:\\\/\\\/digitalsantotome.com.ar\\\/\"},{\"@type\":\"ListItem\",\"position\":2,\"name\":\"Dirigentes del PJ local se reunieron con Cristina y confirmaron que vendr\u00e1 a Corrientes\"}]},{\"@type\":\"WebSite\",\"@id\":\"https:\\\/\\\/digitalsantotome.com.ar\\\/#website\",\"url\":\"https:\\\/\\\/digitalsantotome.com.ar\\\/\",\"name\":\"Digital Santo Tom\u00e9\",\"description\":\"Noticias desde Santo Tom\u00e9 al Mundo \u2013 La informacion que decide\",\"publisher\":{\"@id\":\"https:\\\/\\\/digitalsantotome.com.ar\\\/#organization\"},\"potentialAction\":[{\"@type\":\"SearchAction\",\"target\":{\"@type\":\"EntryPoint\",\"urlTemplate\":\"https:\\\/\\\/digitalsantotome.com.ar\\\/?s={search_term_string}\"},\"query-input\":{\"@type\":\"PropertyValueSpecification\",\"valueRequired\":true,\"valueName\":\"search_term_string\"}}],\"inLanguage\":\"es\"},{\"@type\":\"Organization\",\"@id\":\"https:\\\/\\\/digitalsantotome.com.ar\\\/#organization\",\"name\":\"Digital Santo Tom\u00e9\",\"url\":\"https:\\\/\\\/digitalsantotome.com.ar\\\/\",\"logo\":{\"@type\":\"ImageObject\",\"inLanguage\":\"es\",\"@id\":\"https:\\\/\\\/digitalsantotome.com.ar\\\/#\\\/schema\\\/logo\\\/image\\\/\",\"url\":\"https:\\\/\\\/digitalsantotome.com.ar\\\/wp-content\\\/uploads\\\/2023\\\/01\\\/facebook.jpg\",\"contentUrl\":\"https:\\\/\\\/digitalsantotome.com.ar\\\/wp-content\\\/uploads\\\/2023\\\/01\\\/facebook.jpg\",\"width\":512,\"height\":376,\"caption\":\"Digital Santo Tom\u00e9\"},\"image\":{\"@id\":\"https:\\\/\\\/digitalsantotome.com.ar\\\/#\\\/schema\\\/logo\\\/image\\\/\"}},{\"@type\":\"Person\",\"@id\":\"https:\\\/\\\/digitalsantotome.com.ar\\\/#\\\/schema\\\/person\\\/8991d8822886fedd92ce7f03817e1bdf\",\"name\":\"Jose Carlos Machado\",\"url\":\"https:\\\/\\\/digitalsantotome.com.ar\\\/?author=2\"}]}<\/script>\n<!-- \/ Yoast SEO plugin. -->","yoast_head_json":{"title":"Dirigentes del PJ local se reunieron con Cristina y confirmaron que vendr\u00e1 a Corrientes - Digital Santo Tom\u00e9","robots":{"index":"index","follow":"follow","max-snippet":"max-snippet:-1","max-image-preview":"max-image-preview:large","max-video-preview":"max-video-preview:-1"},"canonical":"https:\/\/digitalsantotome.com.ar\/?p=9018","og_locale":"es_ES","og_type":"article","og_title":"Dirigentes del PJ local se reunieron con Cristina y confirmaron que vendr\u00e1 a Corrientes - Digital Santo Tom\u00e9","og_description":"CAPITAL DEDERAL. Una comitiva del PJ de Corrientes se reuni\u00f3 con Cristina Fern\u00e1ndez de Kirchner por un lapso de tres horas en CABA. El encuentro se desarroll\u00f3 en el Instituto Patria. La ex mandataria confirm\u00f3 que en marzo estar\u00e1 en la provincia de Corrientes. Expectativa en el justicialismo provincial. Referentes del Justicialismo correntino se reunieron...","og_url":"https:\/\/digitalsantotome.com.ar\/?p=9018","og_site_name":"Digital Santo Tom\u00e9","article_published_time":"2024-11-27T01:46:18+00:00","article_modified_time":"2024-11-27T10:28:21+00:00","og_image":[{"width":1600,"height":1067,"url":"https:\/\/digitalsantotome.com.ar\/wp-content\/uploads\/2024\/11\/IMG-20241126-WA0084.jpg","type":"image\/jpeg"}],"author":"Jose Carlos Machado","twitter_card":"summary_large_image","twitter_misc":{"Escrito por":"Jose Carlos Machado","Tiempo de lectura":"2 minutos"},"schema":{"@context":"https:\/\/schema.org","@graph":[{"@type":"Article","@id":"https:\/\/digitalsantotome.com.ar\/?p=9018#article","isPartOf":{"@id":"https:\/\/digitalsantotome.com.ar\/?p=9018"},"author":{"name":"Jose Carlos Machado","@id":"https:\/\/digitalsantotome.com.ar\/#\/schema\/person\/8991d8822886fedd92ce7f03817e1bdf"},"headline":"Dirigentes del PJ local se reunieron con Cristina y confirmaron que vendr\u00e1 a Corrientes","datePublished":"2024-11-27T01:46:18+00:00","dateModified":"2024-11-27T10:28:21+00:00","mainEntityOfPage":{"@id":"https:\/\/digitalsantotome.com.ar\/?p=9018"},"wordCount":199,"publisher":{"@id":"https:\/\/digitalsantotome.com.ar\/#organization"},"image":{"@id":"https:\/\/digitalsantotome.com.ar\/?p=9018#primaryimage"},"thumbnailUrl":"https:\/\/digitalsantotome.com.ar\/wp-content\/uploads\/2024\/11\/IMG-20241126-WA0084.jpg","articleSection":["Locales"],"inLanguage":"es"},{"@type":"WebPage","@id":"https:\/\/digitalsantotome.com.ar\/?p=9018","url":"https:\/\/digitalsantotome.com.ar\/?p=9018","name":"Dirigentes del PJ local se reunieron con Cristina y confirmaron que vendr\u00e1 a Corrientes - Digital Santo Tom\u00e9","isPartOf":{"@id":"https:\/\/digitalsantotome.com.ar\/#website"},"primaryImageOfPage":{"@id":"https:\/\/digitalsantotome.com.ar\/?p=9018#primaryimage"},"image":{"@id":"https:\/\/digitalsantotome.com.ar\/?p=9018#primaryimage"},"thumbnailUrl":"https:\/\/digitalsantotome.com.ar\/wp-content\/uploads\/2024\/11\/IMG-20241126-WA0084.jpg","datePublished":"2024-11-27T01:46:18+00:00","dateModified":"2024-11-27T10:28:21+00:00","breadcrumb":{"@id":"https:\/\/digitalsantotome.com.ar\/?p=9018#breadcrumb"},"inLanguage":"es","potentialAction":[{"@type":"ReadAction","target":["https:\/\/digitalsantotome.com.ar\/?p=9018"]}]},{"@type":"ImageObject","inLanguage":"es","@id":"https:\/\/digitalsantotome.com.ar\/?p=9018#primaryimage","url":"https:\/\/digitalsantotome.com.ar\/wp-content\/uploads\/2024\/11\/IMG-20241126-WA0084.jpg","contentUrl":"https:\/\/digitalsantotome.com.ar\/wp-content\/uploads\/2024\/11\/IMG-20241126-WA0084.jpg","width":1600,"height":1067},{"@type":"BreadcrumbList","@id":"https:\/\/digitalsantotome.com.ar\/?p=9018#breadcrumb","itemListElement":[{"@type":"ListItem","position":1,"name":"Portada","item":"https:\/\/digitalsantotome.com.ar\/"},{"@type":"ListItem","position":2,"name":"Dirigentes del PJ local se reunieron con Cristina y confirmaron que vendr\u00e1 a Corrientes"}]},{"@type":"WebSite","@id":"https:\/\/digitalsantotome.com.ar\/#website","url":"https:\/\/digitalsantotome.com.ar\/","name":"Digital Santo Tom\u00e9","description":"Noticias desde Santo Tom\u00e9 al Mundo \u2013 La informacion que decide","publisher":{"@id":"https:\/\/digitalsantotome.com.ar\/#organization"},"potentialAction":[{"@type":"SearchAction","target":{"@type":"EntryPoint","urlTemplate":"https:\/\/digitalsantotome.com.ar\/?s={search_term_string}"},"query-input":{"@type":"PropertyValueSpecification","valueRequired":true,"valueName":"search_term_string"}}],"inLanguage":"es"},{"@type":"Organization","@id":"https:\/\/digitalsantotome.com.ar\/#organization","name":"Digital Santo Tom\u00e9","url":"https:\/\/digitalsantotome.com.ar\/","logo":{"@type":"ImageObject","inLanguage":"es","@id":"https:\/\/digitalsantotome.com.ar\/#\/schema\/logo\/image\/","url":"https:\/\/digitalsantotome.com.ar\/wp-content\/uploads\/2023\/01\/facebook.jpg","contentUrl":"https:\/\/digitalsantotome.com.ar\/wp-content\/uploads\/2023\/01\/facebook.jpg","width":512,"height":376,"caption":"Digital Santo Tom\u00e9"},"image":{"@id":"https:\/\/digitalsantotome.com.ar\/#\/schema\/logo\/image\/"}},{"@type":"Person","@id":"https:\/\/digitalsantotome.com.ar\/#\/schema\/person\/8991d8822886fedd92ce7f03817e1bdf","name":"Jose Carlos Machado","url":"https:\/\/digitalsantotome.com.ar\/?author=2"}]}},"_links":{"self":[{"href":"https:\/\/digitalsantotome.com.ar\/index.php?rest_route=\/wp\/v2\/posts\/9018","targetHints":{"allow":["GET"]}}],"collection":[{"href":"https:\/\/digitalsantotome.com.ar\/index.php?rest_route=\/wp\/v2\/posts"}],"about":[{"href":"https:\/\/digitalsantotome.com.ar\/index.php?rest_route=\/wp\/v2\/types\/post"}],"author":[{"embeddable":true,"href":"https:\/\/digitalsantotome.com.ar\/index.php?rest_route=\/wp\/v2\/users\/2"}],"replies":[{"embeddable":true,"href":"https:\/\/digitalsantotome.com.ar\/index.php?rest_route=%2Fwp%2Fv2%2Fcomments&post=9018"}],"version-history":[{"count":3,"href":"https:\/\/digitalsantotome.com.ar\/index.php?rest_route=\/wp\/v2\/posts\/9018\/revisions"}],"predecessor-version":[{"id":9024,"href":"https:\/\/digitalsantotome.com.ar\/index.php?rest_route=\/wp\/v2\/posts\/9018\/revisions\/9024"}],"wp:featuredmedia":[{"embeddable":true,"href":"https:\/\/digitalsantotome.com.ar\/index.php?rest_route=\/wp\/v2\/media\/9019"}],"wp:attachment":[{"href":"https:\/\/digitalsantotome.com.ar\/index.php?rest_route=%2Fwp%2Fv2%2Fmedia&parent=9018"}],"wp:term":[{"taxonomy":"category","embeddable":true,"href":"https:\/\/digitalsantotome.com.ar\/index.php?rest_route=%2Fwp%2Fv2%2Fcategories&post=9018"},{"taxonomy":"post_tag","embeddable":true,"href":"https:\/\/digitalsantotome.com.ar\/index.php?rest_route=%2Fwp%2Fv2%2Ftags&post=9018"}],"curies":[{"name":"wp","href":"https:\/\/api.w.org\/{rel}","templated":true}]}}