{"id":9113,"date":"2024-12-03T09:17:38","date_gmt":"2024-12-03T12:17:38","guid":{"rendered":"https:\/\/digitalsantotome.com.ar\/?p=9113"},"modified":"2024-12-03T17:27:04","modified_gmt":"2024-12-03T20:27:04","slug":"en-audiencia-publica-el-concejo-deliberante-abordo-lo-que-sera-el-cuadro-tarifario-del-ano-2025","status":"publish","type":"post","link":"https:\/\/digitalsantotome.com.ar\/?p=9113","title":{"rendered":"En audiencia p\u00fablica, el Concejo Deliberante abord\u00f3 lo que ser\u00e1 el cuadro tarifario del a\u00f1o 2025"},"content":{"rendered":"<p>SANTO TOME. Este lunes por la ma\u00f1ana, se llev\u00f3 a cabo en el Concejo Deliberante la primera audiencia p\u00fablica para tratar y abordar el nuevo cuadro tarifario que regir\u00e1 a partir del a\u00f1o pr\u00f3ximo en esta ciudad. Hubo presencia completa de los ediles de las dos bancadas, es decir oficialismo y oposici\u00f3n, aunque la C\u00e1mara de Comercio y ninguna instituci\u00f3n del medio optaron por no asistir a la misma ya que la audiencia no es vinculante.<\/p>\n<div class=\"entry-content-asset videofit\"><iframe title=\"Declaraciones de Hugo Insausti, contador municipal por el proyecto de la Tarifaria 2025\" width=\"720\" height=\"405\" src=\"https:\/\/www.youtube.com\/embed\/DVLw1eMMxGU?feature=oembed\" frameborder=\"0\" allow=\"accelerometer; autoplay; clipboard-write; encrypted-media; gyroscope; picture-in-picture; web-share\" referrerpolicy=\"strict-origin-when-cross-origin\" allowfullscreen><\/iframe><\/div>\n<p>Al respecto, el contador Hugo Insausti, titular del \u00e1rea de Finanzas de la comuna santotome\u00f1a, traz\u00f3 un breve panorama acerca de los temas abordados en la audiencia p\u00fablica. \u201cB\u00e1sicamente se abordaron todos los temas, esta audiencia p\u00fablica es para la tarifaria, en realidad el presupuesto 2025 ya est\u00e1 aprobado en general y en particular y promulgado tambi\u00e9n, en la audiencia estuvieron presentes todos los concejales y los t\u00e9cnicos que trabajan conmigo, que colaboran, las preguntas que se hicieron fueron m\u00e1s de los concejales, lamentablemente no estuvieron presentes los integrantes de la C\u00e1mara de Comercio que por ah\u00ed tienen siempre algo interesante que aportar, pero bueno no asistieron\u201d expres\u00f3 el funcionario p\u00fablico.<\/p>\n<p>\u00bfBAJA DE ALGUNOS IMPUESTOS?<\/p>\n<p>A rengl\u00f3n seguido, Insausti asegur\u00f3 que \u201cesta tarifaria b\u00e1sicamente lo que hace es arancelar a cero muchos derechos que estaban previstos como ser la parte de habilitaciones comerciales, la parte de libretas sanitarias, es decir que muchos conceptos quedaron reducidos a cero y no se van a cobrar durante el a\u00f1o 2025. Los valores que quedaron tarifados en otros conceptos son los que est\u00e1n vigentes ahora, no hubo aumentos de impuestos y de tasas ahora, se unific\u00f3 en un solo cuerpo algunas cosas que estaban en otras ordenanzas como ser toda la parte de zonificaci\u00f3n y se conserv\u00f3 una parte de ajuste tarifario que nos permite cada tres meses nos permite revisar un poquito las tarifas y aumentar de acuerdo a un coeficiente que si supera un cinco por ciento, estamos habilitados para hacerlo\u201d asegur\u00f3.<\/p>\n<p>Tambi\u00e9n agreg\u00f3 que \u201cla actualizaci\u00f3n abarca determinados art\u00edculos, no todos, por ejemplo el impuesto inmobiliario tiene su actualizaci\u00f3n propia sobre la base de la evaluaci\u00f3n fiscal e igualmente el impuesto automotor que tiene su actualizaci\u00f3n propia sobre la valuaci\u00f3n que nos pasa el Registro Nacional del Automotor, es decir algunos conceptos tiene actualizaci\u00f3n propia, en cambio otros conceptos no y que est\u00e1n alcanzados por esta f\u00f3rmula de actualizaci\u00f3n que no son los m\u00e1s importantes en la canasta de participaci\u00f3n en la recaudaci\u00f3n\u201d puntualiz\u00f3.<\/p>\n<p>El proyecto en cuesti\u00f3n pas\u00f3 ahora a las comisiones del Concejo Deliberante donde los ediles podr\u00e1n o no algunas modificaciones al proyecto en cuesti\u00f3n y el 9 de diciembre en Sesi\u00f3n Especial, se pondr\u00e1 a consideraci\u00f3n del cuerpo para su aprobaci\u00f3n o rechazo. Esta dem\u00e1s se\u00f1alar que el mismo ser\u00e1 aprobado debido a la mayor\u00eda de concejales que posee el oficialismo comunal sobre la oposici\u00f3n. El Concejo Deliberante actualmente se parece a una \u201cescriban\u00eda\u201d. Nada se debate y lo que m\u00e1s preocupa es la nula invitaci\u00f3n a los medios de comunicaci\u00f3n de la ciudad y a la comunidad en general para que asistan a este tipo de audiencias. Acaso otra de las materias pendientes que tiene el cuerpo deliberativo de Santo Tom\u00e9.<\/p>\n","protected":false},"excerpt":{"rendered":"<p>SANTO TOME. Este lunes por la ma\u00f1ana, se llev\u00f3 a cabo en el Concejo Deliberante la primera audiencia p\u00fablica para tratar y abordar el nuevo cuadro tarifario que regir\u00e1 a partir del a\u00f1o pr\u00f3ximo en esta ciudad. Hubo presencia completa de los ediles de las dos bancadas, es decir oficialismo y oposici\u00f3n, aunque la C\u00e1mara&#8230;<\/p>\n","protected":false},"author":2,"featured_media":9114,"comment_status":"closed","ping_status":"closed","sticky":false,"template":"","format":"standard","meta":{"_kad_post_transparent":"default","_kad_post_title":"default","_kad_post_layout":"default","_kad_post_sidebar_id":"","_kad_post_content_style":"default","_kad_post_vertical_padding":"default","_kad_post_feature":"","_kad_post_feature_position":"","_kad_post_header":false,"_kad_post_footer":false,"_kad_post_classname":"","footnotes":""},"categories":[1],"tags":[],"class_list":["post-9113","post","type-post","status-publish","format-standard","has-post-thumbnail","hentry","category-locales"],"a3_pvc":{"activated":false,"total_views":0,"today_views":0},"yoast_head":"<!-- This site is optimized with the Yoast SEO plugin v27.5 - https:\/\/yoast.com\/product\/yoast-seo-wordpress\/ -->\n<title>En audiencia p\u00fablica, el Concejo Deliberante abord\u00f3 lo que ser\u00e1 el cuadro tarifario del a\u00f1o 2025 - Digital Santo Tom\u00e9<\/title>\n<meta name=\"robots\" content=\"index, follow, max-snippet:-1, max-image-preview:large, max-video-preview:-1\" \/>\n<link rel=\"canonical\" href=\"https:\/\/digitalsantotome.com.ar\/?p=9113\" \/>\n<meta property=\"og:locale\" content=\"es_ES\" \/>\n<meta property=\"og:type\" content=\"article\" \/>\n<meta property=\"og:title\" content=\"En audiencia p\u00fablica, el Concejo Deliberante abord\u00f3 lo que ser\u00e1 el cuadro tarifario del a\u00f1o 2025 - Digital Santo Tom\u00e9\" \/>\n<meta property=\"og:description\" content=\"SANTO TOME. Este lunes por la ma\u00f1ana, se llev\u00f3 a cabo en el Concejo Deliberante la primera audiencia p\u00fablica para tratar y abordar el nuevo cuadro tarifario que regir\u00e1 a partir del a\u00f1o pr\u00f3ximo en esta ciudad. Hubo presencia completa de los ediles de las dos bancadas, es decir oficialismo y oposici\u00f3n, aunque la C\u00e1mara...\" \/>\n<meta property=\"og:url\" content=\"https:\/\/digitalsantotome.com.ar\/?p=9113\" \/>\n<meta property=\"og:site_name\" content=\"Digital Santo Tom\u00e9\" \/>\n<meta property=\"article:published_time\" content=\"2024-12-03T12:17:38+00:00\" \/>\n<meta property=\"article:modified_time\" content=\"2024-12-03T20:27:04+00:00\" \/>\n<meta property=\"og:image\" content=\"https:\/\/digitalsantotome.com.ar\/wp-content\/uploads\/2024\/12\/IMG_20241202_104545.jpg\" \/>\n\t<meta property=\"og:image:width\" content=\"800\" \/>\n\t<meta property=\"og:image:height\" content=\"369\" \/>\n\t<meta property=\"og:image:type\" content=\"image\/jpeg\" \/>\n<meta name=\"author\" content=\"Jose Carlos Machado\" \/>\n<meta name=\"twitter:card\" content=\"summary_large_image\" \/>\n<meta name=\"twitter:label1\" content=\"Escrito por\" \/>\n\t<meta name=\"twitter:data1\" content=\"Jose Carlos Machado\" \/>\n\t<meta name=\"twitter:label2\" content=\"Tiempo de lectura\" \/>\n\t<meta name=\"twitter:data2\" content=\"3 minutos\" \/>\n<script type=\"application\/ld+json\" class=\"yoast-schema-graph\">{\"@context\":\"https:\\\/\\\/schema.org\",\"@graph\":[{\"@type\":\"Article\",\"@id\":\"https:\\\/\\\/digitalsantotome.com.ar\\\/?p=9113#article\",\"isPartOf\":{\"@id\":\"https:\\\/\\\/digitalsantotome.com.ar\\\/?p=9113\"},\"author\":{\"name\":\"Jose Carlos Machado\",\"@id\":\"https:\\\/\\\/digitalsantotome.com.ar\\\/#\\\/schema\\\/person\\\/8991d8822886fedd92ce7f03817e1bdf\"},\"headline\":\"En audiencia p\u00fablica, el Concejo Deliberante abord\u00f3 lo que ser\u00e1 el cuadro tarifario del a\u00f1o 2025\",\"datePublished\":\"2024-12-03T12:17:38+00:00\",\"dateModified\":\"2024-12-03T20:27:04+00:00\",\"mainEntityOfPage\":{\"@id\":\"https:\\\/\\\/digitalsantotome.com.ar\\\/?p=9113\"},\"wordCount\":602,\"publisher\":{\"@id\":\"https:\\\/\\\/digitalsantotome.com.ar\\\/#organization\"},\"image\":{\"@id\":\"https:\\\/\\\/digitalsantotome.com.ar\\\/?p=9113#primaryimage\"},\"thumbnailUrl\":\"https:\\\/\\\/digitalsantotome.com.ar\\\/wp-content\\\/uploads\\\/2024\\\/12\\\/IMG_20241202_104545.jpg\",\"articleSection\":[\"Locales\"],\"inLanguage\":\"es\"},{\"@type\":\"WebPage\",\"@id\":\"https:\\\/\\\/digitalsantotome.com.ar\\\/?p=9113\",\"url\":\"https:\\\/\\\/digitalsantotome.com.ar\\\/?p=9113\",\"name\":\"En audiencia p\u00fablica, el Concejo Deliberante abord\u00f3 lo que ser\u00e1 el cuadro tarifario del a\u00f1o 2025 - Digital Santo Tom\u00e9\",\"isPartOf\":{\"@id\":\"https:\\\/\\\/digitalsantotome.com.ar\\\/#website\"},\"primaryImageOfPage\":{\"@id\":\"https:\\\/\\\/digitalsantotome.com.ar\\\/?p=9113#primaryimage\"},\"image\":{\"@id\":\"https:\\\/\\\/digitalsantotome.com.ar\\\/?p=9113#primaryimage\"},\"thumbnailUrl\":\"https:\\\/\\\/digitalsantotome.com.ar\\\/wp-content\\\/uploads\\\/2024\\\/12\\\/IMG_20241202_104545.jpg\",\"datePublished\":\"2024-12-03T12:17:38+00:00\",\"dateModified\":\"2024-12-03T20:27:04+00:00\",\"breadcrumb\":{\"@id\":\"https:\\\/\\\/digitalsantotome.com.ar\\\/?p=9113#breadcrumb\"},\"inLanguage\":\"es\",\"potentialAction\":[{\"@type\":\"ReadAction\",\"target\":[\"https:\\\/\\\/digitalsantotome.com.ar\\\/?p=9113\"]}]},{\"@type\":\"ImageObject\",\"inLanguage\":\"es\",\"@id\":\"https:\\\/\\\/digitalsantotome.com.ar\\\/?p=9113#primaryimage\",\"url\":\"https:\\\/\\\/digitalsantotome.com.ar\\\/wp-content\\\/uploads\\\/2024\\\/12\\\/IMG_20241202_104545.jpg\",\"contentUrl\":\"https:\\\/\\\/digitalsantotome.com.ar\\\/wp-content\\\/uploads\\\/2024\\\/12\\\/IMG_20241202_104545.jpg\",\"width\":800,\"height\":369},{\"@type\":\"BreadcrumbList\",\"@id\":\"https:\\\/\\\/digitalsantotome.com.ar\\\/?p=9113#breadcrumb\",\"itemListElement\":[{\"@type\":\"ListItem\",\"position\":1,\"name\":\"Portada\",\"item\":\"https:\\\/\\\/digitalsantotome.com.ar\\\/\"},{\"@type\":\"ListItem\",\"position\":2,\"name\":\"En audiencia p\u00fablica, el Concejo Deliberante abord\u00f3 lo que ser\u00e1 el cuadro tarifario del a\u00f1o 2025\"}]},{\"@type\":\"WebSite\",\"@id\":\"https:\\\/\\\/digitalsantotome.com.ar\\\/#website\",\"url\":\"https:\\\/\\\/digitalsantotome.com.ar\\\/\",\"name\":\"Digital Santo Tom\u00e9\",\"description\":\"Noticias desde Santo Tom\u00e9 al Mundo \u2013 La informacion que decide\",\"publisher\":{\"@id\":\"https:\\\/\\\/digitalsantotome.com.ar\\\/#organization\"},\"potentialAction\":[{\"@type\":\"SearchAction\",\"target\":{\"@type\":\"EntryPoint\",\"urlTemplate\":\"https:\\\/\\\/digitalsantotome.com.ar\\\/?s={search_term_string}\"},\"query-input\":{\"@type\":\"PropertyValueSpecification\",\"valueRequired\":true,\"valueName\":\"search_term_string\"}}],\"inLanguage\":\"es\"},{\"@type\":\"Organization\",\"@id\":\"https:\\\/\\\/digitalsantotome.com.ar\\\/#organization\",\"name\":\"Digital Santo Tom\u00e9\",\"url\":\"https:\\\/\\\/digitalsantotome.com.ar\\\/\",\"logo\":{\"@type\":\"ImageObject\",\"inLanguage\":\"es\",\"@id\":\"https:\\\/\\\/digitalsantotome.com.ar\\\/#\\\/schema\\\/logo\\\/image\\\/\",\"url\":\"https:\\\/\\\/digitalsantotome.com.ar\\\/wp-content\\\/uploads\\\/2023\\\/01\\\/facebook.jpg\",\"contentUrl\":\"https:\\\/\\\/digitalsantotome.com.ar\\\/wp-content\\\/uploads\\\/2023\\\/01\\\/facebook.jpg\",\"width\":512,\"height\":376,\"caption\":\"Digital Santo Tom\u00e9\"},\"image\":{\"@id\":\"https:\\\/\\\/digitalsantotome.com.ar\\\/#\\\/schema\\\/logo\\\/image\\\/\"}},{\"@type\":\"Person\",\"@id\":\"https:\\\/\\\/digitalsantotome.com.ar\\\/#\\\/schema\\\/person\\\/8991d8822886fedd92ce7f03817e1bdf\",\"name\":\"Jose Carlos Machado\",\"url\":\"https:\\\/\\\/digitalsantotome.com.ar\\\/?author=2\"}]}<\/script>\n<!-- \/ Yoast SEO plugin. -->","yoast_head_json":{"title":"En audiencia p\u00fablica, el Concejo Deliberante abord\u00f3 lo que ser\u00e1 el cuadro tarifario del a\u00f1o 2025 - Digital Santo Tom\u00e9","robots":{"index":"index","follow":"follow","max-snippet":"max-snippet:-1","max-image-preview":"max-image-preview:large","max-video-preview":"max-video-preview:-1"},"canonical":"https:\/\/digitalsantotome.com.ar\/?p=9113","og_locale":"es_ES","og_type":"article","og_title":"En audiencia p\u00fablica, el Concejo Deliberante abord\u00f3 lo que ser\u00e1 el cuadro tarifario del a\u00f1o 2025 - Digital Santo Tom\u00e9","og_description":"SANTO TOME. Este lunes por la ma\u00f1ana, se llev\u00f3 a cabo en el Concejo Deliberante la primera audiencia p\u00fablica para tratar y abordar el nuevo cuadro tarifario que regir\u00e1 a partir del a\u00f1o pr\u00f3ximo en esta ciudad. Hubo presencia completa de los ediles de las dos bancadas, es decir oficialismo y oposici\u00f3n, aunque la C\u00e1mara...","og_url":"https:\/\/digitalsantotome.com.ar\/?p=9113","og_site_name":"Digital Santo Tom\u00e9","article_published_time":"2024-12-03T12:17:38+00:00","article_modified_time":"2024-12-03T20:27:04+00:00","og_image":[{"width":800,"height":369,"url":"https:\/\/digitalsantotome.com.ar\/wp-content\/uploads\/2024\/12\/IMG_20241202_104545.jpg","type":"image\/jpeg"}],"author":"Jose Carlos Machado","twitter_card":"summary_large_image","twitter_misc":{"Escrito por":"Jose Carlos Machado","Tiempo de lectura":"3 minutos"},"schema":{"@context":"https:\/\/schema.org","@graph":[{"@type":"Article","@id":"https:\/\/digitalsantotome.com.ar\/?p=9113#article","isPartOf":{"@id":"https:\/\/digitalsantotome.com.ar\/?p=9113"},"author":{"name":"Jose Carlos Machado","@id":"https:\/\/digitalsantotome.com.ar\/#\/schema\/person\/8991d8822886fedd92ce7f03817e1bdf"},"headline":"En audiencia p\u00fablica, el Concejo Deliberante abord\u00f3 lo que ser\u00e1 el cuadro tarifario del a\u00f1o 2025","datePublished":"2024-12-03T12:17:38+00:00","dateModified":"2024-12-03T20:27:04+00:00","mainEntityOfPage":{"@id":"https:\/\/digitalsantotome.com.ar\/?p=9113"},"wordCount":602,"publisher":{"@id":"https:\/\/digitalsantotome.com.ar\/#organization"},"image":{"@id":"https:\/\/digitalsantotome.com.ar\/?p=9113#primaryimage"},"thumbnailUrl":"https:\/\/digitalsantotome.com.ar\/wp-content\/uploads\/2024\/12\/IMG_20241202_104545.jpg","articleSection":["Locales"],"inLanguage":"es"},{"@type":"WebPage","@id":"https:\/\/digitalsantotome.com.ar\/?p=9113","url":"https:\/\/digitalsantotome.com.ar\/?p=9113","name":"En audiencia p\u00fablica, el Concejo Deliberante abord\u00f3 lo que ser\u00e1 el cuadro tarifario del a\u00f1o 2025 - Digital Santo Tom\u00e9","isPartOf":{"@id":"https:\/\/digitalsantotome.com.ar\/#website"},"primaryImageOfPage":{"@id":"https:\/\/digitalsantotome.com.ar\/?p=9113#primaryimage"},"image":{"@id":"https:\/\/digitalsantotome.com.ar\/?p=9113#primaryimage"},"thumbnailUrl":"https:\/\/digitalsantotome.com.ar\/wp-content\/uploads\/2024\/12\/IMG_20241202_104545.jpg","datePublished":"2024-12-03T12:17:38+00:00","dateModified":"2024-12-03T20:27:04+00:00","breadcrumb":{"@id":"https:\/\/digitalsantotome.com.ar\/?p=9113#breadcrumb"},"inLanguage":"es","potentialAction":[{"@type":"ReadAction","target":["https:\/\/digitalsantotome.com.ar\/?p=9113"]}]},{"@type":"ImageObject","inLanguage":"es","@id":"https:\/\/digitalsantotome.com.ar\/?p=9113#primaryimage","url":"https:\/\/digitalsantotome.com.ar\/wp-content\/uploads\/2024\/12\/IMG_20241202_104545.jpg","contentUrl":"https:\/\/digitalsantotome.com.ar\/wp-content\/uploads\/2024\/12\/IMG_20241202_104545.jpg","width":800,"height":369},{"@type":"BreadcrumbList","@id":"https:\/\/digitalsantotome.com.ar\/?p=9113#breadcrumb","itemListElement":[{"@type":"ListItem","position":1,"name":"Portada","item":"https:\/\/digitalsantotome.com.ar\/"},{"@type":"ListItem","position":2,"name":"En audiencia p\u00fablica, el Concejo Deliberante abord\u00f3 lo que ser\u00e1 el cuadro tarifario del a\u00f1o 2025"}]},{"@type":"WebSite","@id":"https:\/\/digitalsantotome.com.ar\/#website","url":"https:\/\/digitalsantotome.com.ar\/","name":"Digital Santo Tom\u00e9","description":"Noticias desde Santo Tom\u00e9 al Mundo \u2013 La informacion que decide","publisher":{"@id":"https:\/\/digitalsantotome.com.ar\/#organization"},"potentialAction":[{"@type":"SearchAction","target":{"@type":"EntryPoint","urlTemplate":"https:\/\/digitalsantotome.com.ar\/?s={search_term_string}"},"query-input":{"@type":"PropertyValueSpecification","valueRequired":true,"valueName":"search_term_string"}}],"inLanguage":"es"},{"@type":"Organization","@id":"https:\/\/digitalsantotome.com.ar\/#organization","name":"Digital Santo Tom\u00e9","url":"https:\/\/digitalsantotome.com.ar\/","logo":{"@type":"ImageObject","inLanguage":"es","@id":"https:\/\/digitalsantotome.com.ar\/#\/schema\/logo\/image\/","url":"https:\/\/digitalsantotome.com.ar\/wp-content\/uploads\/2023\/01\/facebook.jpg","contentUrl":"https:\/\/digitalsantotome.com.ar\/wp-content\/uploads\/2023\/01\/facebook.jpg","width":512,"height":376,"caption":"Digital Santo Tom\u00e9"},"image":{"@id":"https:\/\/digitalsantotome.com.ar\/#\/schema\/logo\/image\/"}},{"@type":"Person","@id":"https:\/\/digitalsantotome.com.ar\/#\/schema\/person\/8991d8822886fedd92ce7f03817e1bdf","name":"Jose Carlos Machado","url":"https:\/\/digitalsantotome.com.ar\/?author=2"}]}},"_links":{"self":[{"href":"https:\/\/digitalsantotome.com.ar\/index.php?rest_route=\/wp\/v2\/posts\/9113","targetHints":{"allow":["GET"]}}],"collection":[{"href":"https:\/\/digitalsantotome.com.ar\/index.php?rest_route=\/wp\/v2\/posts"}],"about":[{"href":"https:\/\/digitalsantotome.com.ar\/index.php?rest_route=\/wp\/v2\/types\/post"}],"author":[{"embeddable":true,"href":"https:\/\/digitalsantotome.com.ar\/index.php?rest_route=\/wp\/v2\/users\/2"}],"replies":[{"embeddable":true,"href":"https:\/\/digitalsantotome.com.ar\/index.php?rest_route=%2Fwp%2Fv2%2Fcomments&post=9113"}],"version-history":[{"count":1,"href":"https:\/\/digitalsantotome.com.ar\/index.php?rest_route=\/wp\/v2\/posts\/9113\/revisions"}],"predecessor-version":[{"id":9115,"href":"https:\/\/digitalsantotome.com.ar\/index.php?rest_route=\/wp\/v2\/posts\/9113\/revisions\/9115"}],"wp:featuredmedia":[{"embeddable":true,"href":"https:\/\/digitalsantotome.com.ar\/index.php?rest_route=\/wp\/v2\/media\/9114"}],"wp:attachment":[{"href":"https:\/\/digitalsantotome.com.ar\/index.php?rest_route=%2Fwp%2Fv2%2Fmedia&parent=9113"}],"wp:term":[{"taxonomy":"category","embeddable":true,"href":"https:\/\/digitalsantotome.com.ar\/index.php?rest_route=%2Fwp%2Fv2%2Fcategories&post=9113"},{"taxonomy":"post_tag","embeddable":true,"href":"https:\/\/digitalsantotome.com.ar\/index.php?rest_route=%2Fwp%2Fv2%2Ftags&post=9113"}],"curies":[{"name":"wp","href":"https:\/\/api.w.org\/{rel}","templated":true}]}}