{"id":9116,"date":"2024-12-03T17:25:52","date_gmt":"2024-12-03T20:25:52","guid":{"rendered":"https:\/\/digitalsantotome.com.ar\/?p=9116"},"modified":"2024-12-04T15:37:30","modified_gmt":"2024-12-04T18:37:30","slug":"colombi-participo-de-un-mitin-politico-en-santo-tome-y-planteo-algunos-interrogantes","status":"publish","type":"post","link":"https:\/\/digitalsantotome.com.ar\/?p=9116","title":{"rendered":"Colombi particip\u00f3 de un mit\u00edn pol\u00edtico en Santo Tom\u00e9 y plante\u00f3 algunos interrogantes"},"content":{"rendered":"<p>SANTO TOME. Este lunes 02 de diciembre, el ex gobernador Ricardo Colombi estuvo en esta\u00a0ciudad en el marco de una gira proselitista que viene realizando por todo el territorio provincial de cara a las elecciones a gobernador del a\u00f1o pr\u00f3ximo. El actual senador provincial, mantuvo un encuentro pol\u00edtico que tuvo lugar en las instalaciones del Club Sarmiento en horas de la tarde-noche. Quien fuera tres veces gobernador, ratific\u00f3 sus renovadas aspiraciones de volver a gobernar la provincia.<\/p>\n<div class=\"entry-content-asset videofit\"><iframe title=\"El ex gobernador Ricardo Colombi estuvo en Santo Tom\u00e9 y ratific\u00f3 sus aspiraciones de ser nuevamente\" width=\"720\" height=\"405\" src=\"https:\/\/www.youtube.com\/embed\/SqB0iXQAIxk?feature=oembed\" frameborder=\"0\" allow=\"accelerometer; autoplay; clipboard-write; encrypted-media; gyroscope; picture-in-picture; web-share\" referrerpolicy=\"strict-origin-when-cross-origin\" allowfullscreen><\/iframe><\/div>\n<p>La presencia del mercede\u00f1o, no hace m\u00e1s que oficializar las versiones que ven\u00edan circulando en el ambiente pol\u00edtico correntino acerca del quiebre de la alianza entre Gustavo Vald\u00e9s y Ricardo Colombi, acaso una situaci\u00f3n que pone a muchos dirigentes, funcionarios y militantes del radicalismo y sus aliados en un evidente estado de nerviosismo. Es que el motivo es simple, en las elecciones del a\u00f1o pr\u00f3ximo cuando se elija al nuevo gobernador, se puede volver a repetir lo que fue la historia del viejo Pacto Autonomista \u2013 Liberal que tras desavenencias internas entre \u00abcolorados y celestes\u00bb terminaron perdiendo el poder.<\/p>\n","protected":false},"excerpt":{"rendered":"<p>SANTO TOME. Este lunes 02 de diciembre, el ex gobernador Ricardo Colombi estuvo en esta\u00a0ciudad en el marco de una gira proselitista que viene realizando por todo el territorio provincial de cara a las elecciones a gobernador del a\u00f1o pr\u00f3ximo. El actual senador provincial, mantuvo un encuentro pol\u00edtico que tuvo lugar en las instalaciones del&#8230;<\/p>\n","protected":false},"author":2,"featured_media":9117,"comment_status":"closed","ping_status":"closed","sticky":false,"template":"","format":"standard","meta":{"_kad_post_transparent":"default","_kad_post_title":"default","_kad_post_layout":"default","_kad_post_sidebar_id":"","_kad_post_content_style":"default","_kad_post_vertical_padding":"default","_kad_post_feature":"","_kad_post_feature_position":"","_kad_post_header":false,"_kad_post_footer":false,"_kad_post_classname":"","footnotes":""},"categories":[1],"tags":[],"class_list":["post-9116","post","type-post","status-publish","format-standard","has-post-thumbnail","hentry","category-locales"],"a3_pvc":{"activated":false,"total_views":0,"today_views":0},"yoast_head":"<!-- This site is optimized with the Yoast SEO plugin v27.5 - https:\/\/yoast.com\/product\/yoast-seo-wordpress\/ -->\n<title>Colombi particip\u00f3 de un mit\u00edn pol\u00edtico en Santo Tom\u00e9 y plante\u00f3 algunos interrogantes - Digital Santo Tom\u00e9<\/title>\n<meta name=\"robots\" content=\"index, follow, max-snippet:-1, max-image-preview:large, max-video-preview:-1\" \/>\n<link rel=\"canonical\" href=\"https:\/\/digitalsantotome.com.ar\/?p=9116\" \/>\n<meta property=\"og:locale\" content=\"es_ES\" \/>\n<meta property=\"og:type\" content=\"article\" \/>\n<meta property=\"og:title\" content=\"Colombi particip\u00f3 de un mit\u00edn pol\u00edtico en Santo Tom\u00e9 y plante\u00f3 algunos interrogantes - Digital Santo Tom\u00e9\" \/>\n<meta property=\"og:description\" content=\"SANTO TOME. Este lunes 02 de diciembre, el ex gobernador Ricardo Colombi estuvo en esta\u00a0ciudad en el marco de una gira proselitista que viene realizando por todo el territorio provincial de cara a las elecciones a gobernador del a\u00f1o pr\u00f3ximo. El actual senador provincial, mantuvo un encuentro pol\u00edtico que tuvo lugar en las instalaciones del...\" \/>\n<meta property=\"og:url\" content=\"https:\/\/digitalsantotome.com.ar\/?p=9116\" \/>\n<meta property=\"og:site_name\" content=\"Digital Santo Tom\u00e9\" \/>\n<meta property=\"article:published_time\" content=\"2024-12-03T20:25:52+00:00\" \/>\n<meta property=\"article:modified_time\" content=\"2024-12-04T18:37:30+00:00\" \/>\n<meta property=\"og:image\" content=\"https:\/\/digitalsantotome.com.ar\/wp-content\/uploads\/2024\/12\/IMG-20241202-WA0099.jpg\" \/>\n\t<meta property=\"og:image:width\" content=\"1152\" \/>\n\t<meta property=\"og:image:height\" content=\"648\" \/>\n\t<meta property=\"og:image:type\" content=\"image\/jpeg\" \/>\n<meta name=\"author\" content=\"Jose Carlos Machado\" \/>\n<meta name=\"twitter:card\" content=\"summary_large_image\" \/>\n<meta name=\"twitter:label1\" content=\"Escrito por\" \/>\n\t<meta name=\"twitter:data1\" content=\"Jose Carlos Machado\" \/>\n\t<meta name=\"twitter:label2\" content=\"Tiempo de lectura\" \/>\n\t<meta name=\"twitter:data2\" content=\"2 minutos\" \/>\n<script type=\"application\/ld+json\" class=\"yoast-schema-graph\">{\"@context\":\"https:\\\/\\\/schema.org\",\"@graph\":[{\"@type\":\"Article\",\"@id\":\"https:\\\/\\\/digitalsantotome.com.ar\\\/?p=9116#article\",\"isPartOf\":{\"@id\":\"https:\\\/\\\/digitalsantotome.com.ar\\\/?p=9116\"},\"author\":{\"name\":\"Jose Carlos Machado\",\"@id\":\"https:\\\/\\\/digitalsantotome.com.ar\\\/#\\\/schema\\\/person\\\/8991d8822886fedd92ce7f03817e1bdf\"},\"headline\":\"Colombi particip\u00f3 de un mit\u00edn pol\u00edtico en Santo Tom\u00e9 y plante\u00f3 algunos interrogantes\",\"datePublished\":\"2024-12-03T20:25:52+00:00\",\"dateModified\":\"2024-12-04T18:37:30+00:00\",\"mainEntityOfPage\":{\"@id\":\"https:\\\/\\\/digitalsantotome.com.ar\\\/?p=9116\"},\"wordCount\":209,\"publisher\":{\"@id\":\"https:\\\/\\\/digitalsantotome.com.ar\\\/#organization\"},\"image\":{\"@id\":\"https:\\\/\\\/digitalsantotome.com.ar\\\/?p=9116#primaryimage\"},\"thumbnailUrl\":\"https:\\\/\\\/digitalsantotome.com.ar\\\/wp-content\\\/uploads\\\/2024\\\/12\\\/IMG-20241202-WA0099.jpg\",\"articleSection\":[\"Locales\"],\"inLanguage\":\"es\"},{\"@type\":\"WebPage\",\"@id\":\"https:\\\/\\\/digitalsantotome.com.ar\\\/?p=9116\",\"url\":\"https:\\\/\\\/digitalsantotome.com.ar\\\/?p=9116\",\"name\":\"Colombi particip\u00f3 de un mit\u00edn pol\u00edtico en Santo Tom\u00e9 y plante\u00f3 algunos interrogantes - Digital Santo Tom\u00e9\",\"isPartOf\":{\"@id\":\"https:\\\/\\\/digitalsantotome.com.ar\\\/#website\"},\"primaryImageOfPage\":{\"@id\":\"https:\\\/\\\/digitalsantotome.com.ar\\\/?p=9116#primaryimage\"},\"image\":{\"@id\":\"https:\\\/\\\/digitalsantotome.com.ar\\\/?p=9116#primaryimage\"},\"thumbnailUrl\":\"https:\\\/\\\/digitalsantotome.com.ar\\\/wp-content\\\/uploads\\\/2024\\\/12\\\/IMG-20241202-WA0099.jpg\",\"datePublished\":\"2024-12-03T20:25:52+00:00\",\"dateModified\":\"2024-12-04T18:37:30+00:00\",\"breadcrumb\":{\"@id\":\"https:\\\/\\\/digitalsantotome.com.ar\\\/?p=9116#breadcrumb\"},\"inLanguage\":\"es\",\"potentialAction\":[{\"@type\":\"ReadAction\",\"target\":[\"https:\\\/\\\/digitalsantotome.com.ar\\\/?p=9116\"]}]},{\"@type\":\"ImageObject\",\"inLanguage\":\"es\",\"@id\":\"https:\\\/\\\/digitalsantotome.com.ar\\\/?p=9116#primaryimage\",\"url\":\"https:\\\/\\\/digitalsantotome.com.ar\\\/wp-content\\\/uploads\\\/2024\\\/12\\\/IMG-20241202-WA0099.jpg\",\"contentUrl\":\"https:\\\/\\\/digitalsantotome.com.ar\\\/wp-content\\\/uploads\\\/2024\\\/12\\\/IMG-20241202-WA0099.jpg\",\"width\":1152,\"height\":648},{\"@type\":\"BreadcrumbList\",\"@id\":\"https:\\\/\\\/digitalsantotome.com.ar\\\/?p=9116#breadcrumb\",\"itemListElement\":[{\"@type\":\"ListItem\",\"position\":1,\"name\":\"Portada\",\"item\":\"https:\\\/\\\/digitalsantotome.com.ar\\\/\"},{\"@type\":\"ListItem\",\"position\":2,\"name\":\"Colombi particip\u00f3 de un mit\u00edn pol\u00edtico en Santo Tom\u00e9 y plante\u00f3 algunos interrogantes\"}]},{\"@type\":\"WebSite\",\"@id\":\"https:\\\/\\\/digitalsantotome.com.ar\\\/#website\",\"url\":\"https:\\\/\\\/digitalsantotome.com.ar\\\/\",\"name\":\"Digital Santo Tom\u00e9\",\"description\":\"Noticias desde Santo Tom\u00e9 al Mundo \u2013 La informacion que decide\",\"publisher\":{\"@id\":\"https:\\\/\\\/digitalsantotome.com.ar\\\/#organization\"},\"potentialAction\":[{\"@type\":\"SearchAction\",\"target\":{\"@type\":\"EntryPoint\",\"urlTemplate\":\"https:\\\/\\\/digitalsantotome.com.ar\\\/?s={search_term_string}\"},\"query-input\":{\"@type\":\"PropertyValueSpecification\",\"valueRequired\":true,\"valueName\":\"search_term_string\"}}],\"inLanguage\":\"es\"},{\"@type\":\"Organization\",\"@id\":\"https:\\\/\\\/digitalsantotome.com.ar\\\/#organization\",\"name\":\"Digital Santo Tom\u00e9\",\"url\":\"https:\\\/\\\/digitalsantotome.com.ar\\\/\",\"logo\":{\"@type\":\"ImageObject\",\"inLanguage\":\"es\",\"@id\":\"https:\\\/\\\/digitalsantotome.com.ar\\\/#\\\/schema\\\/logo\\\/image\\\/\",\"url\":\"https:\\\/\\\/digitalsantotome.com.ar\\\/wp-content\\\/uploads\\\/2023\\\/01\\\/facebook.jpg\",\"contentUrl\":\"https:\\\/\\\/digitalsantotome.com.ar\\\/wp-content\\\/uploads\\\/2023\\\/01\\\/facebook.jpg\",\"width\":512,\"height\":376,\"caption\":\"Digital Santo Tom\u00e9\"},\"image\":{\"@id\":\"https:\\\/\\\/digitalsantotome.com.ar\\\/#\\\/schema\\\/logo\\\/image\\\/\"}},{\"@type\":\"Person\",\"@id\":\"https:\\\/\\\/digitalsantotome.com.ar\\\/#\\\/schema\\\/person\\\/8991d8822886fedd92ce7f03817e1bdf\",\"name\":\"Jose Carlos Machado\",\"url\":\"https:\\\/\\\/digitalsantotome.com.ar\\\/?author=2\"}]}<\/script>\n<!-- \/ Yoast SEO plugin. -->","yoast_head_json":{"title":"Colombi particip\u00f3 de un mit\u00edn pol\u00edtico en Santo Tom\u00e9 y plante\u00f3 algunos interrogantes - Digital Santo Tom\u00e9","robots":{"index":"index","follow":"follow","max-snippet":"max-snippet:-1","max-image-preview":"max-image-preview:large","max-video-preview":"max-video-preview:-1"},"canonical":"https:\/\/digitalsantotome.com.ar\/?p=9116","og_locale":"es_ES","og_type":"article","og_title":"Colombi particip\u00f3 de un mit\u00edn pol\u00edtico en Santo Tom\u00e9 y plante\u00f3 algunos interrogantes - Digital Santo Tom\u00e9","og_description":"SANTO TOME. Este lunes 02 de diciembre, el ex gobernador Ricardo Colombi estuvo en esta\u00a0ciudad en el marco de una gira proselitista que viene realizando por todo el territorio provincial de cara a las elecciones a gobernador del a\u00f1o pr\u00f3ximo. El actual senador provincial, mantuvo un encuentro pol\u00edtico que tuvo lugar en las instalaciones del...","og_url":"https:\/\/digitalsantotome.com.ar\/?p=9116","og_site_name":"Digital Santo Tom\u00e9","article_published_time":"2024-12-03T20:25:52+00:00","article_modified_time":"2024-12-04T18:37:30+00:00","og_image":[{"width":1152,"height":648,"url":"https:\/\/digitalsantotome.com.ar\/wp-content\/uploads\/2024\/12\/IMG-20241202-WA0099.jpg","type":"image\/jpeg"}],"author":"Jose Carlos Machado","twitter_card":"summary_large_image","twitter_misc":{"Escrito por":"Jose Carlos Machado","Tiempo de lectura":"2 minutos"},"schema":{"@context":"https:\/\/schema.org","@graph":[{"@type":"Article","@id":"https:\/\/digitalsantotome.com.ar\/?p=9116#article","isPartOf":{"@id":"https:\/\/digitalsantotome.com.ar\/?p=9116"},"author":{"name":"Jose Carlos Machado","@id":"https:\/\/digitalsantotome.com.ar\/#\/schema\/person\/8991d8822886fedd92ce7f03817e1bdf"},"headline":"Colombi particip\u00f3 de un mit\u00edn pol\u00edtico en Santo Tom\u00e9 y plante\u00f3 algunos interrogantes","datePublished":"2024-12-03T20:25:52+00:00","dateModified":"2024-12-04T18:37:30+00:00","mainEntityOfPage":{"@id":"https:\/\/digitalsantotome.com.ar\/?p=9116"},"wordCount":209,"publisher":{"@id":"https:\/\/digitalsantotome.com.ar\/#organization"},"image":{"@id":"https:\/\/digitalsantotome.com.ar\/?p=9116#primaryimage"},"thumbnailUrl":"https:\/\/digitalsantotome.com.ar\/wp-content\/uploads\/2024\/12\/IMG-20241202-WA0099.jpg","articleSection":["Locales"],"inLanguage":"es"},{"@type":"WebPage","@id":"https:\/\/digitalsantotome.com.ar\/?p=9116","url":"https:\/\/digitalsantotome.com.ar\/?p=9116","name":"Colombi particip\u00f3 de un mit\u00edn pol\u00edtico en Santo Tom\u00e9 y plante\u00f3 algunos interrogantes - Digital Santo Tom\u00e9","isPartOf":{"@id":"https:\/\/digitalsantotome.com.ar\/#website"},"primaryImageOfPage":{"@id":"https:\/\/digitalsantotome.com.ar\/?p=9116#primaryimage"},"image":{"@id":"https:\/\/digitalsantotome.com.ar\/?p=9116#primaryimage"},"thumbnailUrl":"https:\/\/digitalsantotome.com.ar\/wp-content\/uploads\/2024\/12\/IMG-20241202-WA0099.jpg","datePublished":"2024-12-03T20:25:52+00:00","dateModified":"2024-12-04T18:37:30+00:00","breadcrumb":{"@id":"https:\/\/digitalsantotome.com.ar\/?p=9116#breadcrumb"},"inLanguage":"es","potentialAction":[{"@type":"ReadAction","target":["https:\/\/digitalsantotome.com.ar\/?p=9116"]}]},{"@type":"ImageObject","inLanguage":"es","@id":"https:\/\/digitalsantotome.com.ar\/?p=9116#primaryimage","url":"https:\/\/digitalsantotome.com.ar\/wp-content\/uploads\/2024\/12\/IMG-20241202-WA0099.jpg","contentUrl":"https:\/\/digitalsantotome.com.ar\/wp-content\/uploads\/2024\/12\/IMG-20241202-WA0099.jpg","width":1152,"height":648},{"@type":"BreadcrumbList","@id":"https:\/\/digitalsantotome.com.ar\/?p=9116#breadcrumb","itemListElement":[{"@type":"ListItem","position":1,"name":"Portada","item":"https:\/\/digitalsantotome.com.ar\/"},{"@type":"ListItem","position":2,"name":"Colombi particip\u00f3 de un mit\u00edn pol\u00edtico en Santo Tom\u00e9 y plante\u00f3 algunos interrogantes"}]},{"@type":"WebSite","@id":"https:\/\/digitalsantotome.com.ar\/#website","url":"https:\/\/digitalsantotome.com.ar\/","name":"Digital Santo Tom\u00e9","description":"Noticias desde Santo Tom\u00e9 al Mundo \u2013 La informacion que decide","publisher":{"@id":"https:\/\/digitalsantotome.com.ar\/#organization"},"potentialAction":[{"@type":"SearchAction","target":{"@type":"EntryPoint","urlTemplate":"https:\/\/digitalsantotome.com.ar\/?s={search_term_string}"},"query-input":{"@type":"PropertyValueSpecification","valueRequired":true,"valueName":"search_term_string"}}],"inLanguage":"es"},{"@type":"Organization","@id":"https:\/\/digitalsantotome.com.ar\/#organization","name":"Digital Santo Tom\u00e9","url":"https:\/\/digitalsantotome.com.ar\/","logo":{"@type":"ImageObject","inLanguage":"es","@id":"https:\/\/digitalsantotome.com.ar\/#\/schema\/logo\/image\/","url":"https:\/\/digitalsantotome.com.ar\/wp-content\/uploads\/2023\/01\/facebook.jpg","contentUrl":"https:\/\/digitalsantotome.com.ar\/wp-content\/uploads\/2023\/01\/facebook.jpg","width":512,"height":376,"caption":"Digital Santo Tom\u00e9"},"image":{"@id":"https:\/\/digitalsantotome.com.ar\/#\/schema\/logo\/image\/"}},{"@type":"Person","@id":"https:\/\/digitalsantotome.com.ar\/#\/schema\/person\/8991d8822886fedd92ce7f03817e1bdf","name":"Jose Carlos Machado","url":"https:\/\/digitalsantotome.com.ar\/?author=2"}]}},"_links":{"self":[{"href":"https:\/\/digitalsantotome.com.ar\/index.php?rest_route=\/wp\/v2\/posts\/9116","targetHints":{"allow":["GET"]}}],"collection":[{"href":"https:\/\/digitalsantotome.com.ar\/index.php?rest_route=\/wp\/v2\/posts"}],"about":[{"href":"https:\/\/digitalsantotome.com.ar\/index.php?rest_route=\/wp\/v2\/types\/post"}],"author":[{"embeddable":true,"href":"https:\/\/digitalsantotome.com.ar\/index.php?rest_route=\/wp\/v2\/users\/2"}],"replies":[{"embeddable":true,"href":"https:\/\/digitalsantotome.com.ar\/index.php?rest_route=%2Fwp%2Fv2%2Fcomments&post=9116"}],"version-history":[{"count":1,"href":"https:\/\/digitalsantotome.com.ar\/index.php?rest_route=\/wp\/v2\/posts\/9116\/revisions"}],"predecessor-version":[{"id":9118,"href":"https:\/\/digitalsantotome.com.ar\/index.php?rest_route=\/wp\/v2\/posts\/9116\/revisions\/9118"}],"wp:featuredmedia":[{"embeddable":true,"href":"https:\/\/digitalsantotome.com.ar\/index.php?rest_route=\/wp\/v2\/media\/9117"}],"wp:attachment":[{"href":"https:\/\/digitalsantotome.com.ar\/index.php?rest_route=%2Fwp%2Fv2%2Fmedia&parent=9116"}],"wp:term":[{"taxonomy":"category","embeddable":true,"href":"https:\/\/digitalsantotome.com.ar\/index.php?rest_route=%2Fwp%2Fv2%2Fcategories&post=9116"},{"taxonomy":"post_tag","embeddable":true,"href":"https:\/\/digitalsantotome.com.ar\/index.php?rest_route=%2Fwp%2Fv2%2Ftags&post=9116"}],"curies":[{"name":"wp","href":"https:\/\/api.w.org\/{rel}","templated":true}]}}