{"id":9366,"date":"2025-01-06T16:36:27","date_gmt":"2025-01-06T19:36:27","guid":{"rendered":"https:\/\/digitalsantotome.com.ar\/?p=9366"},"modified":"2025-01-06T17:06:38","modified_gmt":"2025-01-06T20:06:38","slug":"advierten-que-se-reportan-un-promedio-de-cinco-incendios-diarios-en-santo-tome-y-alrededores","status":"publish","type":"post","link":"https:\/\/digitalsantotome.com.ar\/?p=9366","title":{"rendered":"Advierten que se reportan un promedio de cinco incendios diarios en Santo Tom\u00e9 y alrededores"},"content":{"rendered":"<p>SANTO TOME. El director de Defensa Civil Municipal Pablo Ver\u00f3n, traz\u00f3 un panorama de la situaci\u00f3n cr\u00edtica que se est\u00e1 viviendo en materia de incendios, y pidi\u00f3 concientizaci\u00f3n en la poblaci\u00f3n en este verano a ra\u00edz de la sequ\u00eda que azota a gran parte de la provincia.<\/p>\n<p>\u201cEstamos con un \u00edndice extremo (de peligrosidad de incendios) en toda la provincia. Ten\u00edamos una previsi\u00f3n de lluvias para el 8 o 9 de enero, lo que se corri\u00f3, ahora no se ve en ning\u00fan pron\u00f3stico precipitaci\u00f3n por los pr\u00f3ximos 15 d\u00edas. Y esto va a extremar esta situaci\u00f3n de sequ\u00eda\u201d, se\u00f1al\u00f3 Pablo Ver\u00f3n, director de Defensa Civil Municipal.<\/p>\n<p>En este sentido, cont\u00f3 que \u201cestamos combatiendo en el orden de 5 a 6 focos diarios, con la gente de Bomberos, el grupo BRIF (Brigada de Incendios Forestales de la Polic\u00eda) y Defensa Civil\u201d.<\/p>\n<p>\u201cHace unos d\u00edas estuvimos con tres focos en forma simult\u00e1nea. El d\u00eda de ayer (domingo) nos pas\u00f3 lo mismo: dos focos en el ejido urbano, uno cerca de Mercov\u00eda en cercan\u00edas al Centro Unificado de Frontera, uno en el ingreso a Santo Tom\u00e9 sobre las v\u00edas del ferrocarril, y el tercero en la zona de Cuay Grande (Ruta Nacional 14 a la altura del km 663). Se atac\u00f3 el de Mercov\u00eda y el del ingreso a Santo Tom\u00e9 en forma simult\u00e1nea, nos dividimos tareas con Bomberos y el BRIF. Y despu\u00e9s fuimos al sector del campo, Cuay, ya las tres instituciones: Bomberos, BRIF y Defensa Civil, y logramos controlar y eliminar el foco de incendio que estaba en el campo de Garay (Cuay) cerca de las 22.30. Y pasada la medianoche, en la zona de Mercov\u00eda hubo otro foco, volvieron a prender, que tambi\u00e9n fue controlado con la gente de Bomberos y Defensa Civil.<\/p>\n<p>En cuanto a la jornada de hoy, lunes, \u201cestamos yendo a verificar un foco en la zona de Cuay, que qued\u00f3 activo de anoche, porque en Cuay Grande hab\u00eda dos focos: uno hacia los esteros de la estancia Tres Taperas, que es de bastante dif\u00edcil acceso, as\u00ed que vamos a ver si eso en el transcurso de la noche no se elimin\u00f3, porque con las condiciones de temperatura y viento de hoy puede escalar en grandes dimensiones\u201d.<\/p>\n<p>Ver\u00f3n dijo que se encuentran totalmente abocados a los focos \u00edgneos que se van generando en estos d\u00edas, \u201cpriorizando lo que es el casco urbano y de ah\u00ed salimos al sector rural\u201d.<\/p>\n<p>\u201cLamentablemente la falta de concientizaci\u00f3n de la gente nos est\u00e1 llevando a tener en promedio cinco focos diarios\u201d, recalc\u00f3.<\/p>\n<p><img fetchpriority=\"high\" decoding=\"async\" class=\"alignnone size-full wp-image-9368\" src=\"https:\/\/digitalsantotome.com.ar\/wp-content\/uploads\/2025\/01\/IMG-20250106-WA0037.jpg\" alt=\"\" width=\"666\" height=\"623\" srcset=\"https:\/\/digitalsantotome.com.ar\/wp-content\/uploads\/2025\/01\/IMG-20250106-WA0037.jpg 666w, https:\/\/digitalsantotome.com.ar\/wp-content\/uploads\/2025\/01\/IMG-20250106-WA0037-300x281.jpg 300w\" sizes=\"(max-width: 666px) 100vw, 666px\" \/><\/p>\n<p><img decoding=\"async\" class=\"alignnone size-full wp-image-9369\" src=\"https:\/\/digitalsantotome.com.ar\/wp-content\/uploads\/2025\/01\/IMG-20250106-WA0038.jpg\" alt=\"\" width=\"840\" height=\"634\" srcset=\"https:\/\/digitalsantotome.com.ar\/wp-content\/uploads\/2025\/01\/IMG-20250106-WA0038.jpg 840w, https:\/\/digitalsantotome.com.ar\/wp-content\/uploads\/2025\/01\/IMG-20250106-WA0038-300x226.jpg 300w, https:\/\/digitalsantotome.com.ar\/wp-content\/uploads\/2025\/01\/IMG-20250106-WA0038-768x580.jpg 768w\" sizes=\"(max-width: 840px) 100vw, 840px\" \/><\/p>\n<p><img decoding=\"async\" class=\"alignnone size-full wp-image-9370\" src=\"https:\/\/digitalsantotome.com.ar\/wp-content\/uploads\/2025\/01\/IMG-20250106-WA0039.jpg\" alt=\"\" width=\"720\" height=\"960\" srcset=\"https:\/\/digitalsantotome.com.ar\/wp-content\/uploads\/2025\/01\/IMG-20250106-WA0039.jpg 720w, https:\/\/digitalsantotome.com.ar\/wp-content\/uploads\/2025\/01\/IMG-20250106-WA0039-225x300.jpg 225w\" sizes=\"(max-width: 720px) 100vw, 720px\" \/><\/p>\n<p>Fuente: Direcci\u00f3n Municipal de Informaci\u00f3n<\/p>\n","protected":false},"excerpt":{"rendered":"<p>SANTO TOME. El director de Defensa Civil Municipal Pablo Ver\u00f3n, traz\u00f3 un panorama de la situaci\u00f3n cr\u00edtica que se est\u00e1 viviendo en materia de incendios, y pidi\u00f3 concientizaci\u00f3n en la poblaci\u00f3n en este verano a ra\u00edz de la sequ\u00eda que azota a gran parte de la provincia. \u201cEstamos con un \u00edndice extremo (de peligrosidad de&#8230;<\/p>\n","protected":false},"author":2,"featured_media":9367,"comment_status":"closed","ping_status":"closed","sticky":false,"template":"","format":"standard","meta":{"_kad_post_transparent":"default","_kad_post_title":"default","_kad_post_layout":"default","_kad_post_sidebar_id":"","_kad_post_content_style":"default","_kad_post_vertical_padding":"default","_kad_post_feature":"","_kad_post_feature_position":"","_kad_post_header":false,"_kad_post_footer":false,"_kad_post_classname":"","footnotes":""},"categories":[1],"tags":[],"class_list":["post-9366","post","type-post","status-publish","format-standard","has-post-thumbnail","hentry","category-locales"],"a3_pvc":{"activated":false,"total_views":0,"today_views":0},"yoast_head":"<!-- This site is optimized with the Yoast SEO plugin v27.5 - https:\/\/yoast.com\/product\/yoast-seo-wordpress\/ -->\n<title>Advierten que se reportan un promedio de cinco incendios diarios en Santo Tom\u00e9 y alrededores - Digital Santo Tom\u00e9<\/title>\n<meta name=\"robots\" content=\"index, follow, max-snippet:-1, max-image-preview:large, max-video-preview:-1\" \/>\n<link rel=\"canonical\" href=\"https:\/\/digitalsantotome.com.ar\/?p=9366\" \/>\n<meta property=\"og:locale\" content=\"es_ES\" \/>\n<meta property=\"og:type\" content=\"article\" \/>\n<meta property=\"og:title\" content=\"Advierten que se reportan un promedio de cinco incendios diarios en Santo Tom\u00e9 y alrededores - Digital Santo Tom\u00e9\" \/>\n<meta property=\"og:description\" content=\"SANTO TOME. El director de Defensa Civil Municipal Pablo Ver\u00f3n, traz\u00f3 un panorama de la situaci\u00f3n cr\u00edtica que se est\u00e1 viviendo en materia de incendios, y pidi\u00f3 concientizaci\u00f3n en la poblaci\u00f3n en este verano a ra\u00edz de la sequ\u00eda que azota a gran parte de la provincia. \u201cEstamos con un \u00edndice extremo (de peligrosidad de...\" \/>\n<meta property=\"og:url\" content=\"https:\/\/digitalsantotome.com.ar\/?p=9366\" \/>\n<meta property=\"og:site_name\" content=\"Digital Santo Tom\u00e9\" \/>\n<meta property=\"article:published_time\" content=\"2025-01-06T19:36:27+00:00\" \/>\n<meta property=\"article:modified_time\" content=\"2025-01-06T20:06:38+00:00\" \/>\n<meta property=\"og:image\" content=\"https:\/\/digitalsantotome.com.ar\/wp-content\/uploads\/2025\/01\/IMG-20250106-WA0040.jpg\" \/>\n\t<meta property=\"og:image:width\" content=\"720\" \/>\n\t<meta property=\"og:image:height\" content=\"540\" \/>\n\t<meta property=\"og:image:type\" content=\"image\/jpeg\" \/>\n<meta name=\"author\" content=\"Jose Carlos Machado\" \/>\n<meta name=\"twitter:card\" content=\"summary_large_image\" \/>\n<meta name=\"twitter:label1\" content=\"Escrito por\" \/>\n\t<meta name=\"twitter:data1\" content=\"Jose Carlos Machado\" \/>\n\t<meta name=\"twitter:label2\" content=\"Tiempo de lectura\" \/>\n\t<meta name=\"twitter:data2\" content=\"3 minutos\" \/>\n<script type=\"application\/ld+json\" class=\"yoast-schema-graph\">{\"@context\":\"https:\\\/\\\/schema.org\",\"@graph\":[{\"@type\":\"Article\",\"@id\":\"https:\\\/\\\/digitalsantotome.com.ar\\\/?p=9366#article\",\"isPartOf\":{\"@id\":\"https:\\\/\\\/digitalsantotome.com.ar\\\/?p=9366\"},\"author\":{\"name\":\"Jose Carlos Machado\",\"@id\":\"https:\\\/\\\/digitalsantotome.com.ar\\\/#\\\/schema\\\/person\\\/8991d8822886fedd92ce7f03817e1bdf\"},\"headline\":\"Advierten que se reportan un promedio de cinco incendios diarios en Santo Tom\u00e9 y alrededores\",\"datePublished\":\"2025-01-06T19:36:27+00:00\",\"dateModified\":\"2025-01-06T20:06:38+00:00\",\"mainEntityOfPage\":{\"@id\":\"https:\\\/\\\/digitalsantotome.com.ar\\\/?p=9366\"},\"wordCount\":471,\"publisher\":{\"@id\":\"https:\\\/\\\/digitalsantotome.com.ar\\\/#organization\"},\"image\":{\"@id\":\"https:\\\/\\\/digitalsantotome.com.ar\\\/?p=9366#primaryimage\"},\"thumbnailUrl\":\"https:\\\/\\\/digitalsantotome.com.ar\\\/wp-content\\\/uploads\\\/2025\\\/01\\\/IMG-20250106-WA0040.jpg\",\"articleSection\":[\"Locales\"],\"inLanguage\":\"es\"},{\"@type\":\"WebPage\",\"@id\":\"https:\\\/\\\/digitalsantotome.com.ar\\\/?p=9366\",\"url\":\"https:\\\/\\\/digitalsantotome.com.ar\\\/?p=9366\",\"name\":\"Advierten que se reportan un promedio de cinco incendios diarios en Santo Tom\u00e9 y alrededores - Digital Santo Tom\u00e9\",\"isPartOf\":{\"@id\":\"https:\\\/\\\/digitalsantotome.com.ar\\\/#website\"},\"primaryImageOfPage\":{\"@id\":\"https:\\\/\\\/digitalsantotome.com.ar\\\/?p=9366#primaryimage\"},\"image\":{\"@id\":\"https:\\\/\\\/digitalsantotome.com.ar\\\/?p=9366#primaryimage\"},\"thumbnailUrl\":\"https:\\\/\\\/digitalsantotome.com.ar\\\/wp-content\\\/uploads\\\/2025\\\/01\\\/IMG-20250106-WA0040.jpg\",\"datePublished\":\"2025-01-06T19:36:27+00:00\",\"dateModified\":\"2025-01-06T20:06:38+00:00\",\"breadcrumb\":{\"@id\":\"https:\\\/\\\/digitalsantotome.com.ar\\\/?p=9366#breadcrumb\"},\"inLanguage\":\"es\",\"potentialAction\":[{\"@type\":\"ReadAction\",\"target\":[\"https:\\\/\\\/digitalsantotome.com.ar\\\/?p=9366\"]}]},{\"@type\":\"ImageObject\",\"inLanguage\":\"es\",\"@id\":\"https:\\\/\\\/digitalsantotome.com.ar\\\/?p=9366#primaryimage\",\"url\":\"https:\\\/\\\/digitalsantotome.com.ar\\\/wp-content\\\/uploads\\\/2025\\\/01\\\/IMG-20250106-WA0040.jpg\",\"contentUrl\":\"https:\\\/\\\/digitalsantotome.com.ar\\\/wp-content\\\/uploads\\\/2025\\\/01\\\/IMG-20250106-WA0040.jpg\",\"width\":720,\"height\":540},{\"@type\":\"BreadcrumbList\",\"@id\":\"https:\\\/\\\/digitalsantotome.com.ar\\\/?p=9366#breadcrumb\",\"itemListElement\":[{\"@type\":\"ListItem\",\"position\":1,\"name\":\"Portada\",\"item\":\"https:\\\/\\\/digitalsantotome.com.ar\\\/\"},{\"@type\":\"ListItem\",\"position\":2,\"name\":\"Advierten que se reportan un promedio de cinco incendios diarios en Santo Tom\u00e9 y alrededores\"}]},{\"@type\":\"WebSite\",\"@id\":\"https:\\\/\\\/digitalsantotome.com.ar\\\/#website\",\"url\":\"https:\\\/\\\/digitalsantotome.com.ar\\\/\",\"name\":\"Digital Santo Tom\u00e9\",\"description\":\"Noticias desde Santo Tom\u00e9 al Mundo \u2013 La informacion que decide\",\"publisher\":{\"@id\":\"https:\\\/\\\/digitalsantotome.com.ar\\\/#organization\"},\"potentialAction\":[{\"@type\":\"SearchAction\",\"target\":{\"@type\":\"EntryPoint\",\"urlTemplate\":\"https:\\\/\\\/digitalsantotome.com.ar\\\/?s={search_term_string}\"},\"query-input\":{\"@type\":\"PropertyValueSpecification\",\"valueRequired\":true,\"valueName\":\"search_term_string\"}}],\"inLanguage\":\"es\"},{\"@type\":\"Organization\",\"@id\":\"https:\\\/\\\/digitalsantotome.com.ar\\\/#organization\",\"name\":\"Digital Santo Tom\u00e9\",\"url\":\"https:\\\/\\\/digitalsantotome.com.ar\\\/\",\"logo\":{\"@type\":\"ImageObject\",\"inLanguage\":\"es\",\"@id\":\"https:\\\/\\\/digitalsantotome.com.ar\\\/#\\\/schema\\\/logo\\\/image\\\/\",\"url\":\"https:\\\/\\\/digitalsantotome.com.ar\\\/wp-content\\\/uploads\\\/2023\\\/01\\\/facebook.jpg\",\"contentUrl\":\"https:\\\/\\\/digitalsantotome.com.ar\\\/wp-content\\\/uploads\\\/2023\\\/01\\\/facebook.jpg\",\"width\":512,\"height\":376,\"caption\":\"Digital Santo Tom\u00e9\"},\"image\":{\"@id\":\"https:\\\/\\\/digitalsantotome.com.ar\\\/#\\\/schema\\\/logo\\\/image\\\/\"}},{\"@type\":\"Person\",\"@id\":\"https:\\\/\\\/digitalsantotome.com.ar\\\/#\\\/schema\\\/person\\\/8991d8822886fedd92ce7f03817e1bdf\",\"name\":\"Jose Carlos Machado\",\"url\":\"https:\\\/\\\/digitalsantotome.com.ar\\\/?author=2\"}]}<\/script>\n<!-- \/ Yoast SEO plugin. -->","yoast_head_json":{"title":"Advierten que se reportan un promedio de cinco incendios diarios en Santo Tom\u00e9 y alrededores - Digital Santo Tom\u00e9","robots":{"index":"index","follow":"follow","max-snippet":"max-snippet:-1","max-image-preview":"max-image-preview:large","max-video-preview":"max-video-preview:-1"},"canonical":"https:\/\/digitalsantotome.com.ar\/?p=9366","og_locale":"es_ES","og_type":"article","og_title":"Advierten que se reportan un promedio de cinco incendios diarios en Santo Tom\u00e9 y alrededores - Digital Santo Tom\u00e9","og_description":"SANTO TOME. El director de Defensa Civil Municipal Pablo Ver\u00f3n, traz\u00f3 un panorama de la situaci\u00f3n cr\u00edtica que se est\u00e1 viviendo en materia de incendios, y pidi\u00f3 concientizaci\u00f3n en la poblaci\u00f3n en este verano a ra\u00edz de la sequ\u00eda que azota a gran parte de la provincia. \u201cEstamos con un \u00edndice extremo (de peligrosidad de...","og_url":"https:\/\/digitalsantotome.com.ar\/?p=9366","og_site_name":"Digital Santo Tom\u00e9","article_published_time":"2025-01-06T19:36:27+00:00","article_modified_time":"2025-01-06T20:06:38+00:00","og_image":[{"width":720,"height":540,"url":"https:\/\/digitalsantotome.com.ar\/wp-content\/uploads\/2025\/01\/IMG-20250106-WA0040.jpg","type":"image\/jpeg"}],"author":"Jose Carlos Machado","twitter_card":"summary_large_image","twitter_misc":{"Escrito por":"Jose Carlos Machado","Tiempo de lectura":"3 minutos"},"schema":{"@context":"https:\/\/schema.org","@graph":[{"@type":"Article","@id":"https:\/\/digitalsantotome.com.ar\/?p=9366#article","isPartOf":{"@id":"https:\/\/digitalsantotome.com.ar\/?p=9366"},"author":{"name":"Jose Carlos Machado","@id":"https:\/\/digitalsantotome.com.ar\/#\/schema\/person\/8991d8822886fedd92ce7f03817e1bdf"},"headline":"Advierten que se reportan un promedio de cinco incendios diarios en Santo Tom\u00e9 y alrededores","datePublished":"2025-01-06T19:36:27+00:00","dateModified":"2025-01-06T20:06:38+00:00","mainEntityOfPage":{"@id":"https:\/\/digitalsantotome.com.ar\/?p=9366"},"wordCount":471,"publisher":{"@id":"https:\/\/digitalsantotome.com.ar\/#organization"},"image":{"@id":"https:\/\/digitalsantotome.com.ar\/?p=9366#primaryimage"},"thumbnailUrl":"https:\/\/digitalsantotome.com.ar\/wp-content\/uploads\/2025\/01\/IMG-20250106-WA0040.jpg","articleSection":["Locales"],"inLanguage":"es"},{"@type":"WebPage","@id":"https:\/\/digitalsantotome.com.ar\/?p=9366","url":"https:\/\/digitalsantotome.com.ar\/?p=9366","name":"Advierten que se reportan un promedio de cinco incendios diarios en Santo Tom\u00e9 y alrededores - Digital Santo Tom\u00e9","isPartOf":{"@id":"https:\/\/digitalsantotome.com.ar\/#website"},"primaryImageOfPage":{"@id":"https:\/\/digitalsantotome.com.ar\/?p=9366#primaryimage"},"image":{"@id":"https:\/\/digitalsantotome.com.ar\/?p=9366#primaryimage"},"thumbnailUrl":"https:\/\/digitalsantotome.com.ar\/wp-content\/uploads\/2025\/01\/IMG-20250106-WA0040.jpg","datePublished":"2025-01-06T19:36:27+00:00","dateModified":"2025-01-06T20:06:38+00:00","breadcrumb":{"@id":"https:\/\/digitalsantotome.com.ar\/?p=9366#breadcrumb"},"inLanguage":"es","potentialAction":[{"@type":"ReadAction","target":["https:\/\/digitalsantotome.com.ar\/?p=9366"]}]},{"@type":"ImageObject","inLanguage":"es","@id":"https:\/\/digitalsantotome.com.ar\/?p=9366#primaryimage","url":"https:\/\/digitalsantotome.com.ar\/wp-content\/uploads\/2025\/01\/IMG-20250106-WA0040.jpg","contentUrl":"https:\/\/digitalsantotome.com.ar\/wp-content\/uploads\/2025\/01\/IMG-20250106-WA0040.jpg","width":720,"height":540},{"@type":"BreadcrumbList","@id":"https:\/\/digitalsantotome.com.ar\/?p=9366#breadcrumb","itemListElement":[{"@type":"ListItem","position":1,"name":"Portada","item":"https:\/\/digitalsantotome.com.ar\/"},{"@type":"ListItem","position":2,"name":"Advierten que se reportan un promedio de cinco incendios diarios en Santo Tom\u00e9 y alrededores"}]},{"@type":"WebSite","@id":"https:\/\/digitalsantotome.com.ar\/#website","url":"https:\/\/digitalsantotome.com.ar\/","name":"Digital Santo Tom\u00e9","description":"Noticias desde Santo Tom\u00e9 al Mundo \u2013 La informacion que decide","publisher":{"@id":"https:\/\/digitalsantotome.com.ar\/#organization"},"potentialAction":[{"@type":"SearchAction","target":{"@type":"EntryPoint","urlTemplate":"https:\/\/digitalsantotome.com.ar\/?s={search_term_string}"},"query-input":{"@type":"PropertyValueSpecification","valueRequired":true,"valueName":"search_term_string"}}],"inLanguage":"es"},{"@type":"Organization","@id":"https:\/\/digitalsantotome.com.ar\/#organization","name":"Digital Santo Tom\u00e9","url":"https:\/\/digitalsantotome.com.ar\/","logo":{"@type":"ImageObject","inLanguage":"es","@id":"https:\/\/digitalsantotome.com.ar\/#\/schema\/logo\/image\/","url":"https:\/\/digitalsantotome.com.ar\/wp-content\/uploads\/2023\/01\/facebook.jpg","contentUrl":"https:\/\/digitalsantotome.com.ar\/wp-content\/uploads\/2023\/01\/facebook.jpg","width":512,"height":376,"caption":"Digital Santo Tom\u00e9"},"image":{"@id":"https:\/\/digitalsantotome.com.ar\/#\/schema\/logo\/image\/"}},{"@type":"Person","@id":"https:\/\/digitalsantotome.com.ar\/#\/schema\/person\/8991d8822886fedd92ce7f03817e1bdf","name":"Jose Carlos Machado","url":"https:\/\/digitalsantotome.com.ar\/?author=2"}]}},"_links":{"self":[{"href":"https:\/\/digitalsantotome.com.ar\/index.php?rest_route=\/wp\/v2\/posts\/9366","targetHints":{"allow":["GET"]}}],"collection":[{"href":"https:\/\/digitalsantotome.com.ar\/index.php?rest_route=\/wp\/v2\/posts"}],"about":[{"href":"https:\/\/digitalsantotome.com.ar\/index.php?rest_route=\/wp\/v2\/types\/post"}],"author":[{"embeddable":true,"href":"https:\/\/digitalsantotome.com.ar\/index.php?rest_route=\/wp\/v2\/users\/2"}],"replies":[{"embeddable":true,"href":"https:\/\/digitalsantotome.com.ar\/index.php?rest_route=%2Fwp%2Fv2%2Fcomments&post=9366"}],"version-history":[{"count":1,"href":"https:\/\/digitalsantotome.com.ar\/index.php?rest_route=\/wp\/v2\/posts\/9366\/revisions"}],"predecessor-version":[{"id":9371,"href":"https:\/\/digitalsantotome.com.ar\/index.php?rest_route=\/wp\/v2\/posts\/9366\/revisions\/9371"}],"wp:featuredmedia":[{"embeddable":true,"href":"https:\/\/digitalsantotome.com.ar\/index.php?rest_route=\/wp\/v2\/media\/9367"}],"wp:attachment":[{"href":"https:\/\/digitalsantotome.com.ar\/index.php?rest_route=%2Fwp%2Fv2%2Fmedia&parent=9366"}],"wp:term":[{"taxonomy":"category","embeddable":true,"href":"https:\/\/digitalsantotome.com.ar\/index.php?rest_route=%2Fwp%2Fv2%2Fcategories&post=9366"},{"taxonomy":"post_tag","embeddable":true,"href":"https:\/\/digitalsantotome.com.ar\/index.php?rest_route=%2Fwp%2Fv2%2Ftags&post=9366"}],"curies":[{"name":"wp","href":"https:\/\/api.w.org\/{rel}","templated":true}]}}