{"id":9386,"date":"2025-01-08T16:39:21","date_gmt":"2025-01-08T19:39:21","guid":{"rendered":"https:\/\/digitalsantotome.com.ar\/?p=9386"},"modified":"2025-01-09T11:52:57","modified_gmt":"2025-01-09T14:52:57","slug":"incendio-en-la-reserva-taji-poty-de-santo-tome-investigan-si-el-origen-son-intencionales","status":"publish","type":"post","link":"https:\/\/digitalsantotome.com.ar\/?p=9386","title":{"rendered":"Incendio en la Reserva Taji Poty de Santo Tom\u00e9: investigan si el origen fu\u00e9 intencional o  no"},"content":{"rendered":"<p>SANTO TOME. Un incendio de origen intencional afect\u00f3 en la noche del martes a la Reserva Municipal Taji Poty, en Santo Tom\u00e9, Corrientes. Seg\u00fan Ricardo Palacios, encargado de la reserva, el fuego se desat\u00f3 alrededor de las 21:30 horas y consumi\u00f3 pastizales y parte del monte. \u00abHoy voy a hacer una denuncia penal para que se investigue, interrogue y se cite a los posibles responsables\u00bb, afirm\u00f3 Palacios, quien destac\u00f3 la gravedad del incidente y la importancia de identificar a los culpables.<\/p>\n<div style=\"width: 478px;\" class=\"wp-video\"><video class=\"wp-video-shortcode\" id=\"video-9386-1\" width=\"478\" height=\"850\" preload=\"metadata\" controls=\"controls\"><source type=\"video\/mp4\" src=\"https:\/\/digitalsantotome.com.ar\/wp-content\/uploads\/2025\/01\/VID-20250108-WA0049.mp4?_=1\" \/><a href=\"https:\/\/digitalsantotome.com.ar\/wp-content\/uploads\/2025\/01\/VID-20250108-WA0049.mp4\">https:\/\/digitalsantotome.com.ar\/wp-content\/uploads\/2025\/01\/VID-20250108-WA0049.mp4<\/a><\/video><\/div>\n<p>El siniestro demand\u00f3 la actuaci\u00f3n de un equipo conjunto compuesto por Bomberos Voluntarios, Defensa Civil y personal de Vialidad Urbana de la Municipalidad de Santo Tom\u00e9. \u201cGracias a los bomberos, Defensa Civil municipal y el equipo de Vialidad Urbana municipal, siempre agradecido. Dos horas apagando, gracias a Dios tambi\u00e9n hab\u00eda un poco de humedad que ayud\u00f3 a que no sea peor\u201d, expres\u00f3 Palacios, resaltando el esfuerzo colectivo que logr\u00f3 controlar las llamas antes de que se propagaran a\u00fan m\u00e1s.<\/p>\n<p>El incidente se produce en un contexto en el que el Ministerio de Producci\u00f3n de Corrientes, a trav\u00e9s de la Secretar\u00eda de Desarrollo Foresto Industrial y la Direcci\u00f3n de Recursos Forestales, suspendi\u00f3 las autorizaciones de quemas controladas en todo el territorio provincial mediante la Disposici\u00f3n 01\/2025. Esto en aplicaci\u00f3n de la Ley Provincial N\u00b05590 y la Ley Nacional 26.562, debido a las condiciones de sequ\u00eda extrema, altas temperaturas y el riesgo elevado de incendios que afectan la regi\u00f3n. El incumplimiento de esta normativa conlleva severas sanciones legales, tal como se establece en ambas leyes.<\/p>\n<p>Palacios inst\u00f3 a la comunidad a colaborar en la prevenci\u00f3n de incendios y record\u00f3 que las quemas est\u00e1n estrictamente prohibidas. \u201cCualquier ciudadano puede hacer la denuncia an\u00f3nima si ven que est\u00e1n quemando o fuego\u00bb, reiter\u00f3. Asimismo, enfatiz\u00f3 que los incendios rurales no solo da\u00f1an los ecosistemas naturales y la infraestructura, sino que tambi\u00e9n representan un grave riesgo para la vida de los habitantes y de quienes combaten las llamas. Las autoridades ya investigan el caso y buscan reforzar medidas para evitar tragedias similares en el futuro.<\/p>\n<p><img fetchpriority=\"high\" decoding=\"async\" class=\"alignnone size-full wp-image-9389\" src=\"https:\/\/digitalsantotome.com.ar\/wp-content\/uploads\/2025\/01\/IMG-20250108-WA0045.jpg\" alt=\"\" width=\"1280\" height=\"960\" srcset=\"https:\/\/digitalsantotome.com.ar\/wp-content\/uploads\/2025\/01\/IMG-20250108-WA0045.jpg 1280w, https:\/\/digitalsantotome.com.ar\/wp-content\/uploads\/2025\/01\/IMG-20250108-WA0045-300x225.jpg 300w, https:\/\/digitalsantotome.com.ar\/wp-content\/uploads\/2025\/01\/IMG-20250108-WA0045-1024x768.jpg 1024w, https:\/\/digitalsantotome.com.ar\/wp-content\/uploads\/2025\/01\/IMG-20250108-WA0045-768x576.jpg 768w\" sizes=\"(max-width: 1280px) 100vw, 1280px\" \/><\/p>\n<p><img decoding=\"async\" class=\"alignnone size-full wp-image-9390\" src=\"https:\/\/digitalsantotome.com.ar\/wp-content\/uploads\/2025\/01\/IMG-20250108-WA0042-1.jpg\" alt=\"\" width=\"1600\" height=\"1200\" srcset=\"https:\/\/digitalsantotome.com.ar\/wp-content\/uploads\/2025\/01\/IMG-20250108-WA0042-1.jpg 1600w, https:\/\/digitalsantotome.com.ar\/wp-content\/uploads\/2025\/01\/IMG-20250108-WA0042-1-300x225.jpg 300w, https:\/\/digitalsantotome.com.ar\/wp-content\/uploads\/2025\/01\/IMG-20250108-WA0042-1-1024x768.jpg 1024w, https:\/\/digitalsantotome.com.ar\/wp-content\/uploads\/2025\/01\/IMG-20250108-WA0042-1-768x576.jpg 768w, https:\/\/digitalsantotome.com.ar\/wp-content\/uploads\/2025\/01\/IMG-20250108-WA0042-1-1536x1152.jpg 1536w\" sizes=\"(max-width: 1600px) 100vw, 1600px\" \/><\/p>\n<div style=\"width: 478px;\" class=\"wp-video\"><video class=\"wp-video-shortcode\" id=\"video-9386-2\" width=\"478\" height=\"850\" preload=\"metadata\" controls=\"controls\"><source type=\"video\/mp4\" src=\"https:\/\/digitalsantotome.com.ar\/wp-content\/uploads\/2025\/01\/VID-20250108-WA0050.mp4?_=2\" \/><a href=\"https:\/\/digitalsantotome.com.ar\/wp-content\/uploads\/2025\/01\/VID-20250108-WA0050.mp4\">https:\/\/digitalsantotome.com.ar\/wp-content\/uploads\/2025\/01\/VID-20250108-WA0050.mp4<\/a><\/video><\/div>\n","protected":false},"excerpt":{"rendered":"<p>SANTO TOME. Un incendio de origen intencional afect\u00f3 en la noche del martes a la Reserva Municipal Taji Poty, en Santo Tom\u00e9, Corrientes. Seg\u00fan Ricardo Palacios, encargado de la reserva, el fuego se desat\u00f3 alrededor de las 21:30 horas y consumi\u00f3 pastizales y parte del monte. \u00abHoy voy a hacer una denuncia penal para que&#8230;<\/p>\n","protected":false},"author":2,"featured_media":9387,"comment_status":"closed","ping_status":"closed","sticky":false,"template":"","format":"standard","meta":{"_kad_post_transparent":"default","_kad_post_title":"default","_kad_post_layout":"default","_kad_post_sidebar_id":"","_kad_post_content_style":"default","_kad_post_vertical_padding":"default","_kad_post_feature":"","_kad_post_feature_position":"","_kad_post_header":false,"_kad_post_footer":false,"_kad_post_classname":"","footnotes":""},"categories":[1],"tags":[],"class_list":["post-9386","post","type-post","status-publish","format-standard","has-post-thumbnail","hentry","category-locales"],"a3_pvc":{"activated":false,"total_views":0,"today_views":0},"yoast_head":"<!-- This site is optimized with the Yoast SEO plugin v27.5 - https:\/\/yoast.com\/product\/yoast-seo-wordpress\/ -->\n<title>Incendio en la Reserva Taji Poty de Santo Tom\u00e9: investigan si el origen fu\u00e9 intencional o no - Digital Santo Tom\u00e9<\/title>\n<meta name=\"robots\" content=\"index, follow, max-snippet:-1, max-image-preview:large, max-video-preview:-1\" \/>\n<link rel=\"canonical\" href=\"https:\/\/digitalsantotome.com.ar\/?p=9386\" \/>\n<meta property=\"og:locale\" content=\"es_ES\" \/>\n<meta property=\"og:type\" content=\"article\" \/>\n<meta property=\"og:title\" content=\"Incendio en la Reserva Taji Poty de Santo Tom\u00e9: investigan si el origen fu\u00e9 intencional o no - Digital Santo Tom\u00e9\" \/>\n<meta property=\"og:description\" content=\"SANTO TOME. Un incendio de origen intencional afect\u00f3 en la noche del martes a la Reserva Municipal Taji Poty, en Santo Tom\u00e9, Corrientes. Seg\u00fan Ricardo Palacios, encargado de la reserva, el fuego se desat\u00f3 alrededor de las 21:30 horas y consumi\u00f3 pastizales y parte del monte. \u00abHoy voy a hacer una denuncia penal para que...\" \/>\n<meta property=\"og:url\" content=\"https:\/\/digitalsantotome.com.ar\/?p=9386\" \/>\n<meta property=\"og:site_name\" content=\"Digital Santo Tom\u00e9\" \/>\n<meta property=\"article:published_time\" content=\"2025-01-08T19:39:21+00:00\" \/>\n<meta property=\"article:modified_time\" content=\"2025-01-09T14:52:57+00:00\" \/>\n<meta property=\"og:image\" content=\"https:\/\/digitalsantotome.com.ar\/wp-content\/uploads\/2025\/01\/IMG-20250107-WA0103.jpg\" \/>\n\t<meta property=\"og:image:width\" content=\"1280\" \/>\n\t<meta property=\"og:image:height\" content=\"960\" \/>\n\t<meta property=\"og:image:type\" content=\"image\/jpeg\" \/>\n<meta name=\"author\" content=\"Jose Carlos Machado\" \/>\n<meta name=\"twitter:card\" content=\"summary_large_image\" \/>\n<meta name=\"twitter:label1\" content=\"Escrito por\" \/>\n\t<meta name=\"twitter:data1\" content=\"Jose Carlos Machado\" \/>\n\t<meta name=\"twitter:label2\" content=\"Tiempo de lectura\" \/>\n\t<meta name=\"twitter:data2\" content=\"3 minutos\" \/>\n<script type=\"application\/ld+json\" class=\"yoast-schema-graph\">{\"@context\":\"https:\\\/\\\/schema.org\",\"@graph\":[{\"@type\":\"Article\",\"@id\":\"https:\\\/\\\/digitalsantotome.com.ar\\\/?p=9386#article\",\"isPartOf\":{\"@id\":\"https:\\\/\\\/digitalsantotome.com.ar\\\/?p=9386\"},\"author\":{\"name\":\"Jose Carlos Machado\",\"@id\":\"https:\\\/\\\/digitalsantotome.com.ar\\\/#\\\/schema\\\/person\\\/8991d8822886fedd92ce7f03817e1bdf\"},\"headline\":\"Incendio en la Reserva Taji Poty de Santo Tom\u00e9: investigan si el origen fu\u00e9 intencional o no\",\"datePublished\":\"2025-01-08T19:39:21+00:00\",\"dateModified\":\"2025-01-09T14:52:57+00:00\",\"mainEntityOfPage\":{\"@id\":\"https:\\\/\\\/digitalsantotome.com.ar\\\/?p=9386\"},\"wordCount\":402,\"publisher\":{\"@id\":\"https:\\\/\\\/digitalsantotome.com.ar\\\/#organization\"},\"image\":{\"@id\":\"https:\\\/\\\/digitalsantotome.com.ar\\\/?p=9386#primaryimage\"},\"thumbnailUrl\":\"https:\\\/\\\/digitalsantotome.com.ar\\\/wp-content\\\/uploads\\\/2025\\\/01\\\/IMG-20250107-WA0103.jpg\",\"articleSection\":[\"Locales\"],\"inLanguage\":\"es\"},{\"@type\":\"WebPage\",\"@id\":\"https:\\\/\\\/digitalsantotome.com.ar\\\/?p=9386\",\"url\":\"https:\\\/\\\/digitalsantotome.com.ar\\\/?p=9386\",\"name\":\"Incendio en la Reserva Taji Poty de Santo Tom\u00e9: investigan si el origen fu\u00e9 intencional o no - Digital Santo Tom\u00e9\",\"isPartOf\":{\"@id\":\"https:\\\/\\\/digitalsantotome.com.ar\\\/#website\"},\"primaryImageOfPage\":{\"@id\":\"https:\\\/\\\/digitalsantotome.com.ar\\\/?p=9386#primaryimage\"},\"image\":{\"@id\":\"https:\\\/\\\/digitalsantotome.com.ar\\\/?p=9386#primaryimage\"},\"thumbnailUrl\":\"https:\\\/\\\/digitalsantotome.com.ar\\\/wp-content\\\/uploads\\\/2025\\\/01\\\/IMG-20250107-WA0103.jpg\",\"datePublished\":\"2025-01-08T19:39:21+00:00\",\"dateModified\":\"2025-01-09T14:52:57+00:00\",\"breadcrumb\":{\"@id\":\"https:\\\/\\\/digitalsantotome.com.ar\\\/?p=9386#breadcrumb\"},\"inLanguage\":\"es\",\"potentialAction\":[{\"@type\":\"ReadAction\",\"target\":[\"https:\\\/\\\/digitalsantotome.com.ar\\\/?p=9386\"]}]},{\"@type\":\"ImageObject\",\"inLanguage\":\"es\",\"@id\":\"https:\\\/\\\/digitalsantotome.com.ar\\\/?p=9386#primaryimage\",\"url\":\"https:\\\/\\\/digitalsantotome.com.ar\\\/wp-content\\\/uploads\\\/2025\\\/01\\\/IMG-20250107-WA0103.jpg\",\"contentUrl\":\"https:\\\/\\\/digitalsantotome.com.ar\\\/wp-content\\\/uploads\\\/2025\\\/01\\\/IMG-20250107-WA0103.jpg\",\"width\":1280,\"height\":960},{\"@type\":\"BreadcrumbList\",\"@id\":\"https:\\\/\\\/digitalsantotome.com.ar\\\/?p=9386#breadcrumb\",\"itemListElement\":[{\"@type\":\"ListItem\",\"position\":1,\"name\":\"Portada\",\"item\":\"https:\\\/\\\/digitalsantotome.com.ar\\\/\"},{\"@type\":\"ListItem\",\"position\":2,\"name\":\"Incendio en la Reserva Taji Poty de Santo Tom\u00e9: investigan si el origen fu\u00e9 intencional o no\"}]},{\"@type\":\"WebSite\",\"@id\":\"https:\\\/\\\/digitalsantotome.com.ar\\\/#website\",\"url\":\"https:\\\/\\\/digitalsantotome.com.ar\\\/\",\"name\":\"Digital Santo Tom\u00e9\",\"description\":\"Noticias desde Santo Tom\u00e9 al Mundo \u2013 La informacion que decide\",\"publisher\":{\"@id\":\"https:\\\/\\\/digitalsantotome.com.ar\\\/#organization\"},\"potentialAction\":[{\"@type\":\"SearchAction\",\"target\":{\"@type\":\"EntryPoint\",\"urlTemplate\":\"https:\\\/\\\/digitalsantotome.com.ar\\\/?s={search_term_string}\"},\"query-input\":{\"@type\":\"PropertyValueSpecification\",\"valueRequired\":true,\"valueName\":\"search_term_string\"}}],\"inLanguage\":\"es\"},{\"@type\":\"Organization\",\"@id\":\"https:\\\/\\\/digitalsantotome.com.ar\\\/#organization\",\"name\":\"Digital Santo Tom\u00e9\",\"url\":\"https:\\\/\\\/digitalsantotome.com.ar\\\/\",\"logo\":{\"@type\":\"ImageObject\",\"inLanguage\":\"es\",\"@id\":\"https:\\\/\\\/digitalsantotome.com.ar\\\/#\\\/schema\\\/logo\\\/image\\\/\",\"url\":\"https:\\\/\\\/digitalsantotome.com.ar\\\/wp-content\\\/uploads\\\/2023\\\/01\\\/facebook.jpg\",\"contentUrl\":\"https:\\\/\\\/digitalsantotome.com.ar\\\/wp-content\\\/uploads\\\/2023\\\/01\\\/facebook.jpg\",\"width\":512,\"height\":376,\"caption\":\"Digital Santo Tom\u00e9\"},\"image\":{\"@id\":\"https:\\\/\\\/digitalsantotome.com.ar\\\/#\\\/schema\\\/logo\\\/image\\\/\"}},{\"@type\":\"Person\",\"@id\":\"https:\\\/\\\/digitalsantotome.com.ar\\\/#\\\/schema\\\/person\\\/8991d8822886fedd92ce7f03817e1bdf\",\"name\":\"Jose Carlos Machado\",\"url\":\"https:\\\/\\\/digitalsantotome.com.ar\\\/?author=2\"}]}<\/script>\n<!-- \/ Yoast SEO plugin. -->","yoast_head_json":{"title":"Incendio en la Reserva Taji Poty de Santo Tom\u00e9: investigan si el origen fu\u00e9 intencional o no - Digital Santo Tom\u00e9","robots":{"index":"index","follow":"follow","max-snippet":"max-snippet:-1","max-image-preview":"max-image-preview:large","max-video-preview":"max-video-preview:-1"},"canonical":"https:\/\/digitalsantotome.com.ar\/?p=9386","og_locale":"es_ES","og_type":"article","og_title":"Incendio en la Reserva Taji Poty de Santo Tom\u00e9: investigan si el origen fu\u00e9 intencional o no - Digital Santo Tom\u00e9","og_description":"SANTO TOME. Un incendio de origen intencional afect\u00f3 en la noche del martes a la Reserva Municipal Taji Poty, en Santo Tom\u00e9, Corrientes. Seg\u00fan Ricardo Palacios, encargado de la reserva, el fuego se desat\u00f3 alrededor de las 21:30 horas y consumi\u00f3 pastizales y parte del monte. \u00abHoy voy a hacer una denuncia penal para que...","og_url":"https:\/\/digitalsantotome.com.ar\/?p=9386","og_site_name":"Digital Santo Tom\u00e9","article_published_time":"2025-01-08T19:39:21+00:00","article_modified_time":"2025-01-09T14:52:57+00:00","og_image":[{"width":1280,"height":960,"url":"https:\/\/digitalsantotome.com.ar\/wp-content\/uploads\/2025\/01\/IMG-20250107-WA0103.jpg","type":"image\/jpeg"}],"author":"Jose Carlos Machado","twitter_card":"summary_large_image","twitter_misc":{"Escrito por":"Jose Carlos Machado","Tiempo de lectura":"3 minutos"},"schema":{"@context":"https:\/\/schema.org","@graph":[{"@type":"Article","@id":"https:\/\/digitalsantotome.com.ar\/?p=9386#article","isPartOf":{"@id":"https:\/\/digitalsantotome.com.ar\/?p=9386"},"author":{"name":"Jose Carlos Machado","@id":"https:\/\/digitalsantotome.com.ar\/#\/schema\/person\/8991d8822886fedd92ce7f03817e1bdf"},"headline":"Incendio en la Reserva Taji Poty de Santo Tom\u00e9: investigan si el origen fu\u00e9 intencional o no","datePublished":"2025-01-08T19:39:21+00:00","dateModified":"2025-01-09T14:52:57+00:00","mainEntityOfPage":{"@id":"https:\/\/digitalsantotome.com.ar\/?p=9386"},"wordCount":402,"publisher":{"@id":"https:\/\/digitalsantotome.com.ar\/#organization"},"image":{"@id":"https:\/\/digitalsantotome.com.ar\/?p=9386#primaryimage"},"thumbnailUrl":"https:\/\/digitalsantotome.com.ar\/wp-content\/uploads\/2025\/01\/IMG-20250107-WA0103.jpg","articleSection":["Locales"],"inLanguage":"es"},{"@type":"WebPage","@id":"https:\/\/digitalsantotome.com.ar\/?p=9386","url":"https:\/\/digitalsantotome.com.ar\/?p=9386","name":"Incendio en la Reserva Taji Poty de Santo Tom\u00e9: investigan si el origen fu\u00e9 intencional o no - Digital Santo Tom\u00e9","isPartOf":{"@id":"https:\/\/digitalsantotome.com.ar\/#website"},"primaryImageOfPage":{"@id":"https:\/\/digitalsantotome.com.ar\/?p=9386#primaryimage"},"image":{"@id":"https:\/\/digitalsantotome.com.ar\/?p=9386#primaryimage"},"thumbnailUrl":"https:\/\/digitalsantotome.com.ar\/wp-content\/uploads\/2025\/01\/IMG-20250107-WA0103.jpg","datePublished":"2025-01-08T19:39:21+00:00","dateModified":"2025-01-09T14:52:57+00:00","breadcrumb":{"@id":"https:\/\/digitalsantotome.com.ar\/?p=9386#breadcrumb"},"inLanguage":"es","potentialAction":[{"@type":"ReadAction","target":["https:\/\/digitalsantotome.com.ar\/?p=9386"]}]},{"@type":"ImageObject","inLanguage":"es","@id":"https:\/\/digitalsantotome.com.ar\/?p=9386#primaryimage","url":"https:\/\/digitalsantotome.com.ar\/wp-content\/uploads\/2025\/01\/IMG-20250107-WA0103.jpg","contentUrl":"https:\/\/digitalsantotome.com.ar\/wp-content\/uploads\/2025\/01\/IMG-20250107-WA0103.jpg","width":1280,"height":960},{"@type":"BreadcrumbList","@id":"https:\/\/digitalsantotome.com.ar\/?p=9386#breadcrumb","itemListElement":[{"@type":"ListItem","position":1,"name":"Portada","item":"https:\/\/digitalsantotome.com.ar\/"},{"@type":"ListItem","position":2,"name":"Incendio en la Reserva Taji Poty de Santo Tom\u00e9: investigan si el origen fu\u00e9 intencional o no"}]},{"@type":"WebSite","@id":"https:\/\/digitalsantotome.com.ar\/#website","url":"https:\/\/digitalsantotome.com.ar\/","name":"Digital Santo Tom\u00e9","description":"Noticias desde Santo Tom\u00e9 al Mundo \u2013 La informacion que decide","publisher":{"@id":"https:\/\/digitalsantotome.com.ar\/#organization"},"potentialAction":[{"@type":"SearchAction","target":{"@type":"EntryPoint","urlTemplate":"https:\/\/digitalsantotome.com.ar\/?s={search_term_string}"},"query-input":{"@type":"PropertyValueSpecification","valueRequired":true,"valueName":"search_term_string"}}],"inLanguage":"es"},{"@type":"Organization","@id":"https:\/\/digitalsantotome.com.ar\/#organization","name":"Digital Santo Tom\u00e9","url":"https:\/\/digitalsantotome.com.ar\/","logo":{"@type":"ImageObject","inLanguage":"es","@id":"https:\/\/digitalsantotome.com.ar\/#\/schema\/logo\/image\/","url":"https:\/\/digitalsantotome.com.ar\/wp-content\/uploads\/2023\/01\/facebook.jpg","contentUrl":"https:\/\/digitalsantotome.com.ar\/wp-content\/uploads\/2023\/01\/facebook.jpg","width":512,"height":376,"caption":"Digital Santo Tom\u00e9"},"image":{"@id":"https:\/\/digitalsantotome.com.ar\/#\/schema\/logo\/image\/"}},{"@type":"Person","@id":"https:\/\/digitalsantotome.com.ar\/#\/schema\/person\/8991d8822886fedd92ce7f03817e1bdf","name":"Jose Carlos Machado","url":"https:\/\/digitalsantotome.com.ar\/?author=2"}]}},"_links":{"self":[{"href":"https:\/\/digitalsantotome.com.ar\/index.php?rest_route=\/wp\/v2\/posts\/9386","targetHints":{"allow":["GET"]}}],"collection":[{"href":"https:\/\/digitalsantotome.com.ar\/index.php?rest_route=\/wp\/v2\/posts"}],"about":[{"href":"https:\/\/digitalsantotome.com.ar\/index.php?rest_route=\/wp\/v2\/types\/post"}],"author":[{"embeddable":true,"href":"https:\/\/digitalsantotome.com.ar\/index.php?rest_route=\/wp\/v2\/users\/2"}],"replies":[{"embeddable":true,"href":"https:\/\/digitalsantotome.com.ar\/index.php?rest_route=%2Fwp%2Fv2%2Fcomments&post=9386"}],"version-history":[{"count":2,"href":"https:\/\/digitalsantotome.com.ar\/index.php?rest_route=\/wp\/v2\/posts\/9386\/revisions"}],"predecessor-version":[{"id":9393,"href":"https:\/\/digitalsantotome.com.ar\/index.php?rest_route=\/wp\/v2\/posts\/9386\/revisions\/9393"}],"wp:featuredmedia":[{"embeddable":true,"href":"https:\/\/digitalsantotome.com.ar\/index.php?rest_route=\/wp\/v2\/media\/9387"}],"wp:attachment":[{"href":"https:\/\/digitalsantotome.com.ar\/index.php?rest_route=%2Fwp%2Fv2%2Fmedia&parent=9386"}],"wp:term":[{"taxonomy":"category","embeddable":true,"href":"https:\/\/digitalsantotome.com.ar\/index.php?rest_route=%2Fwp%2Fv2%2Fcategories&post=9386"},{"taxonomy":"post_tag","embeddable":true,"href":"https:\/\/digitalsantotome.com.ar\/index.php?rest_route=%2Fwp%2Fv2%2Ftags&post=9386"}],"curies":[{"name":"wp","href":"https:\/\/api.w.org\/{rel}","templated":true}]}}